{"id":198407,"date":"2025-03-17T05:10:20","date_gmt":"2025-03-17T09:10:20","guid":{"rendered":"https:\/\/mspontocom.com.br\/site\/?p=198407"},"modified":"2025-03-17T07:47:07","modified_gmt":"2025-03-17T11:47:07","slug":"bonito-sedia-feira-internacional-de-destinos-inteligentes","status":"publish","type":"post","link":"https:\/\/mspontocom.com.br\/site\/bonito-sedia-feira-internacional-de-destinos-inteligentes\/","title":{"rendered":"Bonito sedia Feira Internacional de Destinos Inteligentes"},"content":{"rendered":"<p style=\"text-align: justify;\"><img loading=\"lazy\" class=\"alignnone size-full wp-image-198416\" src=\"https:\/\/mspontocom.com.br\/site\/wp-content\/uploads\/2025\/03\/site-bonito-sedia-feira-internacional-de-destinos-inteligentes-2025-bonito.jpg\" alt=\"\" width=\"730\" height=\"480\" srcset=\"https:\/\/mspontocom.com.br\/site\/wp-content\/uploads\/2025\/03\/site-bonito-sedia-feira-internacional-de-destinos-inteligentes-2025-bonito.jpg 730w, https:\/\/mspontocom.com.br\/site\/wp-content\/uploads\/2025\/03\/site-bonito-sedia-feira-internacional-de-destinos-inteligentes-2025-bonito-260x171.jpg 260w\" sizes=\"(max-width: 730px) 100vw, 730px\" \/>A cidade de <strong>Bonito<\/strong>, refer\u00eancia mundial em ecoturismo, ser\u00e1 sede da terceira edi\u00e7\u00e3o da <strong>Feira Internacional de Destinos Inteligentes (FIDI) em 2025.<\/strong><\/p>\n<p style=\"text-align: justify;\">O evento acontece de 19 a 22 de mar\u00e7o e reunir\u00e1 profissionais do setor tur\u00edstico, empres\u00e1rios, gestores p\u00fablicos e estudantes para debater inova\u00e7\u00e3o, sustentabilidade e tecnologia no turismo.<\/p>\n<p style=\"text-align: justify;\">Mais do que uma feira, a FIDI se consolida como um espa\u00e7o de capacita\u00e7\u00e3o, networking e desenvolvimento de neg\u00f3cios.<\/p>\n<p style=\"text-align: justify;\">A programa\u00e7\u00e3o inclui palestras, pain\u00e9is e exposi\u00e7\u00f5es no Centro de Conven\u00e7\u00f5es de Bonito, al\u00e9m de visitas t\u00e9cnicas para que os participantes conhe\u00e7am de perto as pr\u00e1ticas sustent\u00e1veis que fazem do destino um modelo de gest\u00e3o tur\u00edstica.<\/p>\n<p style=\"text-align: justify;\"><strong>Programa\u00e7\u00e3o<\/strong><\/p>\n<p style=\"text-align: justify;\">Saiba mais no site:\u00a0<a href=\"https:\/\/fi-di.com\/novedades-fidi2025\/\">https:\/\/fi-di.com\/novedades-fidi2025<\/a><\/p>\n<p style=\"text-align: justify;\">\n<p style=\"text-align: justify;\" align=\"justify\"><span style=\"font-family: Times New Roman, serif;\"><span style=\"font-size: medium;\"><span style=\"color: #ff0000;\">Continue em nossa companhia . Veja mais not\u00edcias em<\/span>: <span style=\"color: #0000ff;\"><u><a href=\"http:\/\/www.mspontocom.com.br\/\">www.mspontocom.com.br<\/a><\/u><\/span><\/span><\/span><\/p>\n<p style=\"text-align: justify;\" align=\"justify\"><span style=\"font-family: Times New Roman, serif;\"><span style=\"font-size: medium;\">Instagram e X:\u00a0 @mspontocom<\/span><\/span><\/p>\n<p><em>fonte:D\u00e9bora Bordin, Comunica\u00e7\u00e3o FundturMS<br \/>\nFoto: FIDI<\/em><\/p>\n","protected":false},"excerpt":{"rendered":"<p>A cidade de Bonito, refer\u00eancia mundial em ecoturismo, ser\u00e1 sede da terceira edi\u00e7\u00e3o da Feira Internacional de Destinos Inteligentes (FIDI) em 2025. O evento acontece de 19 a 22 de mar\u00e7o e reunir\u00e1 profissionais do setor tur\u00edstico, empres\u00e1rios, gestores p\u00fablicos e estudantes para debater inova\u00e7\u00e3o, sustentabilidade e tecnologia no turismo. Mais do que uma feira, [&hellip;]<\/p>\n","protected":false},"author":2,"featured_media":198416,"comment_status":"open","ping_status":"open","sticky":false,"template":"","format":"standard","meta":{"_monsterinsights_skip_tracking":false,"_monsterinsights_sitenote_active":false,"_monsterinsights_sitenote_note":"","_monsterinsights_sitenote_category":0},"categories":[74,10],"tags":[135,42749],"aioseo_notices":[],"_links":{"self":[{"href":"https:\/\/mspontocom.com.br\/site\/wp-json\/wp\/v2\/posts\/198407"}],"collection":[{"href":"https:\/\/mspontocom.com.br\/site\/wp-json\/wp\/v2\/posts"}],"about":[{"href":"https:\/\/mspontocom.com.br\/site\/wp-json\/wp\/v2\/types\/post"}],"author":[{"embeddable":true,"href":"https:\/\/mspontocom.com.br\/site\/wp-json\/wp\/v2\/users\/2"}],"replies":[{"embeddable":true,"href":"https:\/\/mspontocom.com.br\/site\/wp-json\/wp\/v2\/comments?post=198407"}],"version-history":[{"count":2,"href":"https:\/\/mspontocom.com.br\/site\/wp-json\/wp\/v2\/posts\/198407\/revisions"}],"predecessor-version":[{"id":198417,"href":"https:\/\/mspontocom.com.br\/site\/wp-json\/wp\/v2\/posts\/198407\/revisions\/198417"}],"wp:featuredmedia":[{"embeddable":true,"href":"https:\/\/mspontocom.com.br\/site\/wp-json\/wp\/v2\/media\/198416"}],"wp:attachment":[{"href":"https:\/\/mspontocom.com.br\/site\/wp-json\/wp\/v2\/media?parent=198407"}],"wp:term":[{"taxonomy":"category","embeddable":true,"href":"https:\/\/mspontocom.com.br\/site\/wp-json\/wp\/v2\/categories?post=198407"},{"taxonomy":"post_tag","embeddable":true,"href":"https:\/\/mspontocom.com.br\/site\/wp-json\/wp\/v2\/tags?post=198407"}],"curies":[{"name":"wp","href":"https:\/\/api.w.org\/{rel}","templated":true}]}}