{"id":198411,"date":"2025-03-17T04:31:03","date_gmt":"2025-03-17T08:31:03","guid":{"rendered":"https:\/\/mspontocom.com.br\/site\/?p=198411"},"modified":"2025-03-17T06:41:53","modified_gmt":"2025-03-17T10:41:53","slug":"inscricoes-abertas-entidade-global-fara-teste-para-identificar-super-inteligentes-em-campo-grande","status":"publish","type":"post","link":"https:\/\/mspontocom.com.br\/site\/inscricoes-abertas-entidade-global-fara-teste-para-identificar-super-inteligentes-em-campo-grande\/","title":{"rendered":"Inscri\u00e7\u00f5es Abertas: Entidade global far\u00e1 teste para identificar &#8220;super inteligentes&#8221; em Campo Grande"},"content":{"rendered":"<p style=\"text-align: justify;\"><img loading=\"lazy\" class=\"alignnone size-full wp-image-198412\" src=\"https:\/\/mspontocom.com.br\/site\/wp-content\/uploads\/2025\/03\/site-entidade-global-fara-teste-para-identificar-super-inteligentes-em-campo-grande-mensa.jpg\" alt=\"\" width=\"760\" height=\"443\" srcset=\"https:\/\/mspontocom.com.br\/site\/wp-content\/uploads\/2025\/03\/site-entidade-global-fara-teste-para-identificar-super-inteligentes-em-campo-grande-mensa.jpg 760w, https:\/\/mspontocom.com.br\/site\/wp-content\/uploads\/2025\/03\/site-entidade-global-fara-teste-para-identificar-super-inteligentes-em-campo-grande-mensa-260x152.jpg 260w\" sizes=\"(max-width: 760px) 100vw, 760px\" \/>A Associa\u00e7\u00e3o Mensa Brasil, entidade que re\u00fane pessoas com altas capacidades intelectuais no Pa\u00eds e representante oficial da Mensa Internacional, principal <strong>organiza\u00e7\u00e3o de alto QI do mundo<\/strong>, acaba de anunciar a calend\u00e1rio de mar\u00e7o para a realiza\u00e7\u00e3o dos testes coletivos para identificar pessoas com intelig\u00eancia muito acima da m\u00e9dia, popularmente chamadas de <strong>\u201csuperinteligentes\u201d. <\/strong><\/p>\n<p style=\"text-align: justify;\">No total, ser\u00e3o 21 cidades contempladas, de 13 estados, neste m\u00eas.<\/p>\n<p style=\"text-align: justify;\">Os exames s\u00e3o destinados \u00e0s pessoas com 17 anos ou mais e que estejam cursando ou que tenham cursado o ensino superior, ainda que incompleto.<\/p>\n<p style=\"text-align: justify;\">O local e hor\u00e1rio s\u00e3o informados de maneira individual e privada aos inscritos.<\/p>\n<p style=\"text-align: justify;\">Atualmente, a associa\u00e7\u00e3o possui cerca de 4,5 mil brasileiros com superdota\u00e7\u00e3o\/altas habilidades identificados no territ\u00f3rio nacional.<\/p>\n<p style=\"text-align: justify;\">Em Campo Grande o teste ser\u00e1 realizado em 29 de mar\u00e7o.<\/p>\n<p style=\"text-align: justify;\"><strong>Para inscri\u00e7\u00f5es, acesse o website:\u00a0<\/strong><a href=\"http:\/\/www.mensa.org.br\/\" target=\"_blank\" rel=\"noopener\" data-saferedirecturl=\"https:\/\/www.google.com\/url?q=http:\/\/www.mensa.org.br\/&amp;source=gmail&amp;ust=1742292987262000&amp;usg=AOvVaw208I5hnMu00Rgi1MAVhD0t\"><strong>http:\/\/www.mensa.org.br\/<\/strong><\/a><\/p>\n<p>&nbsp;<\/p>\n<p><span style=\"font-size: 14pt;\"><strong>Sobre a Associa\u00e7\u00e3o Mensa Brasil<\/strong><\/span><\/p>\n<p>Fundada em 2002, a Associa\u00e7\u00e3o Mensa Brasil \u00e9 a\u00a0<a>afiliada brasileira oficial da Mensa Internacional, a maior, mais antiga e mais prestigiada organiza\u00e7\u00e3o de superdotados do mundo<\/a>. A Mensa Brasil coordena, representa e mobiliza seus associados, com foco em tr\u00eas objetivos principais: (i) identificar e promover a intelig\u00eancia humana em benef\u00edcio da humanidade; (ii) estimular pesquisas sobre a natureza, caracter\u00edsticas e usos da intelig\u00eancia; e (iii) prover um ambiente intelectual e socialmente estimulante para seus associados.<\/p>\n<p><span style=\"font-size: 14pt;\"><strong>Sobre a Mensa Internacional<\/strong><\/span><\/p>\n<p>Fundada em 1946, no Reino Unido, a Mensa Internacional \u00e9 a maior, mais antiga e mais prestigiada organiza\u00e7\u00e3o de superdotados no mundo. Ela congrega pessoas com altas capacidades intelectuais, tendo como \u00fanico requisito de ingresso possuir QI acima de 98% da popula\u00e7\u00e3o em geral, comprovado por teste de intelig\u00eancia. Trata-se de uma entidade organizada por volunt\u00e1rios que conecta indiv\u00edduos superdotados e prov\u00ea oportunidades e ambientes enriquecedores em torno de pesquisas sobre intelig\u00eancia, troca de conhecimento e experi\u00eancias e engajamento comunit\u00e1rio.<\/p>\n<p align=\"justify\"><span style=\"font-family: Times New Roman, serif;\"><span style=\"font-size: medium;\"><span style=\"color: #ff0000;\">Continue em nossa companhia . Veja mais not\u00edcias em:<\/span> <span style=\"color: #0000ff;\"><u><a href=\"http:\/\/www.mspontocom.com.br\/\">www.mspontocom.com.br<\/a><\/u><\/span><\/span><\/span><\/p>\n<p align=\"justify\"><span style=\"font-family: Times New Roman, serif;\"><span style=\"font-size: medium;\">Instagram e X:\u00a0 @mspontocom<\/span><\/span><\/p>\n","protected":false},"excerpt":{"rendered":"<p>A Associa\u00e7\u00e3o Mensa Brasil, entidade que re\u00fane pessoas com altas capacidades intelectuais no Pa\u00eds e representante oficial da Mensa Internacional, principal organiza\u00e7\u00e3o de alto QI do mundo, acaba de anunciar a calend\u00e1rio de mar\u00e7o para a realiza\u00e7\u00e3o dos testes coletivos para identificar pessoas com intelig\u00eancia muito acima da m\u00e9dia, popularmente chamadas de \u201csuperinteligentes\u201d. No total, [&hellip;]<\/p>\n","protected":false},"author":2,"featured_media":198412,"comment_status":"open","ping_status":"open","sticky":false,"template":"","format":"standard","meta":{"_monsterinsights_skip_tracking":false,"_monsterinsights_sitenote_active":false,"_monsterinsights_sitenote_note":"","_monsterinsights_sitenote_category":0},"categories":[4328],"tags":[123,40663,35738,40662,42747,42748],"aioseo_notices":[],"_links":{"self":[{"href":"https:\/\/mspontocom.com.br\/site\/wp-json\/wp\/v2\/posts\/198411"}],"collection":[{"href":"https:\/\/mspontocom.com.br\/site\/wp-json\/wp\/v2\/posts"}],"about":[{"href":"https:\/\/mspontocom.com.br\/site\/wp-json\/wp\/v2\/types\/post"}],"author":[{"embeddable":true,"href":"https:\/\/mspontocom.com.br\/site\/wp-json\/wp\/v2\/users\/2"}],"replies":[{"embeddable":true,"href":"https:\/\/mspontocom.com.br\/site\/wp-json\/wp\/v2\/comments?post=198411"}],"version-history":[{"count":1,"href":"https:\/\/mspontocom.com.br\/site\/wp-json\/wp\/v2\/posts\/198411\/revisions"}],"predecessor-version":[{"id":198413,"href":"https:\/\/mspontocom.com.br\/site\/wp-json\/wp\/v2\/posts\/198411\/revisions\/198413"}],"wp:featuredmedia":[{"embeddable":true,"href":"https:\/\/mspontocom.com.br\/site\/wp-json\/wp\/v2\/media\/198412"}],"wp:attachment":[{"href":"https:\/\/mspontocom.com.br\/site\/wp-json\/wp\/v2\/media?parent=198411"}],"wp:term":[{"taxonomy":"category","embeddable":true,"href":"https:\/\/mspontocom.com.br\/site\/wp-json\/wp\/v2\/categories?post=198411"},{"taxonomy":"post_tag","embeddable":true,"href":"https:\/\/mspontocom.com.br\/site\/wp-json\/wp\/v2\/tags?post=198411"}],"curies":[{"name":"wp","href":"https:\/\/api.w.org\/{rel}","templated":true}]}}