{"id":198722,"date":"2025-04-25T04:56:41","date_gmt":"2025-04-25T08:56:41","guid":{"rendered":"https:\/\/mspontocom.com.br\/site\/?p=198722"},"modified":"2025-04-25T13:20:17","modified_gmt":"2025-04-25T17:20:17","slug":"campo-grande-vai-sediar-conferencia-internacional-cop15","status":"publish","type":"post","link":"https:\/\/mspontocom.com.br\/site\/campo-grande-vai-sediar-conferencia-internacional-cop15\/","title":{"rendered":"Campo Grande vai sediar confer\u00eancia internacional COP15"},"content":{"rendered":"<p style=\"text-align: justify;\"><img loading=\"lazy\" class=\"alignnone size-full wp-image-198724\" src=\"https:\/\/mspontocom.com.br\/site\/wp-content\/uploads\/2025\/03\/site-campo-grande-vai-sediar-conferencia-internacional-cop15-campograndecidade.jpg\" alt=\"\" width=\"745\" height=\"345\" srcset=\"https:\/\/mspontocom.com.br\/site\/wp-content\/uploads\/2025\/03\/site-campo-grande-vai-sediar-conferencia-internacional-cop15-campograndecidade.jpg 745w, https:\/\/mspontocom.com.br\/site\/wp-content\/uploads\/2025\/03\/site-campo-grande-vai-sediar-conferencia-internacional-cop15-campograndecidade-260x120.jpg 260w\" sizes=\"(max-width: 745px) 100vw, 745px\" \/>A 15\u00aa Reuni\u00e3o da Confer\u00eancia das Partes<strong> (COP15)<\/strong> da Conven\u00e7\u00e3o sobre a Conserva\u00e7\u00e3o de Esp\u00e9cies Migrat\u00f3rias de Animais Silvestres (CMS) ser\u00e1 realizada de <strong>23 a 29 de mar\u00e7o de 2026, em Campo Grande (MS). <\/strong><\/p>\n<p style=\"text-align: justify;\">O an\u00fancio foi feito pelo governo brasileiro e o Secretariado da CMS e comunicado oficialmente ao Governo do Estado pelo ministro substituto do Meio Ambiente e Mudan\u00e7a do Clima, Jo\u00e3o Paulo Capobianco ao governador Eduardo Riedel.<\/p>\n<p style=\"text-align: justify;\">A COP15 \u00e9 um evento multilateral considerado crucial para a prote\u00e7\u00e3o da fauna migrat\u00f3ria global e<strong> reunir\u00e1 governos, cientistas, povos ind\u00edgenas, comunidades tradicionais e organiza\u00e7\u00f5es da sociedade civil<\/strong> para debater desafios urgentes da conserva\u00e7\u00e3o das esp\u00e9cies migrat\u00f3rias e seus habitats, que enfrentam amea\u00e7as crescentes devido \u00e0 atividade humana e \u00e0s mudan\u00e7as clim\u00e1ticas.<\/p>\n<p style=\"text-align: justify;\"><span style=\"font-size: 18pt;\"><strong>Expectativas para a COP15<\/strong><\/span><\/p>\n<p style=\"text-align: justify;\">Durante a COP15, as discuss\u00f5es devem girar em torno dos seguintes temas:<\/p>\n<p style=\"text-align: justify;\">&#8211; Compromissos pol\u00edticos globais: ado\u00e7\u00e3o de declara\u00e7\u00f5es ministeriais refor\u00e7ando o compromisso internacional com a conserva\u00e7\u00e3o das esp\u00e9cies migrat\u00f3rias.<\/p>\n<p style=\"text-align: justify;\">&#8211; Inclus\u00e3o de novas esp\u00e9cies na CMS: revis\u00e3o e aprova\u00e7\u00e3o de propostas para ampliar a lista de esp\u00e9cies protegidas.<\/p>\n<p style=\"text-align: justify;\">&#8211; Medidas contra a ca\u00e7a e explora\u00e7\u00e3o ilegal: fortalecimento de pol\u00edticas para combater a captura e o com\u00e9rcio ilegal de esp\u00e9cies migrat\u00f3rias.<\/p>\n<p style=\"text-align: justify;\">&#8211; Preserva\u00e7\u00e3o de corredores ecol\u00f3gicos: iniciativas para garantir a conectividade entre os habitats migrat\u00f3rios essenciais.<\/p>\n<p style=\"text-align: justify;\">&#8211; Amplia\u00e7\u00e3o do Plano Estrat\u00e9gico de Samarcanda (2024\u20132032): avalia\u00e7\u00e3o de avan\u00e7os e defini\u00e7\u00e3o de novas metas para a pr\u00f3xima d\u00e9cada.<\/p>\n<p style=\"text-align: justify;\">&#8211; Expans\u00e3o de iniciativas de conserva\u00e7\u00e3o: fortalecimento de programas como a Iniciativa da CMS para a Conserva\u00e7\u00e3o da On\u00e7a-Pintada (CMS Jaguar Initiative).<\/p>\n<p style=\"text-align: justify;\">&#8211; Coopera\u00e7\u00e3o internacional: articula\u00e7\u00e3o com outras conven\u00e7\u00f5es ambientais, como a CITES, a Conven\u00e7\u00e3o sobre Diversidade Biol\u00f3gica (CDB) e a Conven\u00e7\u00e3o de Ramsar.<\/p>\n<p style=\"text-align: justify;\" align=\"justify\"><span style=\"font-family: Times New Roman, serif;\"><span style=\"font-size: medium;\"><span style=\"color: #ff0000;\">Continue em nossa companhia . Veja mais not\u00edcias em:<\/span> <span style=\"color: #0000ff;\"><u><a href=\"http:\/\/www.mspontocom.com.br\/\">www.mspontocom.com.br<\/a><\/u><\/span><\/span><\/span><\/p>\n<p style=\"text-align: justify;\" align=\"justify\"><span style=\"font-family: Times New Roman, serif;\"><span style=\"font-size: medium;\">Instagram e X:\u00a0 @mspontocom<\/span><\/span><\/p>\n<p style=\"text-align: justify;\"><em>fonte: Comunica\u00e7\u00e3o Semadesc<\/em><\/p>\n<p style=\"text-align: justify;\">foto: Flavio Andre de Souza-Mtur<\/p>\n","protected":false},"excerpt":{"rendered":"<p>A 15\u00aa Reuni\u00e3o da Confer\u00eancia das Partes (COP15) da Conven\u00e7\u00e3o sobre a Conserva\u00e7\u00e3o de Esp\u00e9cies Migrat\u00f3rias de Animais Silvestres (CMS) ser\u00e1 realizada de 23 a 29 de mar\u00e7o de 2026, em Campo Grande (MS). O an\u00fancio foi feito pelo governo brasileiro e o Secretariado da CMS e comunicado oficialmente ao Governo do Estado pelo ministro [&hellip;]<\/p>\n","protected":false},"author":2,"featured_media":198724,"comment_status":"open","ping_status":"open","sticky":false,"template":"","format":"standard","meta":{"_monsterinsights_skip_tracking":false,"_monsterinsights_sitenote_active":false,"_monsterinsights_sitenote_note":"","_monsterinsights_sitenote_category":0},"categories":[4328],"tags":[123,14791,42794,24701],"aioseo_notices":[],"_links":{"self":[{"href":"https:\/\/mspontocom.com.br\/site\/wp-json\/wp\/v2\/posts\/198722"}],"collection":[{"href":"https:\/\/mspontocom.com.br\/site\/wp-json\/wp\/v2\/posts"}],"about":[{"href":"https:\/\/mspontocom.com.br\/site\/wp-json\/wp\/v2\/types\/post"}],"author":[{"embeddable":true,"href":"https:\/\/mspontocom.com.br\/site\/wp-json\/wp\/v2\/users\/2"}],"replies":[{"embeddable":true,"href":"https:\/\/mspontocom.com.br\/site\/wp-json\/wp\/v2\/comments?post=198722"}],"version-history":[{"count":1,"href":"https:\/\/mspontocom.com.br\/site\/wp-json\/wp\/v2\/posts\/198722\/revisions"}],"predecessor-version":[{"id":198725,"href":"https:\/\/mspontocom.com.br\/site\/wp-json\/wp\/v2\/posts\/198722\/revisions\/198725"}],"wp:featuredmedia":[{"embeddable":true,"href":"https:\/\/mspontocom.com.br\/site\/wp-json\/wp\/v2\/media\/198724"}],"wp:attachment":[{"href":"https:\/\/mspontocom.com.br\/site\/wp-json\/wp\/v2\/media?parent=198722"}],"wp:term":[{"taxonomy":"category","embeddable":true,"href":"https:\/\/mspontocom.com.br\/site\/wp-json\/wp\/v2\/categories?post=198722"},{"taxonomy":"post_tag","embeddable":true,"href":"https:\/\/mspontocom.com.br\/site\/wp-json\/wp\/v2\/tags?post=198722"}],"curies":[{"name":"wp","href":"https:\/\/api.w.org\/{rel}","templated":true}]}}