{"id":199049,"date":"2025-04-11T04:57:30","date_gmt":"2025-04-11T08:57:30","guid":{"rendered":"https:\/\/mspontocom.com.br\/site\/?p=199049"},"modified":"2025-04-11T13:03:02","modified_gmt":"2025-04-11T17:03:02","slug":"aguas-guariroba-e-destaque-na-iii-jornada-de-pesquisa-e-tecnologias","status":"publish","type":"post","link":"https:\/\/mspontocom.com.br\/site\/aguas-guariroba-e-destaque-na-iii-jornada-de-pesquisa-e-tecnologias\/","title":{"rendered":"\u00c1guas Guariroba \u00e9 destaque na III Jornada de Pesquisa e Tecnologias"},"content":{"rendered":"<div style=\"text-align: justify;\"><img loading=\"lazy\" class=\"alignnone size-full wp-image-199055\" src=\"http:\/\/mspontocom.com.br\/site\/wp-content\/uploads\/2025\/04\/site-aguas-guariroba-e-destaque-na-iii-jornada-de-pesquisa-e-tecnologias-aguas-guariroba-1.jpg\" alt=\"\" width=\"660\" height=\"440\" srcset=\"https:\/\/mspontocom.com.br\/site\/wp-content\/uploads\/2025\/04\/site-aguas-guariroba-e-destaque-na-iii-jornada-de-pesquisa-e-tecnologias-aguas-guariroba-1.jpg 660w, https:\/\/mspontocom.com.br\/site\/wp-content\/uploads\/2025\/04\/site-aguas-guariroba-e-destaque-na-iii-jornada-de-pesquisa-e-tecnologias-aguas-guariroba-1-260x173.jpg 260w\" sizes=\"(max-width: 660px) 100vw, 660px\" \/>Pr\u00e1ticas sustent\u00e1veis da \u00c1guas Guariroba s\u00e3o destaque em painel \u201cEconomia Verde: Modelos e Pr\u00e1ticas de ESG\u201d durante a III Jornada de Pesquisa e Tecnologias realizada no Bioparque Pantanal.<\/div>\n<div style=\"text-align: justify;\"><\/div>\n<div style=\"text-align: justify;\">O gerente de Meio Ambiente e Qualidade da concession\u00e1ria, Fernando Garayo, foi um palestrante convidado a integrar o painel de especialistas da \u00e1rea.<\/div>\n<div style=\"text-align: justify;\"><\/div>\n<div style=\"text-align: justify;\">ESG \u00e9 uma sigla que representa as palavras Environment (Ambiente), Social (Social) e Governance (Governan\u00e7a).<\/div>\n<div style=\"text-align: justify;\"><\/div>\n<div style=\"text-align: justify;\">Trata-se de um conjunto de crit\u00e9rios utilizados para avaliar o desempenho de uma empresa ou organiza\u00e7\u00e3o em termos ambientais, sociais e de governan\u00e7a.<\/div>\n<div style=\"text-align: justify;\"><\/div>\n<blockquote>\n<div><em>\u201cA ado\u00e7\u00e3o de pr\u00e1ticas de ESG \u00e9 fundamental para o desenvolvimento sustent\u00e1vel das empresas e para o impacto positivo que elas podem gerar na sociedade. Na \u00c1guas Guariroba, entendemos que a responsabilidade corporativa vai al\u00e9m do simples cumprimento das normas. Ela est\u00e1 ligada diretamente \u00e0 nossa capacidade de promover um futuro mais equilibrado e justo, tanto para as gera\u00e7\u00f5es atuais quanto para as futuras\u201d, explicou Fernando Garayo, gerente de Meio Ambiente e Qualidade.<\/em><\/div>\n<\/blockquote>\n<div style=\"text-align: justify;\"><\/div>\n<div style=\"text-align: justify;\">Com o tema \u2018Conserva\u00e7\u00e3o em Tempos de Crise Clim\u00e1tica\u2019, a jornada reuniu pesquisadores, estudantes, gestores p\u00fablicos e representantes de institui\u00e7\u00f5es cient\u00edficas e tecnol\u00f3gicas para debater solu\u00e7\u00f5es sustent\u00e1veis, apresentar projetos inovadores e consolidar parcerias estrat\u00e9gicas.<\/div>\n<div style=\"text-align: justify;\"><\/div>\n<blockquote>\n<div><em>\u201cPesando no impacto da concession\u00e1ria como um todo, a \u00c1guas Guariroba tem diversas a\u00e7\u00f5es e projetos focados em atender as tr\u00eas letras do ESG, levando a mudan\u00e7a e preserva\u00e7\u00e3o para o meio ambiente e para sociedade. A\u00e7\u00f5es como o \u2018De Olho no \u00d3leo\u2019 e o Viveiro de Mudas trabalham ativamente para manter o bem-estar da natureza, enquanto o \u2018Bolha de Sab\u00e3o\u2019 promove n\u00e3o apenas a sustentabilidade como tamb\u00e9m a economia circular \u201d, explicou Fernando Garayo, gerente de Meio Ambiente e Qualidade.<\/em><\/div>\n<\/blockquote>\n<div style=\"text-align: justify;\"><\/div>\n<div style=\"text-align: justify;\"><b>ESG em A\u00e7\u00e3o<\/b><\/div>\n<div style=\"text-align: justify;\"><\/div>\n<div style=\"text-align: justify;\">Por meio do Viveiro Isaac de Oliveira, ao longo de 14 anos, mais de 600 mil mudas foram plantadas pela \u00c1guas Guariroba.<\/div>\n<div style=\"text-align: justify;\"><\/div>\n<div style=\"text-align: justify;\">Todas as mudas produzidas no viveiro s\u00e3o de esp\u00e9cies nativas do bioma Cerrado, que ocupa grande parte do territ\u00f3rio sul-mato-grossense.<\/div>\n<div style=\"text-align: justify;\"><\/div>\n<div style=\"text-align: justify;\">O Viveiro tamb\u00e9m possibilitou a concession\u00e1ria a conquista de primeira empresa de saneamento do Brasil a fazer a neutraliza\u00e7\u00e3o de carbono, chegando a mais 248 mil toneladas de carbono neutralizado da atmosfera.<\/div>\n<div style=\"text-align: justify;\"><\/div>\n<div style=\"text-align: justify;\">Ligando ao meio ambiente ao trabalho social, as a\u00e7\u00f5es irm\u00e3s \u2018De Olho no \u00d3leo\u2019 e \u2018Bolha de Sab\u00e3o\u2019 cont\u00e9m a degrada\u00e7\u00e3o do meio ambiente e promovem a economia circular.<\/div>\n<div style=\"text-align: justify;\"><\/div>\n<blockquote>\n<div><em>\u201cDesde 2011, o \u2018De Olho no \u00d3leo\u2019, a\u00e7\u00e3o realizada pelo setor de Responsabilidade Social da \u00c1guas Guariroba, se preocupa em dar um destino correto ao \u00f3leo de cozinha usado, uma vez que o \u00f3leo descartado incorretamente \u00e9 um agente causador de preju\u00edzos inestim\u00e1veis. Enquanto o projeto \u201cBolha de Sab\u00e3o\u201d surgiu a partir da coleta do \u00f3leo, ele incentiva o reuso sustent\u00e1vel do \u00f3leo de cozinha com a transforma\u00e7\u00e3o em sab\u00e3o em p\u00f3, l\u00edquido, sabonetes e produtos de limpeza em geral, por meio da capacita\u00e7\u00e3o de mulheres de baixa renda, que vivem em comunidades de Campo Grande\u201d,<\/em> explicou Jhonatan Passos, analista de Responsabilidade Social da concession\u00e1ria.<\/div>\n<\/blockquote>\n<div style=\"text-align: justify;\">A governan\u00e7a e diversidade \u00e9 outra tem\u00e1tica de relev\u00e2ncia na \u00c1guas Guariroba, uma vez que expande as perspectivas da concession\u00e1ria e integra o compromisso com justi\u00e7a e \u00e9tica.<\/div>\n<div style=\"text-align: justify;\"><\/div>\n<div style=\"text-align: justify;\">O maior destaque da organiza\u00e7\u00e3o \u00e9 o programa Respeito d\u00e1 o Tom \u00e9 uma iniciativa do Grupo Aegea, holding da concession\u00e1ria, que desde 2017 tem como objetivo diminuir a desigualdade racial no mercado de trabalho, promovendo a equidade nas oportunidades de acesso \u00e0 empresa e de crescimento profissional \u00e0queles que se autodeclaram pretos e pardos.<\/div>\n<blockquote>\n<div><\/div>\n<div><em>\u201cConstruir uma sociedade mais inclusiva come\u00e7a com a cria\u00e7\u00e3o de um ambiente de trabalho mais equilibrado, que priorize o respeito e a valoriza\u00e7\u00e3o das diversas diferen\u00e7as, promovendo uma cultura de inclus\u00e3o genu\u00edna. A governan\u00e7a corporativa desempenha um papel essencial nesse processo, ao assegurar que as pr\u00e1ticas de gest\u00e3o sejam transparentes, respons\u00e1veis e orientadas para a equidade\u201d, destacou Gabriel Buim, diretor-presidente da \u00c1guas Guariroba.<\/em><\/div>\n<\/blockquote>\n<p style=\"text-align: justify;\" align=\"justify\"><span style=\"font-family: Times New Roman, serif;\"><span style=\"font-size: medium;\"><span style=\"color: #ff0000;\">Continue em nossa companhia . Veja mais not\u00edcias em<\/span>: <span style=\"color: #0000ff;\"><u><a href=\"http:\/\/www.mspontocom.com.br\/\">www.mspontocom.com.br<\/a><\/u><\/span><\/span><\/span><\/p>\n<p style=\"text-align: justify;\" align=\"justify\"><span style=\"font-family: Times New Roman, serif;\"><span style=\"font-size: medium;\">Instagram e X:\u00a0 @mspontocom<\/span><\/span><\/p>\n","protected":false},"excerpt":{"rendered":"<p>Pr\u00e1ticas sustent\u00e1veis da \u00c1guas Guariroba s\u00e3o destaque em painel \u201cEconomia Verde: Modelos e Pr\u00e1ticas de ESG\u201d durante a III Jornada de Pesquisa e Tecnologias realizada no Bioparque Pantanal. O gerente de Meio Ambiente e Qualidade da concession\u00e1ria, Fernando Garayo, foi um palestrante convidado a integrar o painel de especialistas da \u00e1rea. ESG \u00e9 uma sigla [&hellip;]<\/p>\n","protected":false},"author":2,"featured_media":199055,"comment_status":"open","ping_status":"open","sticky":false,"template":"","format":"standard","meta":{"_monsterinsights_skip_tracking":false,"_monsterinsights_sitenote_active":false,"_monsterinsights_sitenote_note":"","_monsterinsights_sitenote_category":0},"categories":[4328],"tags":[9463],"aioseo_notices":[],"_links":{"self":[{"href":"https:\/\/mspontocom.com.br\/site\/wp-json\/wp\/v2\/posts\/199049"}],"collection":[{"href":"https:\/\/mspontocom.com.br\/site\/wp-json\/wp\/v2\/posts"}],"about":[{"href":"https:\/\/mspontocom.com.br\/site\/wp-json\/wp\/v2\/types\/post"}],"author":[{"embeddable":true,"href":"https:\/\/mspontocom.com.br\/site\/wp-json\/wp\/v2\/users\/2"}],"replies":[{"embeddable":true,"href":"https:\/\/mspontocom.com.br\/site\/wp-json\/wp\/v2\/comments?post=199049"}],"version-history":[{"count":2,"href":"https:\/\/mspontocom.com.br\/site\/wp-json\/wp\/v2\/posts\/199049\/revisions"}],"predecessor-version":[{"id":199056,"href":"https:\/\/mspontocom.com.br\/site\/wp-json\/wp\/v2\/posts\/199049\/revisions\/199056"}],"wp:featuredmedia":[{"embeddable":true,"href":"https:\/\/mspontocom.com.br\/site\/wp-json\/wp\/v2\/media\/199055"}],"wp:attachment":[{"href":"https:\/\/mspontocom.com.br\/site\/wp-json\/wp\/v2\/media?parent=199049"}],"wp:term":[{"taxonomy":"category","embeddable":true,"href":"https:\/\/mspontocom.com.br\/site\/wp-json\/wp\/v2\/categories?post=199049"},{"taxonomy":"post_tag","embeddable":true,"href":"https:\/\/mspontocom.com.br\/site\/wp-json\/wp\/v2\/tags?post=199049"}],"curies":[{"name":"wp","href":"https:\/\/api.w.org\/{rel}","templated":true}]}}