{"id":199192,"date":"2025-04-17T06:55:32","date_gmt":"2025-04-17T10:55:32","guid":{"rendered":"https:\/\/mspontocom.com.br\/site\/?p=199192"},"modified":"2025-04-17T06:55:32","modified_gmt":"2025-04-17T10:55:32","slug":"moraes-e-um-juiz-superstar-e-seu-alvo-e-a-direita-segundo-the-economist","status":"publish","type":"post","link":"https:\/\/mspontocom.com.br\/site\/moraes-e-um-juiz-superstar-e-seu-alvo-e-a-direita-segundo-the-economist\/","title":{"rendered":"Moraes \u00e9 um juiz \u201csuperstar\u201d e seu alvo \u00e9 a direita, segundo The Economist"},"content":{"rendered":"<p style=\"text-align: justify;\"><img loading=\"lazy\" class=\"alignnone size-full wp-image-199203\" src=\"http:\/\/mspontocom.com.br\/site\/wp-content\/uploads\/2025\/04\/site-moraes-e-um-juiz-superstar-e-seu-alvo-e-a-direita-segundo-the-economist-economist.jpg\" alt=\"\" width=\"686\" height=\"386\" srcset=\"https:\/\/mspontocom.com.br\/site\/wp-content\/uploads\/2025\/04\/site-moraes-e-um-juiz-superstar-e-seu-alvo-e-a-direita-segundo-the-economist-economist.jpg 686w, https:\/\/mspontocom.com.br\/site\/wp-content\/uploads\/2025\/04\/site-moraes-e-um-juiz-superstar-e-seu-alvo-e-a-direita-segundo-the-economist-economist-260x146.jpg 260w\" sizes=\"(max-width: 686px) 100vw, 686px\" \/>O ministro do STF,\u00a0<strong>Alexandre de Moraes<\/strong>, \u00e9 um juiz com \u201cpoder excessivo\u201d, e a Suprema Corte brasileira deveria exercer seus poderes com \u201cmodera\u00e7\u00e3o\u201d.<\/p>\n<p style=\"text-align: justify;\">A avalia\u00e7\u00e3o \u00e9 da revista inglesa <strong>The Economist<\/strong> em artigo publicado nesta quarta-feira.<\/p>\n<div id=\"content_post\" class=\"post-interna__content__corpo\">\n<p style=\"text-align: justify;\">Moraes \u00e9 chamado de <strong>\u201cjuiz superstar\u201d<\/strong> pela publica\u00e7\u00e3o, que considera que o STF est\u00e1 \u201csob julgamento\u201d.<\/p>\n<h2 id=\"h-o-pais-tem-historico-recente-de-lideres-corruptos\" class=\"wp-block-heading\" style=\"text-align: justify;\">O pa\u00eds tem hist\u00f3rico recente de l\u00edderes corruptos<\/h2>\n<p style=\"text-align: justify;\">Ainda que reconhe\u00e7a que a democracia brasileira tem sofrido duros golpes nos \u00faltimos vinte anos, em grande parte por culpa de l\u00edderes corruptos, o fato \u00e9 que o poder judici\u00e1rio tem desequilibrado a rela\u00e7\u00e3o entre os poderes:<\/p>\n<div id=\"content_post\" class=\"post-interna__content__corpo\">\n<div class=\"trvd-outer-main\" style=\"text-align: justify;\">\n<div class=\"trv-player-container\">\n<div class=\"trv-wrapper\">\n<div id=\"br_video_player_761dcda2cc14e12353ba9cc2627e90fe5050d47d\" class=\"trvd_video_player trvdfloater trv-right\">\n<div><\/div>\n<blockquote>\n<div>\u201c<em>A democracia brasileira tem outro problema: ju\u00edzes com poder excessivo. E nenhuma figura personifica isso melhor do que Alexandre de Moraes, que ocupa o cargo no Supremo Tribunal Federal. Seu hist\u00f3rico mostra que o Poder Judici\u00e1rio precisa ser reduzido.\u201d<\/em><\/div>\n<\/blockquote>\n<div><span style=\"font-size: 18pt;\"><strong>ALVO DE MORAES \u00c9 A DIREITA\u00a0<\/strong><\/span><\/div>\n<\/div>\n<\/div>\n<\/div>\n<\/div>\n<p style=\"text-align: justify;\">Ainda sobre Moraes, The Economist afirma que ele exerce \u201cpoderes surpreendentemente amplos, que t\u00eam como alvo predominantemente atores de direita\u201d.<\/p>\n<p style=\"text-align: justify;\" align=\"justify\"><span style=\"font-family: Times New Roman, serif;\"><span style=\"font-size: medium;\"><span style=\"color: #ff0000;\">Continue em nossa companhia . Veja mais not\u00edcias em:<\/span> <span style=\"color: #0000ff;\"><u><a href=\"http:\/\/www.mspontocom.com.br\/\">www.mspontocom.com.br<\/a><\/u><\/span><\/span><\/span><\/p>\n<p style=\"text-align: justify;\" align=\"justify\"><span style=\"font-family: Times New Roman, serif;\"><span style=\"font-size: medium;\">Instagram e X:\u00a0 @mspontocom<\/span><\/span><\/p>\n<\/div>\n<\/div>\n","protected":false},"excerpt":{"rendered":"<p>O ministro do STF,\u00a0Alexandre de Moraes, \u00e9 um juiz com \u201cpoder excessivo\u201d, e a Suprema Corte brasileira deveria exercer seus poderes com \u201cmodera\u00e7\u00e3o\u201d. A avalia\u00e7\u00e3o \u00e9 da revista inglesa The Economist em artigo publicado nesta quarta-feira. Moraes \u00e9 chamado de \u201cjuiz superstar\u201d pela publica\u00e7\u00e3o, que considera que o STF est\u00e1 \u201csob julgamento\u201d. O pa\u00eds tem [&hellip;]<\/p>\n","protected":false},"author":2,"featured_media":199203,"comment_status":"open","ping_status":"open","sticky":false,"template":"","format":"standard","meta":{"_monsterinsights_skip_tracking":false,"_monsterinsights_sitenote_active":false,"_monsterinsights_sitenote_note":"","_monsterinsights_sitenote_category":0},"categories":[30260,7,30259,12],"tags":[22789,32323,1789,35247,42883,24553],"aioseo_notices":[],"_links":{"self":[{"href":"https:\/\/mspontocom.com.br\/site\/wp-json\/wp\/v2\/posts\/199192"}],"collection":[{"href":"https:\/\/mspontocom.com.br\/site\/wp-json\/wp\/v2\/posts"}],"about":[{"href":"https:\/\/mspontocom.com.br\/site\/wp-json\/wp\/v2\/types\/post"}],"author":[{"embeddable":true,"href":"https:\/\/mspontocom.com.br\/site\/wp-json\/wp\/v2\/users\/2"}],"replies":[{"embeddable":true,"href":"https:\/\/mspontocom.com.br\/site\/wp-json\/wp\/v2\/comments?post=199192"}],"version-history":[{"count":2,"href":"https:\/\/mspontocom.com.br\/site\/wp-json\/wp\/v2\/posts\/199192\/revisions"}],"predecessor-version":[{"id":199204,"href":"https:\/\/mspontocom.com.br\/site\/wp-json\/wp\/v2\/posts\/199192\/revisions\/199204"}],"wp:featuredmedia":[{"embeddable":true,"href":"https:\/\/mspontocom.com.br\/site\/wp-json\/wp\/v2\/media\/199203"}],"wp:attachment":[{"href":"https:\/\/mspontocom.com.br\/site\/wp-json\/wp\/v2\/media?parent=199192"}],"wp:term":[{"taxonomy":"category","embeddable":true,"href":"https:\/\/mspontocom.com.br\/site\/wp-json\/wp\/v2\/categories?post=199192"},{"taxonomy":"post_tag","embeddable":true,"href":"https:\/\/mspontocom.com.br\/site\/wp-json\/wp\/v2\/tags?post=199192"}],"curies":[{"name":"wp","href":"https:\/\/api.w.org\/{rel}","templated":true}]}}