{"id":199295,"date":"2025-04-23T06:32:05","date_gmt":"2025-04-23T10:32:05","guid":{"rendered":"https:\/\/mspontocom.com.br\/site\/?p=199295"},"modified":"2025-04-23T06:32:05","modified_gmt":"2025-04-23T10:32:05","slug":"moro-convoca-ministro-de-lula-para-explicar-asilo-a-corrupta","status":"publish","type":"post","link":"https:\/\/mspontocom.com.br\/site\/moro-convoca-ministro-de-lula-para-explicar-asilo-a-corrupta\/","title":{"rendered":"Moro convoca ministro de Lula para explicar asilo \u00e0 corrupta"},"content":{"rendered":"<p style=\"text-align: justify;\"><img loading=\"lazy\" class=\"alignnone size-full wp-image-199297\" src=\"http:\/\/mspontocom.com.br\/site\/wp-content\/uploads\/2025\/04\/site-moro-convoca-ministro-de-lula-para-explicar-asilo-a-corrupta-moro-plenario.webp\" alt=\"\" width=\"1024\" height=\"683\" srcset=\"https:\/\/mspontocom.com.br\/site\/wp-content\/uploads\/2025\/04\/site-moro-convoca-ministro-de-lula-para-explicar-asilo-a-corrupta-moro-plenario.webp 1024w, https:\/\/mspontocom.com.br\/site\/wp-content\/uploads\/2025\/04\/site-moro-convoca-ministro-de-lula-para-explicar-asilo-a-corrupta-moro-plenario-260x173.webp 260w, https:\/\/mspontocom.com.br\/site\/wp-content\/uploads\/2025\/04\/site-moro-convoca-ministro-de-lula-para-explicar-asilo-a-corrupta-moro-plenario-768x512.webp 768w\" sizes=\"(max-width: 1024px) 100vw, 1024px\" \/>Em pronunciamento no Plen\u00e1rio nesta ter\u00e7a-feira (22), o senador<strong> Sergio Moro<\/strong> criticou a concess\u00e3o de asilo diplom\u00e1tico \u00e0 ex-primeira-dama do Peru Nadine Heredia condenada por lavagem de dinheiro.<\/p>\n<p style=\"text-align: justify;\">Heredia foi acusada de receber recursos ilegais da empreiteira <strong>Odebrecht<\/strong> durante o governo do marido, o ex-presidente Ollanta Humala, tamb\u00e9m condenado.<\/p>\n<p style=\"text-align: justify;\">O senador destacou que a Comiss\u00e3o de Rela\u00e7\u00f5es Exteriores (CRE) aprovou, por unanimidade, um requerimento para que o ministro das Rela\u00e7\u00f5es Exteriores, Mauro Vieira, compare\u00e7a ao colegiado e preste esclarecimentos.<\/p>\n<blockquote>\n<p style=\"text-align: justify;\"><em>&#8220;Ainda tivemos a defer\u00eancia de converter a convoca\u00e7\u00e3o em convite, mas o ministro Mauro Vieira tem muito a se explicar, porque ele escreveu uma p\u00e1gina vergonhosa na hist\u00f3ria do Itamaraty. Se recebeu ordens, deveria ter recusado&#8221;.<\/em>\u00a0 declarou Moro.<\/p>\n<\/blockquote>\n<p align=\"justify\"><span style=\"font-family: Times New Roman, serif;\"><span style=\"font-size: medium;\"><span style=\"color: #ff0000;\">Continue em nossa companhia . Veja mais not\u00edcias em:<\/span> <span style=\"color: #0000ff;\"><u><a href=\"http:\/\/www.mspontocom.com.br\/\">www.mspontocom.com.br<\/a><\/u><\/span><\/span><\/span><\/p>\n<p align=\"justify\"><span style=\"font-family: Times New Roman, serif;\"><span style=\"font-size: medium;\">Instagram e X:\u00a0 @mspontocom<\/span><\/span><\/p>\n<p>Fonte: Ag\u00eancia Senado<\/p>\n","protected":false},"excerpt":{"rendered":"<p>Em pronunciamento no Plen\u00e1rio nesta ter\u00e7a-feira (22), o senador Sergio Moro criticou a concess\u00e3o de asilo diplom\u00e1tico \u00e0 ex-primeira-dama do Peru Nadine Heredia condenada por lavagem de dinheiro. Heredia foi acusada de receber recursos ilegais da empreiteira Odebrecht durante o governo do marido, o ex-presidente Ollanta Humala, tamb\u00e9m condenado. O senador destacou que a Comiss\u00e3o [&hellip;]<\/p>\n","protected":false},"author":2,"featured_media":199297,"comment_status":"open","ping_status":"open","sticky":false,"template":"","format":"standard","meta":{"_monsterinsights_skip_tracking":false,"_monsterinsights_sitenote_active":false,"_monsterinsights_sitenote_note":"","_monsterinsights_sitenote_category":0},"categories":[2528,12],"tags":[33028,25986,42888,42905,480,259,23158],"aioseo_notices":[],"_links":{"self":[{"href":"https:\/\/mspontocom.com.br\/site\/wp-json\/wp\/v2\/posts\/199295"}],"collection":[{"href":"https:\/\/mspontocom.com.br\/site\/wp-json\/wp\/v2\/posts"}],"about":[{"href":"https:\/\/mspontocom.com.br\/site\/wp-json\/wp\/v2\/types\/post"}],"author":[{"embeddable":true,"href":"https:\/\/mspontocom.com.br\/site\/wp-json\/wp\/v2\/users\/2"}],"replies":[{"embeddable":true,"href":"https:\/\/mspontocom.com.br\/site\/wp-json\/wp\/v2\/comments?post=199295"}],"version-history":[{"count":2,"href":"https:\/\/mspontocom.com.br\/site\/wp-json\/wp\/v2\/posts\/199295\/revisions"}],"predecessor-version":[{"id":199298,"href":"https:\/\/mspontocom.com.br\/site\/wp-json\/wp\/v2\/posts\/199295\/revisions\/199298"}],"wp:featuredmedia":[{"embeddable":true,"href":"https:\/\/mspontocom.com.br\/site\/wp-json\/wp\/v2\/media\/199297"}],"wp:attachment":[{"href":"https:\/\/mspontocom.com.br\/site\/wp-json\/wp\/v2\/media?parent=199295"}],"wp:term":[{"taxonomy":"category","embeddable":true,"href":"https:\/\/mspontocom.com.br\/site\/wp-json\/wp\/v2\/categories?post=199295"},{"taxonomy":"post_tag","embeddable":true,"href":"https:\/\/mspontocom.com.br\/site\/wp-json\/wp\/v2\/tags?post=199295"}],"curies":[{"name":"wp","href":"https:\/\/api.w.org\/{rel}","templated":true}]}}