{"id":199307,"date":"2025-04-23T08:14:24","date_gmt":"2025-04-23T12:14:24","guid":{"rendered":"https:\/\/mspontocom.com.br\/site\/?p=199307"},"modified":"2025-04-23T08:14:24","modified_gmt":"2025-04-23T12:14:24","slug":"artigo-gaudencio-torquato-os-caminhos-de-bolsonaro-e-lula","status":"publish","type":"post","link":"https:\/\/mspontocom.com.br\/site\/artigo-gaudencio-torquato-os-caminhos-de-bolsonaro-e-lula\/","title":{"rendered":"Artigo Gaud\u00eancio Torquato: Os caminhos de Bolsonaro e Lula"},"content":{"rendered":"<p><img loading=\"lazy\" class=\"alignnone size-full wp-image-199308\" src=\"http:\/\/mspontocom.com.br\/site\/wp-content\/uploads\/2025\/04\/site-artigo-gaudencio-torquato-os-caminhos-de-bolsonaro-e-lula-gaudencio.jpg\" alt=\"\" width=\"1626\" height=\"789\" srcset=\"https:\/\/mspontocom.com.br\/site\/wp-content\/uploads\/2025\/04\/site-artigo-gaudencio-torquato-os-caminhos-de-bolsonaro-e-lula-gaudencio.jpg 1626w, https:\/\/mspontocom.com.br\/site\/wp-content\/uploads\/2025\/04\/site-artigo-gaudencio-torquato-os-caminhos-de-bolsonaro-e-lula-gaudencio-260x126.jpg 260w, https:\/\/mspontocom.com.br\/site\/wp-content\/uploads\/2025\/04\/site-artigo-gaudencio-torquato-os-caminhos-de-bolsonaro-e-lula-gaudencio-1024x497.jpg 1024w, https:\/\/mspontocom.com.br\/site\/wp-content\/uploads\/2025\/04\/site-artigo-gaudencio-torquato-os-caminhos-de-bolsonaro-e-lula-gaudencio-768x373.jpg 768w, https:\/\/mspontocom.com.br\/site\/wp-content\/uploads\/2025\/04\/site-artigo-gaudencio-torquato-os-caminhos-de-bolsonaro-e-lula-gaudencio-1536x745.jpg 1536w\" sizes=\"(max-width: 1626px) 100vw, 1626px\" \/>O <span style=\"color: #ff0000;\"><strong>mspontocom<\/strong><\/span> publica semanalmente artigo do professor Gaud\u00eancio Torquato.<\/p>\n<p><strong>Torquato \u00e9 escritor, jornalista, professor titular da USP e consultor pol\u00edtico<\/strong><\/p>\n<p style=\"text-align: justify;\">A pergunta \u00e9 recorrente: Jair Messias Bolsonaro, ex-presidente da Rep\u00fablica, ser\u00e1 preso? \u00a0Se for condenado pelo Supremo Tribunal Federal e preso, haver\u00e1 uma convuls\u00e3o social? E se for anistiado pelo Congresso Nacional, ganhando condi\u00e7\u00e3o de elegibilidade, seria um candidato competitivo \u00e0 presid\u00eancia da Rep\u00fablica em 2026?<\/p>\n<p style=\"text-align: justify;\">\n<p style=\"text-align: justify;\">Para tentar responder \u00e0s quest\u00f5es, este analista se ancora em alguns condicionantes, a come\u00e7ar pela hip\u00f3tese da pris\u00e3o do capit\u00e3o.<\/p>\n<p style=\"text-align: justify;\">\n<p style=\"text-align: justify;\">Vamos l\u00e1. O julgamento de Bolsonaro correr\u00e1 por alguns meses. N\u00e3o ser\u00e1 curto como se pode imaginar, mesmo que o l\u00edder do PL, deputado S\u00f3stenes Cavalcante tenha conseguido apoio ao pedido de urg\u00eancia de vota\u00e7\u00e3o do Projeto de Lei Anistia. Passando na C\u00e2mara, ir\u00e1 ao Senado, voltar\u00e1 \u00e0 C\u00e2mara, se houver altera\u00e7\u00f5es, devendo cair no Supremo, antes de receber a san\u00e7\u00e3o do presidente. Endossada por 262 deputados federais dos 513 que integram a C\u00e2mara, a solicita\u00e7\u00e3o de urg\u00eancia virou um cabo-de-guerra entre oposicionistas e situa\u00e7\u00f5es. Vejamos as raz\u00f5es.<\/p>\n<p style=\"text-align: justify;\">\n<p style=\"text-align: justify;\">Assinaram o pedido 146 deputados de partidos que comp\u00f5em a base do governo Lula, representando mais da metade (56%) do total de assinaturas, viabilizando sua tramita\u00e7\u00e3o. Surge a primeira d\u00favida: deputados da base governista votariam contra a orienta\u00e7\u00e3o do governo? A ministra da Casa Civil, Gleisi Hoffman, j\u00e1 est\u00e1 em campo tentando convencer os correligion\u00e1rios da base governista a retirar seu apoio \u00e0 vota\u00e7\u00e3o ao Projeto. O presidente da C\u00e2mara, Hugo Mota, que tem a prerrogativa de compor a agenda de vota\u00e7\u00e3o, prometeu submeter a quest\u00e3o ao col\u00e9gio de l\u00edderes. N\u00e3o quer decidir sozinho.<\/p>\n<p style=\"text-align: justify;\">\n<p style=\"text-align: justify;\">Quanto \u00e0s manifesta\u00e7\u00f5es de rua, teriam o cond\u00e3o de influenciar ministros do STF ou o corpo parlamentar? \u00a0Ora, se h\u00e1 no pa\u00eds um grande contingente de eleitores bolsonaristas, h\u00e1 tamb\u00e9m um consider\u00e1vel n\u00famero de eleitores que se op\u00f5em ao capit\u00e3o e um terceiro grupo, que mant\u00e9m certa dist\u00e2ncia dos dois protagonistas. \u00c9 o que se l\u00ea nas pesquisas: h\u00e1, no pa\u00eds, 30% de eleitores bolsonaristas ou de direita, 30% de eleitores lulistas ou de esquerda e 30% de leitores que se posicionam no centro do arco ideol\u00f3gico. Os restantes 10% se repartem entre os tr\u00eas blocos, mudando de posi\u00e7\u00e3o ao sabor das circunst\u00e2ncias.<\/p>\n<p style=\"text-align: justify;\">Os parlamentares, por seu lado, t\u00eam um olho voltado para o altar de S\u00e3o Francisco (&#8230;\u00e9 dando que se recebe&#8230;.)\u00a0 e outro para as ruas. At\u00e9 meados do pr\u00f3ximo ano, estar\u00e3o na fila do balc\u00e3o de recompensas. Depois, olhar\u00e3o para as ruas.<\/p>\n<p style=\"text-align: justify;\">\n<p style=\"text-align: justify;\">Continuemos a an\u00e1lise. Consideremos que Bolsonaro, por um desses artif\u00edcios que s\u00f3 a arte da pol\u00edtica pode explicar, venha a ser candidato. Consideremos, tamb\u00e9m, que Lula, mesmo sob o peso dos 80 anos, a completar em outubro de 2016, decida enfrentar o pleito. (Hoje, 62% do eleitorado acha que o presidente n\u00e3o deveria concorrer \u00e0 reelei\u00e7\u00e3o por causa da idade). Seriam competitivos? Qual o advers\u00e1rio mais conveniente para ambos?<\/p>\n<p style=\"text-align: justify;\">\n<p style=\"text-align: justify;\">Para Bolsonaro, o melhor advers\u00e1rio seria Lula, com o qual pretende transformar o pleito em um terceiro turno. O presidente, da mesma forma, gostaria de ter o capit\u00e3o como advers\u00e1rio. Para eles, um repeteco da campanha de 2022, com o pa\u00eds dividido e polarizado, seria mais conveniente. \u00a0Que chances teriam? \u00a0A resposta pede uma olhada nos compartimentos da geladeira. Se estiverem cheios, em setembro\/outubro de 2026, Lula ser\u00e1 favorito; se estiverem vazios, Bolsonaro liderar\u00e1 a linha de frente da corrida.<\/p>\n<p style=\"text-align: justify;\">\n<p style=\"text-align: justify;\">Explico. O fator de maior significa\u00e7\u00e3o na planilha da viabilidade eleitoral \u00e9 o estado geral da economia. \u00a0Da\u00ed a insist\u00eancia deste escriba em usar a recorrente equa\u00e7\u00e3o com que analisa as possibilidades dos protagonistas. Recorro \u00e0 equa\u00e7\u00e3o BO+BA+CO+CA: BOlso, BArriga, COra\u00e7\u00e3o, CAbe\u00e7a. Se o bolso do consumidor, nas proximidades do pleito, garantir a geladeira sempre cheia, a barriga saciada satisfeita e o cora\u00e7\u00e3o agradecido levar\u00e3o a cabe\u00e7a do eleitor a votar no candidato que lhe proporcionou bem-estar. A rec\u00edproca \u00e9 verdadeira.<\/p>\n<p style=\"text-align: justify;\">\n<p style=\"text-align: justify;\">Se Bolsonaro for impedido de se candidatar, seu legado pol\u00edtico caiar\u00e1 no colo do governador Tarc\u00edsio de Freitas, de SP, um perfil t\u00e9cnico que conta com a simpatia do eleitorado paulista, o maior do pa\u00eds, com 36 milh\u00f5es de eleitores. Suas chances de chegar ao Planalto s\u00e3o boas. E se Lula declinar da candidatura, quem iria para seu lugar? \u00a0O PT sinaliza um nome ass\u00e9ptico, fiel ao ide\u00e1rio socialista. \u00a0Fernando Haddad poderia ser esse nome? Sim, mas sua viabilidade depender\u00e1 do desempenho no Minist\u00e9rio da Fazenda.<\/p>\n<p style=\"text-align: justify;\">\n<p style=\"text-align: justify;\">Mais uma quest\u00e3o relevante: a situa\u00e7\u00e3o mundial ter\u00e1 impacto sobre o quadro eleitoral? A resposta tamb\u00e9m \u00e9 sim. O tarifa\u00e7o de Donald Trump abriu acirrada guerra comercial. Com a menor tarifa de importa\u00e7\u00e3o aos produtos vendidos aos Estados Unidos,\u00a0o Brasil, ao lado de outros, ter\u00e1 condi\u00e7\u00f5es de se beneficiar da crise desses tempos de trumpul\u00eancia. Mais d\u00favidas persistem: saber\u00e1 o Brasil aproveitar a oportunidade de expandir sua balan\u00e7a comercial? O pa\u00eds deve incrementar seus neg\u00f3cios com a China. Qual seria a rea\u00e7\u00e3o norte-americana ante o estreitamento de rela\u00e7\u00f5es do Brasil com a China? Haveria retalia\u00e7\u00e3o por parte dos EUA?<\/p>\n<p style=\"text-align: justify;\">\n<p style=\"text-align: justify;\">Tudo isso deve pesar na balan\u00e7a eleitoral. Lula continuar\u00e1 a atirar em Trump, coisa que tem feito em suas falas de palanque? O eleitorado parece aprovar o papel de Davi (Lula) contra Golias (Trump). A \u201cGuerra do Tarifa\u00e7o\u201d, como se pode inferir, impactar\u00e1 sua candidatura. O candidato \u00e0 reelei\u00e7\u00e3o, com o manto de S\u00e3o Jorge, o Santo Guerreiro, tem condi\u00e7\u00f5es de vencer o Drag\u00e3o da Maldade, cujo embaixador, no Brasil, \u00e9 um ex-capit\u00e3o do Ex\u00e9rcito, chamado Jair Messias.<\/p>\n","protected":false},"excerpt":{"rendered":"<p>O mspontocom publica semanalmente artigo do professor Gaud\u00eancio Torquato. Torquato \u00e9 escritor, jornalista, professor titular da USP e consultor pol\u00edtico A pergunta \u00e9 recorrente: Jair Messias Bolsonaro, ex-presidente da Rep\u00fablica, ser\u00e1 preso? \u00a0Se for condenado pelo Supremo Tribunal Federal e preso, haver\u00e1 uma convuls\u00e3o social? E se for anistiado pelo Congresso Nacional, ganhando condi\u00e7\u00e3o de [&hellip;]<\/p>\n","protected":false},"author":2,"featured_media":199308,"comment_status":"open","ping_status":"open","sticky":false,"template":"","format":"standard","meta":{"_monsterinsights_skip_tracking":false,"_monsterinsights_sitenote_active":false,"_monsterinsights_sitenote_note":"","_monsterinsights_sitenote_category":0},"categories":[12],"tags":[17132,34523],"aioseo_notices":[],"_links":{"self":[{"href":"https:\/\/mspontocom.com.br\/site\/wp-json\/wp\/v2\/posts\/199307"}],"collection":[{"href":"https:\/\/mspontocom.com.br\/site\/wp-json\/wp\/v2\/posts"}],"about":[{"href":"https:\/\/mspontocom.com.br\/site\/wp-json\/wp\/v2\/types\/post"}],"author":[{"embeddable":true,"href":"https:\/\/mspontocom.com.br\/site\/wp-json\/wp\/v2\/users\/2"}],"replies":[{"embeddable":true,"href":"https:\/\/mspontocom.com.br\/site\/wp-json\/wp\/v2\/comments?post=199307"}],"version-history":[{"count":1,"href":"https:\/\/mspontocom.com.br\/site\/wp-json\/wp\/v2\/posts\/199307\/revisions"}],"predecessor-version":[{"id":199309,"href":"https:\/\/mspontocom.com.br\/site\/wp-json\/wp\/v2\/posts\/199307\/revisions\/199309"}],"wp:featuredmedia":[{"embeddable":true,"href":"https:\/\/mspontocom.com.br\/site\/wp-json\/wp\/v2\/media\/199308"}],"wp:attachment":[{"href":"https:\/\/mspontocom.com.br\/site\/wp-json\/wp\/v2\/media?parent=199307"}],"wp:term":[{"taxonomy":"category","embeddable":true,"href":"https:\/\/mspontocom.com.br\/site\/wp-json\/wp\/v2\/categories?post=199307"},{"taxonomy":"post_tag","embeddable":true,"href":"https:\/\/mspontocom.com.br\/site\/wp-json\/wp\/v2\/tags?post=199307"}],"curies":[{"name":"wp","href":"https:\/\/api.w.org\/{rel}","templated":true}]}}