{"id":199367,"date":"2025-04-25T04:33:56","date_gmt":"2025-04-25T08:33:56","guid":{"rendered":"https:\/\/mspontocom.com.br\/site\/?p=199367"},"modified":"2025-04-25T06:56:27","modified_gmt":"2025-04-25T10:56:27","slug":"abertas-inscricoes-para-o-maior-premio-de-marketing-politico-da-america-latina","status":"publish","type":"post","link":"https:\/\/mspontocom.com.br\/site\/abertas-inscricoes-para-o-maior-premio-de-marketing-politico-da-america-latina\/","title":{"rendered":"Abertas inscri\u00e7\u00f5es para o maior pr\u00eamio de marketing pol\u00edtico da Am\u00e9rica Latina"},"content":{"rendered":"<p style=\"font-weight: 400; text-align: justify;\"><img loading=\"lazy\" class=\"alignnone size-full wp-image-199368\" src=\"http:\/\/mspontocom.com.br\/site\/wp-content\/uploads\/2025\/04\/site-abertas-inscricoes-para-o-maior-premio-de-marketing-politico-da-america-latina-premio-camp-democracia.png\" alt=\"\" width=\"900\" height=\"600\" srcset=\"https:\/\/mspontocom.com.br\/site\/wp-content\/uploads\/2025\/04\/site-abertas-inscricoes-para-o-maior-premio-de-marketing-politico-da-america-latina-premio-camp-democracia.png 900w, https:\/\/mspontocom.com.br\/site\/wp-content\/uploads\/2025\/04\/site-abertas-inscricoes-para-o-maior-premio-de-marketing-politico-da-america-latina-premio-camp-democracia-260x173.png 260w, https:\/\/mspontocom.com.br\/site\/wp-content\/uploads\/2025\/04\/site-abertas-inscricoes-para-o-maior-premio-de-marketing-politico-da-america-latina-premio-camp-democracia-768x512.png 768w\" sizes=\"(max-width: 900px) 100vw, 900px\" \/>Reconhecido como o maior evento de premia\u00e7\u00e3o da comunica\u00e7\u00e3o pol\u00edtica no pa\u00eds, o <strong>Pr\u00eamio CAMP<\/strong> da Democracia valoriza a criatividade, a t\u00e9cnica e o impacto das campanhas eleitorais e institucionais que moldam o cen\u00e1rio democr\u00e1tico do pa\u00eds.<\/p>\n<p style=\"font-weight: 400; text-align: justify;\">As inscri\u00e7\u00f5es para a quarta edi\u00e7\u00e3o do Pr\u00eamio CAMP da Democracia est\u00e3o abertas e podem ser feitas at\u00e9 o dia 7 de julho, com tr\u00eas etapas de sele\u00e7\u00e3o at\u00e9 o veredito final.<\/p>\n<p style=\"font-weight: 400; text-align: justify;\">Os trof\u00e9us (ouro, prata e bronze) ser\u00e3o distribu\u00eddos entre categorias como \u201cMelhor Campanha para Prefeito\u201d, \u201cMelhor Campanha para Vereador\u201d, \u201cMelhor Campanha de TV\u201d, \u201cMelhor Jingle\u201d, \u201cMelhor A\u00e7\u00e3o Viral\u201d, \u201cMelhor Slogan\u201d, Melhor Logomarca\u201d, \u201cMelhor Campanha de Mobiliza\u00e7\u00e3o\u201d e \u201cMelhor V\u00eddeo para Internet\u201d.<\/p>\n<blockquote>\n<p style=\"font-weight: 400;\"><em>&#8220;Os inscritos passar\u00e3o pela an\u00e1lise de um corpo de jurados composto por consultores, estrategistas, jornalistas, publicit\u00e1rios e pesquisadores de todas as regi\u00f5es do pa\u00eds\u201d, explica Cila Schulmann, vice-presidente de rela\u00e7\u00f5es institucionais do CAMP.<\/em><\/p>\n<\/blockquote>\n<p style=\"font-weight: 400; text-align: justify;\"><strong>Cerim\u00f4nia de premia\u00e7\u00e3o<\/strong><\/p>\n<p style=\"font-weight: 400; text-align: justify;\">Os vencedores da quarta edi\u00e7\u00e3o do Pr\u00eamio CAMP ser\u00e3o conhecidos em um grande evento, que acontece no dia 25 de agosto, no\u00a0Espa\u00e7o Bisutti Casa do Ator,\u00a0na cidade de S\u00e3o Paulo (SP), com a participa\u00e7\u00e3o dos grandes nomes do mercado nacional.<\/p>\n<p style=\"font-weight: 400; text-align: justify;\">Al\u00e9m da cerim\u00f4nia de entrega dos pr\u00eamios, o evento \u00e9 uma \u00f3tima oportunidade para o networking entre profissionais do setor, ag\u00eancias, consultores, pesquisadores e lideran\u00e7as pol\u00edticas.<\/p>\n<p style=\"text-align: justify;\"><strong>INSCRI\u00c7\u00d5ES<\/strong><\/p>\n<p style=\"font-weight: 400; text-align: justify;\">Para se inscrever e concorrer ao Pr\u00eamio CAMP da Democracia 2025, o interessado deve estar de acordo com o C\u00f3digo de \u00c9tica do CAMP.\u00a0Todos os detalhes para o processo de inscri\u00e7\u00e3o, assim como as fichas oficiais, est\u00e3o dispon\u00edveis no site\u00a0<a href=\"https:\/\/campbrasil.com.br\/\" data-saferedirecturl=\"https:\/\/www.google.com\/url?q=https:\/\/campbrasil.com.br\/&amp;source=gmail&amp;ust=1745662805563000&amp;usg=AOvVaw1zBG-9exMgZHtDGDweD7gp\">https:\/\/campbrasil.com.br\/<\/a>.<\/p>\n<p style=\"font-weight: 400; text-align: justify;\">\u00a0Mais informa\u00e7\u00f5es no perfil oficial da entidade no Instagram: @camp.brasil.<\/p>\n<p style=\"text-align: justify;\" align=\"justify\"><span style=\"font-family: Times New Roman, serif;\"><span style=\"font-size: medium;\"><span style=\"color: #ff0000;\">Continue em nossa companhia . Veja mais not\u00edcias em:<\/span> <span style=\"color: #0000ff;\"><u><a href=\"http:\/\/www.mspontocom.com.br\/\">www.mspontocom.com.br<\/a><\/u><\/span><\/span><\/span><\/p>\n<p style=\"text-align: justify;\" align=\"justify\"><span style=\"font-family: Times New Roman, serif;\"><span style=\"font-size: medium;\">Instagram e X:\u00a0 @mspontocom<\/span><\/span><\/p>\n","protected":false},"excerpt":{"rendered":"<p>Reconhecido como o maior evento de premia\u00e7\u00e3o da comunica\u00e7\u00e3o pol\u00edtica no pa\u00eds, o Pr\u00eamio CAMP da Democracia valoriza a criatividade, a t\u00e9cnica e o impacto das campanhas eleitorais e institucionais que moldam o cen\u00e1rio democr\u00e1tico do pa\u00eds. As inscri\u00e7\u00f5es para a quarta edi\u00e7\u00e3o do Pr\u00eamio CAMP da Democracia est\u00e3o abertas e podem ser feitas at\u00e9 [&hellip;]<\/p>\n","protected":false},"author":2,"featured_media":199368,"comment_status":"open","ping_status":"open","sticky":false,"template":"","format":"standard","meta":{"_monsterinsights_skip_tracking":false,"_monsterinsights_sitenote_active":false,"_monsterinsights_sitenote_note":"","_monsterinsights_sitenote_category":0},"categories":[12],"tags":[455,8037,42918],"aioseo_notices":[],"_links":{"self":[{"href":"https:\/\/mspontocom.com.br\/site\/wp-json\/wp\/v2\/posts\/199367"}],"collection":[{"href":"https:\/\/mspontocom.com.br\/site\/wp-json\/wp\/v2\/posts"}],"about":[{"href":"https:\/\/mspontocom.com.br\/site\/wp-json\/wp\/v2\/types\/post"}],"author":[{"embeddable":true,"href":"https:\/\/mspontocom.com.br\/site\/wp-json\/wp\/v2\/users\/2"}],"replies":[{"embeddable":true,"href":"https:\/\/mspontocom.com.br\/site\/wp-json\/wp\/v2\/comments?post=199367"}],"version-history":[{"count":1,"href":"https:\/\/mspontocom.com.br\/site\/wp-json\/wp\/v2\/posts\/199367\/revisions"}],"predecessor-version":[{"id":199369,"href":"https:\/\/mspontocom.com.br\/site\/wp-json\/wp\/v2\/posts\/199367\/revisions\/199369"}],"wp:featuredmedia":[{"embeddable":true,"href":"https:\/\/mspontocom.com.br\/site\/wp-json\/wp\/v2\/media\/199368"}],"wp:attachment":[{"href":"https:\/\/mspontocom.com.br\/site\/wp-json\/wp\/v2\/media?parent=199367"}],"wp:term":[{"taxonomy":"category","embeddable":true,"href":"https:\/\/mspontocom.com.br\/site\/wp-json\/wp\/v2\/categories?post=199367"},{"taxonomy":"post_tag","embeddable":true,"href":"https:\/\/mspontocom.com.br\/site\/wp-json\/wp\/v2\/tags?post=199367"}],"curies":[{"name":"wp","href":"https:\/\/api.w.org\/{rel}","templated":true}]}}