{"id":199394,"date":"2025-04-26T05:00:31","date_gmt":"2025-04-26T09:00:31","guid":{"rendered":"https:\/\/mspontocom.com.br\/site\/?p=199394"},"modified":"2025-04-26T06:36:48","modified_gmt":"2025-04-26T10:36:48","slug":"cpi-do-onibus-camara-de-campo-grande-disponibiliza-canais-para-denuncias","status":"publish","type":"post","link":"https:\/\/mspontocom.com.br\/site\/cpi-do-onibus-camara-de-campo-grande-disponibiliza-canais-para-denuncias\/","title":{"rendered":"CPI do \u00d4nibus: C\u00e2mara de Campo Grande disponibiliza canais para den\u00fancias"},"content":{"rendered":"<p style=\"text-align: justify;\"><img loading=\"lazy\" class=\"alignnone size-full wp-image-199395\" src=\"http:\/\/mspontocom.com.br\/site\/wp-content\/uploads\/2025\/04\/site-cpi-do-onibus-camara-de-campo-grande-disponibiliza-canais-para-denuncias-camara.jpeg\" alt=\"\" width=\"1280\" height=\"853\" srcset=\"https:\/\/mspontocom.com.br\/site\/wp-content\/uploads\/2025\/04\/site-cpi-do-onibus-camara-de-campo-grande-disponibiliza-canais-para-denuncias-camara.jpeg 1280w, https:\/\/mspontocom.com.br\/site\/wp-content\/uploads\/2025\/04\/site-cpi-do-onibus-camara-de-campo-grande-disponibiliza-canais-para-denuncias-camara-260x173.jpeg 260w, https:\/\/mspontocom.com.br\/site\/wp-content\/uploads\/2025\/04\/site-cpi-do-onibus-camara-de-campo-grande-disponibiliza-canais-para-denuncias-camara-1024x682.jpeg 1024w, https:\/\/mspontocom.com.br\/site\/wp-content\/uploads\/2025\/04\/site-cpi-do-onibus-camara-de-campo-grande-disponibiliza-canais-para-denuncias-camara-768x512.jpeg 768w\" sizes=\"(max-width: 1280px) 100vw, 1280px\" \/>As primeiras oitivas da CPI\u00a0 do Transporte Coletivo, instalada na <strong>C\u00e2mara Municipal de Campo Grande,<\/strong> v\u00e3o come\u00e7ar na pr\u00f3xima segunda-feira, 28 de abril, a partir das 13h.<\/p>\n<p style=\"text-align: justify;\">De 25 de mar\u00e7o a 23 de abril, a Comiss\u00e3o recebeu 442 den\u00fancias em seu canal disponibilizado, mostrando assim o alto n\u00edvel de engajamento da popula\u00e7\u00e3o com a CPI.<\/p>\n<p style=\"text-align: justify;\"><strong>OUVIDORIA DA CPI DO TRANSPORTE COLETIVO<\/strong><br \/>\nTELEFONE PARA DEN\u00daNCIAS: 3316-1514<br \/>\nE-MAIL cpidotransporte@camara.gov.br<br \/>\nFORMUL\u00c1RIO ATRAV\u00c9S DO SITE DA C\u00c2MARA<\/p>\n<p style=\"text-align: justify;\"><strong>Servi\u00e7o<\/strong>\u00a0\u2013 A primeira oitiva da CPI do Transporte P\u00fablico ser\u00e1 transmitida pela TV C\u00e2mara, pelo canal 7.3, e no canal do Youtube da Casa de Leis.<\/p>\n<p style=\"text-align: justify;\" align=\"justify\"><span style=\"font-family: Times New Roman, serif;\"><span style=\"font-size: medium;\"><span style=\"color: #ff0000;\">Continue em nossa companhia . Veja mais not\u00edcias em:<\/span> <span style=\"color: #0000ff;\"><u><a href=\"http:\/\/www.mspontocom.com.br\/\">www.mspontocom.com.br<\/a><\/u><\/span><\/span><\/span><\/p>\n<p style=\"text-align: justify;\" align=\"justify\"><span style=\"font-family: Times New Roman, serif;\"><span style=\"font-size: medium;\">Instagram e X:\u00a0 @mspontocom<\/span><\/span><\/p>\n<p style=\"text-align: justify;\"><em>fontes: Assessoria de Comunica\u00e7\u00e3o do Vereador Dr. Livio e da C\u00e2mara Municipal<\/em><\/p>\n","protected":false},"excerpt":{"rendered":"<p>As primeiras oitivas da CPI\u00a0 do Transporte Coletivo, instalada na C\u00e2mara Municipal de Campo Grande, v\u00e3o come\u00e7ar na pr\u00f3xima segunda-feira, 28 de abril, a partir das 13h. De 25 de mar\u00e7o a 23 de abril, a Comiss\u00e3o recebeu 442 den\u00fancias em seu canal disponibilizado, mostrando assim o alto n\u00edvel de engajamento da popula\u00e7\u00e3o com a [&hellip;]<\/p>\n","protected":false},"author":2,"featured_media":199395,"comment_status":"open","ping_status":"open","sticky":false,"template":"","format":"standard","meta":{"_monsterinsights_skip_tracking":false,"_monsterinsights_sitenote_active":false,"_monsterinsights_sitenote_note":"","_monsterinsights_sitenote_category":0},"categories":[4328],"tags":[3645,123,34278,42924,7798],"aioseo_notices":[],"_links":{"self":[{"href":"https:\/\/mspontocom.com.br\/site\/wp-json\/wp\/v2\/posts\/199394"}],"collection":[{"href":"https:\/\/mspontocom.com.br\/site\/wp-json\/wp\/v2\/posts"}],"about":[{"href":"https:\/\/mspontocom.com.br\/site\/wp-json\/wp\/v2\/types\/post"}],"author":[{"embeddable":true,"href":"https:\/\/mspontocom.com.br\/site\/wp-json\/wp\/v2\/users\/2"}],"replies":[{"embeddable":true,"href":"https:\/\/mspontocom.com.br\/site\/wp-json\/wp\/v2\/comments?post=199394"}],"version-history":[{"count":1,"href":"https:\/\/mspontocom.com.br\/site\/wp-json\/wp\/v2\/posts\/199394\/revisions"}],"predecessor-version":[{"id":199396,"href":"https:\/\/mspontocom.com.br\/site\/wp-json\/wp\/v2\/posts\/199394\/revisions\/199396"}],"wp:featuredmedia":[{"embeddable":true,"href":"https:\/\/mspontocom.com.br\/site\/wp-json\/wp\/v2\/media\/199395"}],"wp:attachment":[{"href":"https:\/\/mspontocom.com.br\/site\/wp-json\/wp\/v2\/media?parent=199394"}],"wp:term":[{"taxonomy":"category","embeddable":true,"href":"https:\/\/mspontocom.com.br\/site\/wp-json\/wp\/v2\/categories?post=199394"},{"taxonomy":"post_tag","embeddable":true,"href":"https:\/\/mspontocom.com.br\/site\/wp-json\/wp\/v2\/tags?post=199394"}],"curies":[{"name":"wp","href":"https:\/\/api.w.org\/{rel}","templated":true}]}}