{"id":199402,"date":"2025-04-28T14:33:07","date_gmt":"2025-04-28T18:33:07","guid":{"rendered":"https:\/\/mspontocom.com.br\/site\/?p=199402"},"modified":"2025-04-28T14:33:07","modified_gmt":"2025-04-28T18:33:07","slug":"vereadores-avaliam-proposta-para-cameras-de-seguranca-em-escolas","status":"publish","type":"post","link":"https:\/\/mspontocom.com.br\/site\/vereadores-avaliam-proposta-para-cameras-de-seguranca-em-escolas\/","title":{"rendered":"Vereadores avaliam proposta para c\u00e2meras de seguran\u00e7a em escolas"},"content":{"rendered":"<p style=\"text-align: justify;\"><img loading=\"lazy\" class=\"alignnone size-full wp-image-199403\" src=\"http:\/\/mspontocom.com.br\/site\/wp-content\/uploads\/2025\/04\/site-vereador-vereador.jpg\" alt=\"\" width=\"1680\" height=\"1120\" srcset=\"https:\/\/mspontocom.com.br\/site\/wp-content\/uploads\/2025\/04\/site-vereador-vereador.jpg 1680w, https:\/\/mspontocom.com.br\/site\/wp-content\/uploads\/2025\/04\/site-vereador-vereador-260x173.jpg 260w, https:\/\/mspontocom.com.br\/site\/wp-content\/uploads\/2025\/04\/site-vereador-vereador-1024x683.jpg 1024w, https:\/\/mspontocom.com.br\/site\/wp-content\/uploads\/2025\/04\/site-vereador-vereador-768x512.jpg 768w, https:\/\/mspontocom.com.br\/site\/wp-content\/uploads\/2025\/04\/site-vereador-vereador-1536x1024.jpg 1536w\" sizes=\"(max-width: 1680px) 100vw, 1680px\" \/>Cinco propostas e um veto est\u00e3o pautados para discuss\u00e3o pelos vereadores da C\u00e2mara Municipal de Campo Grande na sess\u00e3o ordin\u00e1ria de ter\u00e7a-feira, dia 29.<\/p>\n<p style=\"text-align: justify;\">Ser\u00e1 votado parecer da Comiss\u00e3o Permanente de Legisla\u00e7\u00e3o, Justi\u00e7a e Reda\u00e7\u00e3o Final ao Projeto de Lei n. 11.555\/25, que torna obrigat\u00f3ria a instala\u00e7\u00e3o de c\u00e2meras de monitoramento de seguran\u00e7a nas depend\u00eancias e cercanias de todas as escolas municipais de Campo Grande. A proposta \u00e9 do vereador Andr\u00e9 Salineiro, assinada tamb\u00e9m pelo vereador Rafael Tavares. Em Plen\u00e1rio, ser\u00e1 votado apenas o parecer da Comiss\u00e3o, mantendo ou n\u00e3o a tramita\u00e7\u00e3o da proposta, que depois ser\u00e1 colocada em vota\u00e7\u00e3o no Plen\u00e1rio.<\/p>\n<p style=\"text-align: justify;\">Em segunda discuss\u00e3o, ser\u00e1 votado o Projeto de Lei 11.127\/23, que modifica o nome da Rua Monsenhor, situada no Bairro Jardim Aero Rancho, para Rua Vereador Edson Shimabukuro, no trecho entre a Rua Monsenhor Sarriom (quadra 73) e a Rua Charlote (quadra 31). Essa altera\u00e7\u00e3o, proposta pelo vereador Professor Juari e assinada tamb\u00e9m pelo vereador Dr. Jamal, visa corrigir transtornos enfrentados pelos moradores. Conforme a justificativa, a Rua Monsenhor Sarrion muda de sentido logo ap\u00f3s a Rua Capitalista (quadra 73) e h\u00e1 confus\u00e3o na numera\u00e7\u00e3o de im\u00f3veis. A proposta busca homenagear Edson Shimabukuro, conhecido como My Body, engenheiro e vereador de 2013 a 2016, que faleceu em 2023.<\/p>\n<p style=\"text-align: justify;\">Tamb\u00e9m ser\u00e1 votado veto parcial ao Projeto de Lei 11.399\/24, que disp\u00f5e sobre o direito da pessoa com transtornos mentais a ingressar e permanecer em ambientes de uso coletivo acompanhado de c\u00e3o de suporte emocional, em Campo Grande. A proposta \u00e9 do vereador Ronil\u00e7o Guerreiro. O veto refere-se a apenas um artigo da proposta, que estabelece multa a ser definida pelo Executivo.<\/p>\n<p style=\"text-align: justify;\">Em \u00fanica discuss\u00e3o, tamb\u00e9m ser\u00e1 votado o Projeto de Resolu\u00e7\u00e3o 543\/23, do vereador Junior Coringa, que disp\u00f5e sobre a Sess\u00e3o Solene em comemora\u00e7\u00e3o ao Dia Municipal do Protetor dos Animais\u201d, comemorado no dia 10 de agosto.<\/p>\n<p style=\"text-align: justify;\">J\u00e1 em primeira discuss\u00e3o, os vereadores votam o Projeto de Lei 11.443\/24, que denomina \u201cPra\u00e7a Humberto de Alencar\u201d a pra\u00e7a localizada no parcelamento da Vila Palmira, Bairro Santo Amaro, entre as quadras 57, 50 e 51, tendo como limites as ruas Constantinopla e Guiratinga e a Avenida Aeroporto. A proposta \u00e9 da vereadora Luiza Ribeiro e busca homenagear o professor Humberto de Alencar, por suas contribui\u00e7\u00f5es na \u00e1rea da educa\u00e7\u00e3o e direitos humanos.<\/p>\n<p style=\"text-align: justify;\">Tamb\u00e9m ser\u00e1 votado, em primeira discuss\u00e3o, o Projeto de Lei 11.617\/25, que institui o Dia Municipal dos Aventureiros, a ser comemorado no dia 18 de maio de cada ano. A proposta \u00e9 do vereador Leinha, com objetivo de reconhecer e valorizar as atividades realizadas pelas crian\u00e7as que participam do Programa Aventureiros da Igreja Adventista do S\u00e9timo Dia.<\/p>\n<p style=\"text-align: justify;\"><strong>Palavra Livre \u2013<\/strong>\u00a0A sess\u00e3o contar\u00e1 ainda com a presen\u00e7a do coordenador do F\u00f3rum das Entidades de Assist\u00eancia Social, M\u00e1rio de Freitas, que falar\u00e1 na Tribuna sobre a import\u00e2ncia das emendas parlamentares para as institui\u00e7\u00f5es e sobre o veto total da prefeitura ao projeto que regulamentava a destina\u00e7\u00e3o de R$ 8,7 milh\u00f5es para investimentos sociais. O convite para falar do tema foi feito pelo vereador Landmark e pela vereadora Luiza Ribeiro.<\/p>\n<p style=\"text-align: justify;\">A sess\u00e3o ordin\u00e1ria inicia \u00e0s 9 horas, na C\u00e2mara Municipal e pode ser acompanhada presencialmente, pela TV C\u00e2mara no canal 7.3 ou pelo\u00a0<a href=\"https:\/\/www.youtube.com\/c\/C%C3%A2maraCGMS\">Youtube da Casa de Leis.<\/a><\/p>\n<p style=\"text-align: justify;\"><strong>fonte: Milena Crestani<\/strong><br \/>\n<strong>Assessoria de Imprensa da C\u00e2mara Municipal<\/strong><\/p>\n","protected":false},"excerpt":{"rendered":"<p>Cinco propostas e um veto est\u00e3o pautados para discuss\u00e3o pelos vereadores da C\u00e2mara Municipal de Campo Grande na sess\u00e3o ordin\u00e1ria de ter\u00e7a-feira, dia 29. Ser\u00e1 votado parecer da Comiss\u00e3o Permanente de Legisla\u00e7\u00e3o, Justi\u00e7a e Reda\u00e7\u00e3o Final ao Projeto de Lei n. 11.555\/25, que torna obrigat\u00f3ria a instala\u00e7\u00e3o de c\u00e2meras de monitoramento de seguran\u00e7a nas depend\u00eancias [&hellip;]<\/p>\n","protected":false},"author":2,"featured_media":199403,"comment_status":"open","ping_status":"open","sticky":false,"template":"","format":"standard","meta":{"_monsterinsights_skip_tracking":false,"_monsterinsights_sitenote_active":false,"_monsterinsights_sitenote_note":"","_monsterinsights_sitenote_category":0},"categories":[4328],"tags":[],"aioseo_notices":[],"_links":{"self":[{"href":"https:\/\/mspontocom.com.br\/site\/wp-json\/wp\/v2\/posts\/199402"}],"collection":[{"href":"https:\/\/mspontocom.com.br\/site\/wp-json\/wp\/v2\/posts"}],"about":[{"href":"https:\/\/mspontocom.com.br\/site\/wp-json\/wp\/v2\/types\/post"}],"author":[{"embeddable":true,"href":"https:\/\/mspontocom.com.br\/site\/wp-json\/wp\/v2\/users\/2"}],"replies":[{"embeddable":true,"href":"https:\/\/mspontocom.com.br\/site\/wp-json\/wp\/v2\/comments?post=199402"}],"version-history":[{"count":1,"href":"https:\/\/mspontocom.com.br\/site\/wp-json\/wp\/v2\/posts\/199402\/revisions"}],"predecessor-version":[{"id":199404,"href":"https:\/\/mspontocom.com.br\/site\/wp-json\/wp\/v2\/posts\/199402\/revisions\/199404"}],"wp:featuredmedia":[{"embeddable":true,"href":"https:\/\/mspontocom.com.br\/site\/wp-json\/wp\/v2\/media\/199403"}],"wp:attachment":[{"href":"https:\/\/mspontocom.com.br\/site\/wp-json\/wp\/v2\/media?parent=199402"}],"wp:term":[{"taxonomy":"category","embeddable":true,"href":"https:\/\/mspontocom.com.br\/site\/wp-json\/wp\/v2\/categories?post=199402"},{"taxonomy":"post_tag","embeddable":true,"href":"https:\/\/mspontocom.com.br\/site\/wp-json\/wp\/v2\/tags?post=199402"}],"curies":[{"name":"wp","href":"https:\/\/api.w.org\/{rel}","templated":true}]}}