{"id":199470,"date":"2025-04-30T05:00:00","date_gmt":"2025-04-30T09:00:00","guid":{"rendered":"https:\/\/mspontocom.com.br\/site\/?p=199470"},"modified":"2025-04-30T06:24:15","modified_gmt":"2025-04-30T10:24:15","slug":"campo-grande-vai-sediar-o-3o-de-cidades-digitais-e-inteligentes","status":"publish","type":"post","link":"https:\/\/mspontocom.com.br\/site\/campo-grande-vai-sediar-o-3o-de-cidades-digitais-e-inteligentes\/","title":{"rendered":"Campo Grande vai sediar o 3\u00ba de Cidades Digitais e Inteligentes"},"content":{"rendered":"<p style=\"text-align: justify;\"><img loading=\"lazy\" class=\"alignnone size-full wp-image-199471\" src=\"http:\/\/mspontocom.com.br\/site\/wp-content\/uploads\/2025\/04\/site-campo-grande-sedia-o-3o-congresso-sul-mato-grossense-de-cidades-digitais-e-inteligentes-congresso.jpg\" alt=\"\" width=\"800\" height=\"450\" srcset=\"https:\/\/mspontocom.com.br\/site\/wp-content\/uploads\/2025\/04\/site-campo-grande-sedia-o-3o-congresso-sul-mato-grossense-de-cidades-digitais-e-inteligentes-congresso.jpg 800w, https:\/\/mspontocom.com.br\/site\/wp-content\/uploads\/2025\/04\/site-campo-grande-sedia-o-3o-congresso-sul-mato-grossense-de-cidades-digitais-e-inteligentes-congresso-260x146.jpg 260w, https:\/\/mspontocom.com.br\/site\/wp-content\/uploads\/2025\/04\/site-campo-grande-sedia-o-3o-congresso-sul-mato-grossense-de-cidades-digitais-e-inteligentes-congresso-768x432.jpg 768w\" sizes=\"(max-width: 800px) 100vw, 800px\" \/>Campo Grande mais uma vez receber\u00e1 o maior evento de tecnologia voltado ao setor p\u00fablico municipal em Mato Grosso do Sul.<\/p>\n<p style=\"text-align: justify;\">Nos dias 26 e 27 de junho, ser\u00e1 realizado o 3\u00ba Congresso Sul-Mato-Grossense de Cidades Digitais e Inteligentes, promovido pela Rede Cidade Digital (RCD), em parceria com a Prefeitura de Campo Grande.<\/p>\n<p style=\"text-align: justify;\">O evento visa impulsionar o desenvolvimento dos munic\u00edpios de Mato Grosso do Sul, promovendo a transforma\u00e7\u00e3o digital e a inova\u00e7\u00e3o na gest\u00e3o p\u00fablica. As inscri\u00e7\u00f5es s\u00e3o gratuitas e abertas a servidores p\u00fablicos, vereadores, representantes de entidades e universidades.<\/p>\n<blockquote><p><em>\u201cO congresso \u00e9 essencial para impulsionar o desenvolvimento dos munic\u00edpios sul-mato-grossenses por meio da transforma\u00e7\u00e3o digital e da inova\u00e7\u00e3o, que j\u00e1 s\u00e3o realidades urgentes na gest\u00e3o p\u00fablica. \u00c9 uma oportunidade para que servidores, institui\u00e7\u00f5es e universidades troquem experi\u00eancias, se capacitem e contribuam com solu\u00e7\u00f5es que melhorem os servi\u00e7os \u00e0 popula\u00e7\u00e3o\u201d, explicou o diretor-presidente da Agetec, Leandro Basmage.<\/em><\/p><\/blockquote>\n<p style=\"text-align: justify;\">\n<p style=\"text-align: justify;\">Durante o evento, os participantes poder\u00e3o conhecer solu\u00e7\u00f5es desenvolvidas por empresas como eMaster, IGTECH, Printer, Senfio, Portal de Compras P\u00fablicas e G\u00eanesis Tecnologia, al\u00e9m de acompanhar casos de sucesso em cidades que adotaram pol\u00edticas p\u00fablicas digitais e inovadoras.<\/p>\n<p style=\"text-align: justify;\"><strong>Prefeitos Inovadores<\/strong>\u00a0\u2013 A Rede Cidade Digital realiza tamb\u00e9m a entrega do t\u00edtulo de Prefeito Inovador 2025, reconhecimento concedido pela Rede Cidade Digital aos gestores que se destacam na utiliza\u00e7\u00e3o de tecnologias de forma estrat\u00e9gica para transformar a gest\u00e3o e melhorar a vida da popula\u00e7\u00e3o.<\/p>\n<p style=\"text-align: justify;\"><strong>Projeto Inovador 2025\u00a0<\/strong>\u2013 Os munic\u00edpios com iniciativas tecnol\u00f3gicas em andamento tamb\u00e9m podem concorrer ao t\u00edtulo de Projeto Inovador 2025.<\/p>\n<p style=\"text-align: justify;\">As inscri\u00e7\u00f5es est\u00e3o abertas e devem ser feitas at\u00e9 o dia 30 de maio, por meio do site oficial do evento (<a href=\"https:\/\/www.sympla.com.br\/evento\/3-congresso-sul-mato-grossense-de-cidades-digitais-e-inteligentes\/2787841?referrer=redecidadedigital.com.br\">https:\/\/www.sympla.com.br\/evento\/3-congresso-sul-mato-grossense-de-cidades-digitais-e-inteligentes\/2787841?referrer=redecidadedigital.com.br<\/a>) ou diretamente pelo edital (<a href=\"https:\/\/docs.google.com\/forms\/d\/e\/1FAIpQLSdYw8fHEvlubSEsmBEKCRzk8QV3sJgzUk3c8sEZYT9ulFGo7A\/viewform\">https:\/\/docs.google.com\/forms\/d\/e\/1FAIpQLSdYw8fHEvlubSEsmBEKCRzk8QV3sJgzUk3c8sEZYT9ulFGo7A\/viewform<\/a>).<\/p>\n<p style=\"text-align: justify;\">Ser\u00e3o reconhecidas as solu\u00e7\u00f5es que apresentem resultados mensur\u00e1veis e impacto positivo na gest\u00e3o p\u00fablica e na vida dos cidad\u00e3os.<\/p>\n<p style=\"text-align: justify;\"><strong>Servi\u00e7o:<\/strong><\/p>\n<p style=\"text-align: justify;\">3\u00ba Congresso Sul-Mato-Grossense de Cidades Digitais e Inteligentes<\/p>\n<p style=\"text-align: justify;\">Data: 26 e 27 de junho de 2025<\/p>\n<p style=\"text-align: justify;\">Local: Bioparque Pantanal, Campo Grande \u2013 MS<\/p>\n<p style=\"text-align: justify;\">Hor\u00e1rio: Das 8h \u00e0s 17h<\/p>\n<p style=\"text-align: justify;\">Inscri\u00e7\u00f5es gratuitas para servidores p\u00fablicos: https:\/\/www.sympla.com.br\/rcd<\/p>\n<p style=\"text-align: justify;\" align=\"justify\"><span style=\"font-family: Times New Roman, serif;\"><span style=\"font-size: medium;\"><span style=\"color: #ff0000;\">Continue em nossa companhia . Veja mais not\u00edcias em<\/span>: <span style=\"color: #0000ff;\"><u><a href=\"http:\/\/www.mspontocom.com.br\/\">www.mspontocom.com.br<\/a><\/u><\/span><\/span><\/span><\/p>\n<p style=\"text-align: justify;\" align=\"justify\"><span style=\"font-family: Times New Roman, serif;\"><span style=\"font-size: medium;\">Instagram e X:\u00a0 @mspontocom<\/span><\/span><\/p>\n","protected":false},"excerpt":{"rendered":"<p>Campo Grande mais uma vez receber\u00e1 o maior evento de tecnologia voltado ao setor p\u00fablico municipal em Mato Grosso do Sul. Nos dias 26 e 27 de junho, ser\u00e1 realizado o 3\u00ba Congresso Sul-Mato-Grossense de Cidades Digitais e Inteligentes, promovido pela Rede Cidade Digital (RCD), em parceria com a Prefeitura de Campo Grande. O evento [&hellip;]<\/p>\n","protected":false},"author":2,"featured_media":199471,"comment_status":"open","ping_status":"open","sticky":false,"template":"","format":"standard","meta":{"_monsterinsights_skip_tracking":false,"_monsterinsights_sitenote_active":false,"_monsterinsights_sitenote_note":"","_monsterinsights_sitenote_category":0},"categories":[4328],"tags":[123,2352,2576],"aioseo_notices":[],"_links":{"self":[{"href":"https:\/\/mspontocom.com.br\/site\/wp-json\/wp\/v2\/posts\/199470"}],"collection":[{"href":"https:\/\/mspontocom.com.br\/site\/wp-json\/wp\/v2\/posts"}],"about":[{"href":"https:\/\/mspontocom.com.br\/site\/wp-json\/wp\/v2\/types\/post"}],"author":[{"embeddable":true,"href":"https:\/\/mspontocom.com.br\/site\/wp-json\/wp\/v2\/users\/2"}],"replies":[{"embeddable":true,"href":"https:\/\/mspontocom.com.br\/site\/wp-json\/wp\/v2\/comments?post=199470"}],"version-history":[{"count":1,"href":"https:\/\/mspontocom.com.br\/site\/wp-json\/wp\/v2\/posts\/199470\/revisions"}],"predecessor-version":[{"id":199472,"href":"https:\/\/mspontocom.com.br\/site\/wp-json\/wp\/v2\/posts\/199470\/revisions\/199472"}],"wp:featuredmedia":[{"embeddable":true,"href":"https:\/\/mspontocom.com.br\/site\/wp-json\/wp\/v2\/media\/199471"}],"wp:attachment":[{"href":"https:\/\/mspontocom.com.br\/site\/wp-json\/wp\/v2\/media?parent=199470"}],"wp:term":[{"taxonomy":"category","embeddable":true,"href":"https:\/\/mspontocom.com.br\/site\/wp-json\/wp\/v2\/categories?post=199470"},{"taxonomy":"post_tag","embeddable":true,"href":"https:\/\/mspontocom.com.br\/site\/wp-json\/wp\/v2\/tags?post=199470"}],"curies":[{"name":"wp","href":"https:\/\/api.w.org\/{rel}","templated":true}]}}