{"id":199567,"date":"2025-05-06T04:30:55","date_gmt":"2025-05-06T08:30:55","guid":{"rendered":"https:\/\/mspontocom.com.br\/site\/?p=199567"},"modified":"2025-05-06T06:18:57","modified_gmt":"2025-05-06T10:18:57","slug":"maio-amarelo-e-lancado-em-campo-grande-com-foco-na-preservacao-da-vida","status":"publish","type":"post","link":"https:\/\/mspontocom.com.br\/site\/maio-amarelo-e-lancado-em-campo-grande-com-foco-na-preservacao-da-vida\/","title":{"rendered":"Maio Amarelo \u00e9 lan\u00e7ado em Campo Grande com foco na preserva\u00e7\u00e3o da vida"},"content":{"rendered":"<p style=\"text-align: justify;\"><img loading=\"lazy\" class=\"alignnone size-full wp-image-199568\" src=\"http:\/\/mspontocom.com.br\/site\/wp-content\/uploads\/2025\/05\/site-maio-amarelo-e-lancado-em-campo-grande-com-foco-na-preservacao-da-vida-maio.jpeg\" alt=\"\" width=\"1024\" height=\"683\" srcset=\"https:\/\/mspontocom.com.br\/site\/wp-content\/uploads\/2025\/05\/site-maio-amarelo-e-lancado-em-campo-grande-com-foco-na-preservacao-da-vida-maio.jpeg 1024w, https:\/\/mspontocom.com.br\/site\/wp-content\/uploads\/2025\/05\/site-maio-amarelo-e-lancado-em-campo-grande-com-foco-na-preservacao-da-vida-maio-260x173.jpeg 260w, https:\/\/mspontocom.com.br\/site\/wp-content\/uploads\/2025\/05\/site-maio-amarelo-e-lancado-em-campo-grande-com-foco-na-preservacao-da-vida-maio-768x512.jpeg 768w\" sizes=\"(max-width: 1024px) 100vw, 1024px\" \/>A Prefeitura de Campo Grande lan\u00e7ou nesta segunda-feira (5), na Pra\u00e7a Ary Coelho, a Campanha Maio Amarelo 2025, com o tema \u201cDesacelere. A vida pede passagem\u201d.<\/p>\n<p style=\"text-align: justify;\">Ao longo do m\u00eas, diversas a\u00e7\u00f5es educativas ser\u00e3o realizadas em institui\u00e7\u00f5es da Capital, com o objetivo de promover um tr\u00e2nsito mais seguro e humano, valorizando a vida e o papel de cada cidad\u00e3o na constru\u00e7\u00e3o de uma conviv\u00eancia mais consciente.<\/p>\n<blockquote><p><em>\u201cNossos \u00f3rg\u00e3os e agentes est\u00e3o fazendo a diferen\u00e7a em Campo Grande, com um trabalho s\u00e9rio, comprometido e voltado \u00e0 prote\u00e7\u00e3o da vida. A campanha refor\u00e7a a import\u00e2ncia de cada cidad\u00e3o contribuir para um tr\u00e2nsito mais seguro e consciente. Desacelerar \u00e9 um gesto de empatia, de cuidado com o pr\u00f3ximo e com a nossa pr\u00f3pria vida\u201d, destacou a prefeita Adriane Lopes.<\/em><\/p><\/blockquote>\n<p style=\"text-align: justify;\">A edi\u00e7\u00e3o de 2025 da campanha prop\u00f5e um novo olhar sobre o ato de desacelerar.<\/p>\n<p style=\"text-align: justify;\">Mais do que uma mudan\u00e7a de comportamento ao volante, o tema convida \u00e0 desacelera\u00e7\u00e3o do ritmo de vida, incentivando atitudes mais emp\u00e1ticas e conscientes.<\/p>\n<p style=\"text-align: justify;\">O foco principal \u00e9 a preserva\u00e7\u00e3o da vida, colocando o ser humano no centro das discuss\u00f5es sobre mobilidade e seguran\u00e7a vi\u00e1ria.<\/p>\n<p style=\"text-align: justify;\">O Maio Amarelo \u00e9 um movimento mundial de conscientiza\u00e7\u00e3o para a redu\u00e7\u00e3o de sinistros de tr\u00e2nsito, institu\u00eddo pela Organiza\u00e7\u00e3o das Na\u00e7\u00f5es Unidas (ONU) em 2011.<\/p>\n<p style=\"text-align: justify;\">O objetivo \u00e9 colocar em pauta a seguran\u00e7a vi\u00e1ria e mobilizar toda a sociedade \u2014 poder p\u00fablico, empresas, entidades e cidad\u00e3os \u2014 pela constru\u00e7\u00e3o de um tr\u00e2nsito mais seguro.<\/p>\n<p style=\"text-align: justify;\">A cor amarela representa aten\u00e7\u00e3o e sinaliza\u00e7\u00e3o de alerta, remetendo ao compromisso com a valoriza\u00e7\u00e3o da vida.<\/p>\n<p style=\"text-align: justify;\" align=\"justify\"><span style=\"font-family: Times New Roman, serif;\"><span style=\"font-size: medium;\"><span style=\"color: #ff0000;\">Continue em nossa companhia . Veja mais not\u00edcias em:<\/span> <span style=\"color: #0000ff;\"><u><a href=\"http:\/\/www.mspontocom.com.br\/\">www.mspontocom.com.br<\/a><\/u><\/span><\/span><\/span><\/p>\n<p style=\"text-align: justify;\" align=\"justify\"><span style=\"font-family: Times New Roman, serif;\"><span style=\"font-size: medium;\">Instagram e X:\u00a0 @mspontocom<\/span><\/span><\/p>\n","protected":false},"excerpt":{"rendered":"<p>A Prefeitura de Campo Grande lan\u00e7ou nesta segunda-feira (5), na Pra\u00e7a Ary Coelho, a Campanha Maio Amarelo 2025, com o tema \u201cDesacelere. A vida pede passagem\u201d. Ao longo do m\u00eas, diversas a\u00e7\u00f5es educativas ser\u00e3o realizadas em institui\u00e7\u00f5es da Capital, com o objetivo de promover um tr\u00e2nsito mais seguro e humano, valorizando a vida e o [&hellip;]<\/p>\n","protected":false},"author":2,"featured_media":199568,"comment_status":"open","ping_status":"open","sticky":false,"template":"","format":"standard","meta":{"_monsterinsights_skip_tracking":false,"_monsterinsights_sitenote_active":false,"_monsterinsights_sitenote_note":"","_monsterinsights_sitenote_category":0},"categories":[4328],"tags":[123,17128,25000,6917],"aioseo_notices":[],"_links":{"self":[{"href":"https:\/\/mspontocom.com.br\/site\/wp-json\/wp\/v2\/posts\/199567"}],"collection":[{"href":"https:\/\/mspontocom.com.br\/site\/wp-json\/wp\/v2\/posts"}],"about":[{"href":"https:\/\/mspontocom.com.br\/site\/wp-json\/wp\/v2\/types\/post"}],"author":[{"embeddable":true,"href":"https:\/\/mspontocom.com.br\/site\/wp-json\/wp\/v2\/users\/2"}],"replies":[{"embeddable":true,"href":"https:\/\/mspontocom.com.br\/site\/wp-json\/wp\/v2\/comments?post=199567"}],"version-history":[{"count":1,"href":"https:\/\/mspontocom.com.br\/site\/wp-json\/wp\/v2\/posts\/199567\/revisions"}],"predecessor-version":[{"id":199569,"href":"https:\/\/mspontocom.com.br\/site\/wp-json\/wp\/v2\/posts\/199567\/revisions\/199569"}],"wp:featuredmedia":[{"embeddable":true,"href":"https:\/\/mspontocom.com.br\/site\/wp-json\/wp\/v2\/media\/199568"}],"wp:attachment":[{"href":"https:\/\/mspontocom.com.br\/site\/wp-json\/wp\/v2\/media?parent=199567"}],"wp:term":[{"taxonomy":"category","embeddable":true,"href":"https:\/\/mspontocom.com.br\/site\/wp-json\/wp\/v2\/categories?post=199567"},{"taxonomy":"post_tag","embeddable":true,"href":"https:\/\/mspontocom.com.br\/site\/wp-json\/wp\/v2\/tags?post=199567"}],"curies":[{"name":"wp","href":"https:\/\/api.w.org\/{rel}","templated":true}]}}