{"id":199574,"date":"2025-05-06T05:27:33","date_gmt":"2025-05-06T09:27:33","guid":{"rendered":"https:\/\/mspontocom.com.br\/site\/?p=199574"},"modified":"2025-05-06T06:46:09","modified_gmt":"2025-05-06T10:46:09","slug":"renovabr-faz-parceria-com-oea-e-lanca-curso-online-sobre-democracia","status":"publish","type":"post","link":"https:\/\/mspontocom.com.br\/site\/renovabr-faz-parceria-com-oea-e-lanca-curso-online-sobre-democracia\/","title":{"rendered":"RenovaBR faz parceria com OEA e lan\u00e7a curso online sobre democracia"},"content":{"rendered":"<p class=\"styles__ParagraphStyled-sc-6adecn-0 fqYLEx  \" style=\"text-align: justify;\" data-component-name=\"paragraph\"><img loading=\"lazy\" class=\"alignnone size-full wp-image-199575\" src=\"http:\/\/mspontocom.com.br\/site\/wp-content\/uploads\/2025\/05\/site-renovabr-faz-parceria-com-oea-e-lanca-curso-online-sobre-democracia-renova.webp\" alt=\"\" width=\"640\" height=\"424\" srcset=\"https:\/\/mspontocom.com.br\/site\/wp-content\/uploads\/2025\/05\/site-renovabr-faz-parceria-com-oea-e-lanca-curso-online-sobre-democracia-renova.webp 640w, https:\/\/mspontocom.com.br\/site\/wp-content\/uploads\/2025\/05\/site-renovabr-faz-parceria-com-oea-e-lanca-curso-online-sobre-democracia-renova-260x172.webp 260w\" sizes=\"(max-width: 640px) 100vw, 640px\" \/>O\u00a0<a title=\"https:\/\/www.estadao.com.br\/tudo-sobre\/renovabr\/?srsltid=AfmBOoqwmxULEY92gKUQjD2lIB3smdNMoNScBtcb3aZql6mb60XjuxIi\" href=\"https:\/\/www.estadao.com.br\/tudo-sobre\/renovabr\/?srsltid=AfmBOoqwmxULEY92gKUQjD2lIB3smdNMoNScBtcb3aZql6mb60XjuxIi\" target=\"_blank\" rel=\"noopener\"><strong>RenovaBR<\/strong><\/a>, escola de forma\u00e7\u00e3o pol\u00edtica para lideran\u00e7as que desejam disputar elei\u00e7\u00f5es ou fazer parte da gest\u00e3o p\u00fablica, lan\u00e7a nesta ter\u00e7a-feira, 6, o Programa Interamericano de Lideran\u00e7as P\u00fablicas.<\/p>\n<p class=\"styles__ParagraphStyled-sc-6adecn-0 fqYLEx  \" style=\"text-align: justify;\" data-component-name=\"paragraph\">Com foco no fortalecimento da democracia na Am\u00e9rica Latina, o curso tem como parceiras a Organiza\u00e7\u00e3o dos Estados Americanos (OEA) e a\u00a0Rede Democracia+.<\/p>\n<div class=\"styles__MultiParagraphAdStyled-sc-1yb8ue6-0 gXPsoJ\" data-component-name=\"multi-paragraph\">\n<div class=\"paragraph\">\n<p style=\"text-align: justify;\">O curso ter\u00e1 formato online e contar\u00e1 com professores como\u00a0<strong>Francis Fukuyama<\/strong>, da Universidade de Stanford,\u00a0<strong>Jean Michel Arrighi<\/strong>\u00a0e\u00a0<strong>Silverio Zebral Filho<\/strong>, da OEA, e\u00a0<strong>Maria Migliore<\/strong>, da Fundar.<\/p>\n<p style=\"text-align: justify;\">Ser\u00e3o 40 horas de aula ao vivo, com tradu\u00e7\u00e3o simult\u00e2nea em portugu\u00eas, espanhol e ingl\u00eas para cerca de 150 participantes de pa\u00edses como Argentina, Costa Rica, Chile, Col\u00f4mbia, Peru e Uruguai, al\u00e9m do Brasil.<\/p>\n<p style=\"text-align: justify;\" align=\"justify\"><span style=\"font-family: Times New Roman, serif;\"><span style=\"font-size: medium;\"><span style=\"color: #ff0000;\">Continue em nossa companhia . Veja mais not\u00edcias em:<\/span> <span style=\"color: #0000ff;\"><u><a href=\"http:\/\/www.mspontocom.com.br\/\">www.mspontocom.com.br<\/a><\/u><\/span><\/span><\/span><\/p>\n<p style=\"text-align: justify;\" align=\"justify\"><span style=\"font-family: Times New Roman, serif;\"><span style=\"font-size: medium;\">Instagram e X:\u00a0 @mspontocom<\/span><\/span><\/p>\n<p align=\"justify\">fonte: \u00a0<a title=\"Ir para p\u00e1gina do autor\" href=\"https:\/\/www.estadao.com.br\/autores\/iander-porcella\/\" data-component-name=\"pagina-autor\">Iander Porcella<\/a>, O Estad\u00e3o<\/p>\n<p align=\"justify\">\n<\/div>\n<\/div>\n","protected":false},"excerpt":{"rendered":"<p>O\u00a0RenovaBR, escola de forma\u00e7\u00e3o pol\u00edtica para lideran\u00e7as que desejam disputar elei\u00e7\u00f5es ou fazer parte da gest\u00e3o p\u00fablica, lan\u00e7a nesta ter\u00e7a-feira, 6, o Programa Interamericano de Lideran\u00e7as P\u00fablicas. Com foco no fortalecimento da democracia na Am\u00e9rica Latina, o curso tem como parceiras a Organiza\u00e7\u00e3o dos Estados Americanos (OEA) e a\u00a0Rede Democracia+. O curso ter\u00e1 formato online [&hellip;]<\/p>\n","protected":false},"author":2,"featured_media":199575,"comment_status":"open","ping_status":"open","sticky":false,"template":"","format":"standard","meta":{"_monsterinsights_skip_tracking":false,"_monsterinsights_sitenote_active":false,"_monsterinsights_sitenote_note":"","_monsterinsights_sitenote_category":0},"categories":[12],"tags":[17653,129,5417,1194,42953],"aioseo_notices":[],"_links":{"self":[{"href":"https:\/\/mspontocom.com.br\/site\/wp-json\/wp\/v2\/posts\/199574"}],"collection":[{"href":"https:\/\/mspontocom.com.br\/site\/wp-json\/wp\/v2\/posts"}],"about":[{"href":"https:\/\/mspontocom.com.br\/site\/wp-json\/wp\/v2\/types\/post"}],"author":[{"embeddable":true,"href":"https:\/\/mspontocom.com.br\/site\/wp-json\/wp\/v2\/users\/2"}],"replies":[{"embeddable":true,"href":"https:\/\/mspontocom.com.br\/site\/wp-json\/wp\/v2\/comments?post=199574"}],"version-history":[{"count":1,"href":"https:\/\/mspontocom.com.br\/site\/wp-json\/wp\/v2\/posts\/199574\/revisions"}],"predecessor-version":[{"id":199576,"href":"https:\/\/mspontocom.com.br\/site\/wp-json\/wp\/v2\/posts\/199574\/revisions\/199576"}],"wp:featuredmedia":[{"embeddable":true,"href":"https:\/\/mspontocom.com.br\/site\/wp-json\/wp\/v2\/media\/199575"}],"wp:attachment":[{"href":"https:\/\/mspontocom.com.br\/site\/wp-json\/wp\/v2\/media?parent=199574"}],"wp:term":[{"taxonomy":"category","embeddable":true,"href":"https:\/\/mspontocom.com.br\/site\/wp-json\/wp\/v2\/categories?post=199574"},{"taxonomy":"post_tag","embeddable":true,"href":"https:\/\/mspontocom.com.br\/site\/wp-json\/wp\/v2\/tags?post=199574"}],"curies":[{"name":"wp","href":"https:\/\/api.w.org\/{rel}","templated":true}]}}