{"id":199589,"date":"2025-05-07T05:32:59","date_gmt":"2025-05-07T09:32:59","guid":{"rendered":"https:\/\/mspontocom.com.br\/site\/?p=199589"},"modified":"2025-05-07T05:32:59","modified_gmt":"2025-05-07T09:32:59","slug":"conferencia-reforca-compromisso-da-prefeitura-de-campo-grande-com-o-publico-lgbtqia","status":"publish","type":"post","link":"https:\/\/mspontocom.com.br\/site\/conferencia-reforca-compromisso-da-prefeitura-de-campo-grande-com-o-publico-lgbtqia\/","title":{"rendered":"Confer\u00eancia refor\u00e7a compromisso da Prefeitura de Campo Grande com o p\u00fablico LGBTQIA+"},"content":{"rendered":"<p style=\"text-align: justify;\"><img loading=\"lazy\" class=\"alignnone size-full wp-image-199599\" src=\"http:\/\/mspontocom.com.br\/site\/wp-content\/uploads\/2025\/05\/site-conferencia-reforca-compromisso-da-prefeitura-de-campo-grande-com-o-publico-lgbtqia-lg.jpg\" alt=\"\" width=\"850\" height=\"565\" srcset=\"https:\/\/mspontocom.com.br\/site\/wp-content\/uploads\/2025\/05\/site-conferencia-reforca-compromisso-da-prefeitura-de-campo-grande-com-o-publico-lgbtqia-lg.jpg 850w, https:\/\/mspontocom.com.br\/site\/wp-content\/uploads\/2025\/05\/site-conferencia-reforca-compromisso-da-prefeitura-de-campo-grande-com-o-publico-lgbtqia-lg-260x173.jpg 260w, https:\/\/mspontocom.com.br\/site\/wp-content\/uploads\/2025\/05\/site-conferencia-reforca-compromisso-da-prefeitura-de-campo-grande-com-o-publico-lgbtqia-lg-768x510.jpg 768w\" sizes=\"(max-width: 850px) 100vw, 850px\" \/>O Centro de Conviv\u00eancia do Idoso (CCI) Vov\u00f3 Ziza ser\u00e1 palco, nesta<strong> quinta-feira (08),<\/strong> da \u201c2\u00aa Confer\u00eancia Regional dos Direitos da Pessoa LGBTQIA+ de Campo Grande e Regi\u00e3o\u201d, evento voltado \u00e0 promo\u00e7\u00e3o e fortalecimento dos direitos da popula\u00e7\u00e3o <strong>LGBTQIA+.<\/strong><\/p>\n<p style=\"text-align: justify;\">A Confer\u00eancia Regional \u00e9 organizada por uma comiss\u00e3o composta por representantes da sociedade civil e do poder p\u00fablico e tem como objetivo principal aprofundar o debate sobre a implementa\u00e7\u00e3o e o fortalecimento da Pol\u00edtica Nacional LGBTQIA+.<\/p>\n<p style=\"text-align: justify;\">A iniciativa \u00e9 composta por quatro eixos tem\u00e1ticos essenciais para a garantia de direitos e inclus\u00e3o social: enfrentamento \u00e0 viol\u00eancia LGBTQIA+, trabalho digno e gera\u00e7\u00e3o de renda, interseccionalidade e internacionaliza\u00e7\u00e3o, al\u00e9m da institucionaliza\u00e7\u00e3o da Pol\u00edtica Nacional.<\/p>\n<blockquote><p><em>\u201cA realiza\u00e7\u00e3o da confer\u00eancia evidencia o compromisso da gest\u00e3o p\u00fablica com a promo\u00e7\u00e3o de uma sociedade igualit\u00e1ria, reconhecendo a import\u00e2ncia de ouvir e envolver a sociedade civil na formula\u00e7\u00e3o de propostas que possam impactar positivamente a vida das pessoas LGBTQIA+\u201d, afirmou a superintendente de Pol\u00edtica de Direitos Humanos da SAS, Priscilla Justi.<\/em><\/p><\/blockquote>\n<p style=\"text-align: justify;\">A palestra de abertura ser\u00e1 ministrada pela secret\u00e1ria de Estado de Assist\u00eancia Social e dos Direitos Humanos, Patr\u00edcia Elias Cozzolino de Oliveira, que ir\u00e1 abordar o tema <strong>\u201cAvan\u00e7os e Desafios sobre os Direitos da Pessoa LGBTQIA+ em Campo Grande\u201d<\/strong>.<\/p>\n<p style=\"text-align: justify;\">Ap\u00f3s a abertura do evento os participantes ser\u00e3o divididos em grupos de discuss\u00e3o para debater os temas dos eixos e elaborar propostas que ser\u00e3o enviadas para o evento estadual, que acontecer\u00e1 em agosto e a Confer\u00eancia nacional, a ser realizada em outubro, em Bras\u00edlia.<\/p>\n<p style=\"text-align: justify;\">Entre as principais propostas que ser\u00e3o discutidas na Confer\u00eancia est\u00e3o a implementa\u00e7\u00e3o efetiva de pol\u00edticas p\u00fablicas que combatam a viol\u00eancia, promovam a inclus\u00e3o no mercado de trabalho e reforcem a import\u00e2ncia da interseccionalidade na luta por direitos.<\/p>\n<p style=\"text-align: justify;\" align=\"justify\"><span style=\"font-family: Times New Roman, serif;\"><span style=\"font-size: medium;\"><span style=\"color: #ff0000;\">Continue em nossa companhia . Veja mais not\u00edcias em:<\/span> <span style=\"color: #0000ff;\"><u><a href=\"http:\/\/www.mspontocom.com.br\/\">www.mspontocom.com.br<\/a><\/u><\/span><\/span><\/span><\/p>\n<p style=\"text-align: justify;\" align=\"justify\"><span style=\"font-family: Times New Roman, serif;\"><span style=\"font-size: medium;\">Instagram e X:\u00a0 @mspontocom<\/span><\/span><\/p>\n","protected":false},"excerpt":{"rendered":"<p>O Centro de Conviv\u00eancia do Idoso (CCI) Vov\u00f3 Ziza ser\u00e1 palco, nesta quinta-feira (08), da \u201c2\u00aa Confer\u00eancia Regional dos Direitos da Pessoa LGBTQIA+ de Campo Grande e Regi\u00e3o\u201d, evento voltado \u00e0 promo\u00e7\u00e3o e fortalecimento dos direitos da popula\u00e7\u00e3o LGBTQIA+. A Confer\u00eancia Regional \u00e9 organizada por uma comiss\u00e3o composta por representantes da sociedade civil e do [&hellip;]<\/p>\n","protected":false},"author":2,"featured_media":199599,"comment_status":"open","ping_status":"open","sticky":false,"template":"","format":"standard","meta":{"_monsterinsights_skip_tracking":false,"_monsterinsights_sitenote_active":false,"_monsterinsights_sitenote_note":"","_monsterinsights_sitenote_category":0},"categories":[4328],"tags":[123,27550,42954,165],"aioseo_notices":[],"_links":{"self":[{"href":"https:\/\/mspontocom.com.br\/site\/wp-json\/wp\/v2\/posts\/199589"}],"collection":[{"href":"https:\/\/mspontocom.com.br\/site\/wp-json\/wp\/v2\/posts"}],"about":[{"href":"https:\/\/mspontocom.com.br\/site\/wp-json\/wp\/v2\/types\/post"}],"author":[{"embeddable":true,"href":"https:\/\/mspontocom.com.br\/site\/wp-json\/wp\/v2\/users\/2"}],"replies":[{"embeddable":true,"href":"https:\/\/mspontocom.com.br\/site\/wp-json\/wp\/v2\/comments?post=199589"}],"version-history":[{"count":2,"href":"https:\/\/mspontocom.com.br\/site\/wp-json\/wp\/v2\/posts\/199589\/revisions"}],"predecessor-version":[{"id":199600,"href":"https:\/\/mspontocom.com.br\/site\/wp-json\/wp\/v2\/posts\/199589\/revisions\/199600"}],"wp:featuredmedia":[{"embeddable":true,"href":"https:\/\/mspontocom.com.br\/site\/wp-json\/wp\/v2\/media\/199599"}],"wp:attachment":[{"href":"https:\/\/mspontocom.com.br\/site\/wp-json\/wp\/v2\/media?parent=199589"}],"wp:term":[{"taxonomy":"category","embeddable":true,"href":"https:\/\/mspontocom.com.br\/site\/wp-json\/wp\/v2\/categories?post=199589"},{"taxonomy":"post_tag","embeddable":true,"href":"https:\/\/mspontocom.com.br\/site\/wp-json\/wp\/v2\/tags?post=199589"}],"curies":[{"name":"wp","href":"https:\/\/api.w.org\/{rel}","templated":true}]}}