{"id":199718,"date":"2025-05-12T06:35:29","date_gmt":"2025-05-12T10:35:29","guid":{"rendered":"https:\/\/mspontocom.com.br\/site\/?p=199718"},"modified":"2025-05-12T06:35:29","modified_gmt":"2025-05-12T10:35:29","slug":"campo-grande-e-a-4a-capital-com-melhor-qualidade-de-vida-do-brasil","status":"publish","type":"post","link":"https:\/\/mspontocom.com.br\/site\/campo-grande-e-a-4a-capital-com-melhor-qualidade-de-vida-do-brasil\/","title":{"rendered":"Campo Grande \u00e9 a 4\u00aa capital com melhor qualidade de vida do Brasil"},"content":{"rendered":"<p style=\"text-align: justify;\"><img loading=\"lazy\" class=\"alignnone size-full wp-image-199725\" src=\"http:\/\/mspontocom.com.br\/site\/wp-content\/uploads\/2025\/05\/site-campo-grande-esta-entre-as-dez-capitais-com-melhor-qualidade-de-vida-do-brasil-campograndecidade.jpg\" alt=\"\" width=\"745\" height=\"345\" srcset=\"https:\/\/mspontocom.com.br\/site\/wp-content\/uploads\/2025\/05\/site-campo-grande-esta-entre-as-dez-capitais-com-melhor-qualidade-de-vida-do-brasil-campograndecidade.jpg 745w, https:\/\/mspontocom.com.br\/site\/wp-content\/uploads\/2025\/05\/site-campo-grande-esta-entre-as-dez-capitais-com-melhor-qualidade-de-vida-do-brasil-campograndecidade-260x120.jpg 260w\" sizes=\"(max-width: 745px) 100vw, 745px\" \/>Campo Grande est\u00e1 entre as dez capitais brasileiras com melhor qualidade de vida, de acordo com o<strong> \u00cdndice Firjan de Desenvolvimento Municipal (IFDM)<\/strong>, divulgado agora em maio.<\/p>\n<p style=\"text-align: justify;\">A capital sul-mato-grossense ocupa a 4\u00aa coloca\u00e7\u00e3o no ranking nacional, com nota 0,8101, considerada alta segundo a metodologia do estudo.<\/p>\n<p style=\"text-align: justify;\">O levantamento \u00e9 elaborado pela Federa\u00e7\u00e3o das Ind\u00fastrias do Estado do Rio de Janeiro (Firjan) e avalia o desempenho dos munic\u00edpios a partir de indicadores como emprego, renda, sa\u00fade, educa\u00e7\u00e3o e Produto Interno Bruto (PIB).<\/p>\n<p style=\"text-align: justify;\">Campo Grande, com seu desempenho atual, \u00e9 uma das poucas capitais a atingir a faixa de desenvolvimento alto.<\/p>\n<p style=\"text-align: justify;\">Pela metodologia, a classifica\u00e7\u00e3o se divide entre desenvolvimento cr\u00edtico (0 a 0,4), desenvolvimento baixo (0,4 a 0,6), desenvolvimento moderado (0,6 a 0,8) e desenvolvimento alto (0,8 a 1).<\/p>\n<p style=\"text-align: justify;\">Na educa\u00e7\u00e3o, uma das prioridades da gest\u00e3o municipal, foram implementadas a\u00e7\u00f5es como o aumento de vagas na Rede Municipal de Ensino (Reme), reformas em todas as unidades escolares, retomada de obras paradas h\u00e1 mais de 10 anos e a instala\u00e7\u00e3o de aparelhos de ar-condicionado.<\/p>\n<p style=\"text-align: justify;\">Esses avan\u00e7os v\u00e3o contribuir para uma melhoria ainda maior nos pr\u00f3ximos indicadores.<\/p>\n<p style=\"text-align: justify;\">Na \u00e1rea da sa\u00fade, o \u00edndice tamb\u00e9m apresentou avan\u00e7o, subindo de 0,7133 para 0,7501, refletindo os investimentos feitos no setor.<\/p>\n<p style=\"text-align: justify;\">Para a prefeita Adriane Lopes, a posi\u00e7\u00e3o de destaque no ranking \u00e9 resultado de uma administra\u00e7\u00e3o que tem trabalhado com planejamento, responsabilidade e foco em resultados.<\/p>\n<blockquote><p><em>\u201cEste reconhecimento refor\u00e7a que estamos no caminho certo, com pol\u00edticas p\u00fablicas que melhoram a vida das pessoas. Seguimos fazendo o que precisa ser feito e fazendo o certo investindo em \u00e1reas essenciais para garantir oportunidades, qualidade nos servi\u00e7os e desenvolvimento sustent\u00e1vel para Campo Grande\u201d, afirmou.<\/em><\/p><\/blockquote>\n<p style=\"text-align: justify;\"><strong>Confira o quadro de capitais:<\/strong><\/p>\n<p style=\"text-align: justify;\">Curitiba (PR) \u2013 0,8855<\/p>\n<p style=\"text-align: justify;\">S\u00e3o Paulo (SP) \u2013 0,8271<\/p>\n<p style=\"text-align: justify;\">Vit\u00f3ria (ES) \u2013 0,8200<\/p>\n<p style=\"text-align: justify;\">Campo Grande (MS) \u2013 0,8101<\/p>\n<p style=\"text-align: justify;\">Belo Horizonte (MG) \u2013 0,8063<\/p>\n<p style=\"text-align: justify;\">Rio de Janeiro (RJ) \u2013 0,7933<\/p>\n<p style=\"text-align: justify;\">Cuiab\u00e1 (MT) \u2013 0,7922<\/p>\n<p style=\"text-align: justify;\">Palmas (TO) \u2013 0,7889<\/p>\n<p style=\"text-align: justify;\">Goi\u00e2nia (GO) \u2013 0,7865<\/p>\n<p style=\"text-align: justify;\">Florian\u00f3polis (SC) \u2013 0,7733<\/p>\n<p align=\"justify\"><span style=\"font-family: Times New Roman, serif;\"><span style=\"font-size: medium;\"><span style=\"color: #ff0000;\">Continue em nossa companhia . Veja mais not\u00edcias em:<\/span> <span style=\"color: #0000ff;\"><u><a href=\"http:\/\/www.mspontocom.com.br\/\">www.mspontocom.com.br<\/a><\/u><\/span><\/span><\/span><\/p>\n<p align=\"justify\"><span style=\"font-family: Times New Roman, serif;\"><span style=\"font-size: medium;\">Instagram e X:\u00a0 @mspontocom<\/span><\/span><\/p>\n<p>&nbsp;<\/p>\n","protected":false},"excerpt":{"rendered":"<p>Campo Grande est\u00e1 entre as dez capitais brasileiras com melhor qualidade de vida, de acordo com o \u00cdndice Firjan de Desenvolvimento Municipal (IFDM), divulgado agora em maio. A capital sul-mato-grossense ocupa a 4\u00aa coloca\u00e7\u00e3o no ranking nacional, com nota 0,8101, considerada alta segundo a metodologia do estudo. O levantamento \u00e9 elaborado pela Federa\u00e7\u00e3o das Ind\u00fastrias [&hellip;]<\/p>\n","protected":false},"author":2,"featured_media":199725,"comment_status":"open","ping_status":"open","sticky":false,"template":"","format":"standard","meta":{"_monsterinsights_skip_tracking":false,"_monsterinsights_sitenote_active":false,"_monsterinsights_sitenote_note":"","_monsterinsights_sitenote_category":0},"categories":[4328],"tags":[123,23436,27941,6917],"aioseo_notices":[],"_links":{"self":[{"href":"https:\/\/mspontocom.com.br\/site\/wp-json\/wp\/v2\/posts\/199718"}],"collection":[{"href":"https:\/\/mspontocom.com.br\/site\/wp-json\/wp\/v2\/posts"}],"about":[{"href":"https:\/\/mspontocom.com.br\/site\/wp-json\/wp\/v2\/types\/post"}],"author":[{"embeddable":true,"href":"https:\/\/mspontocom.com.br\/site\/wp-json\/wp\/v2\/users\/2"}],"replies":[{"embeddable":true,"href":"https:\/\/mspontocom.com.br\/site\/wp-json\/wp\/v2\/comments?post=199718"}],"version-history":[{"count":2,"href":"https:\/\/mspontocom.com.br\/site\/wp-json\/wp\/v2\/posts\/199718\/revisions"}],"predecessor-version":[{"id":199726,"href":"https:\/\/mspontocom.com.br\/site\/wp-json\/wp\/v2\/posts\/199718\/revisions\/199726"}],"wp:featuredmedia":[{"embeddable":true,"href":"https:\/\/mspontocom.com.br\/site\/wp-json\/wp\/v2\/media\/199725"}],"wp:attachment":[{"href":"https:\/\/mspontocom.com.br\/site\/wp-json\/wp\/v2\/media?parent=199718"}],"wp:term":[{"taxonomy":"category","embeddable":true,"href":"https:\/\/mspontocom.com.br\/site\/wp-json\/wp\/v2\/categories?post=199718"},{"taxonomy":"post_tag","embeddable":true,"href":"https:\/\/mspontocom.com.br\/site\/wp-json\/wp\/v2\/tags?post=199718"}],"curies":[{"name":"wp","href":"https:\/\/api.w.org\/{rel}","templated":true}]}}