{"id":199731,"date":"2025-05-13T05:34:49","date_gmt":"2025-05-13T09:34:49","guid":{"rendered":"https:\/\/mspontocom.com.br\/site\/?p=199731"},"modified":"2025-05-13T05:34:49","modified_gmt":"2025-05-13T09:34:49","slug":"lula-compara-sua-eleicao-a-revolucao-comunista-na-china","status":"publish","type":"post","link":"https:\/\/mspontocom.com.br\/site\/lula-compara-sua-eleicao-a-revolucao-comunista-na-china\/","title":{"rendered":"Lula compara sua elei\u00e7\u00e3o \u00e0 revolu\u00e7\u00e3o comunista na China"},"content":{"rendered":"<p style=\"text-align: justify;\"><img loading=\"lazy\" class=\"alignnone size-full wp-image-199743\" src=\"http:\/\/mspontocom.com.br\/site\/wp-content\/uploads\/2025\/05\/site-lula-compara-sua-eleicao-a-revolucao-comunista-de-mao-tse-tung-na-china-lula-china.webp\" alt=\"\" width=\"1280\" height=\"600\" srcset=\"https:\/\/mspontocom.com.br\/site\/wp-content\/uploads\/2025\/05\/site-lula-compara-sua-eleicao-a-revolucao-comunista-de-mao-tse-tung-na-china-lula-china.webp 1280w, https:\/\/mspontocom.com.br\/site\/wp-content\/uploads\/2025\/05\/site-lula-compara-sua-eleicao-a-revolucao-comunista-de-mao-tse-tung-na-china-lula-china-260x122.webp 260w, https:\/\/mspontocom.com.br\/site\/wp-content\/uploads\/2025\/05\/site-lula-compara-sua-eleicao-a-revolucao-comunista-de-mao-tse-tung-na-china-lula-china-1024x480.webp 1024w, https:\/\/mspontocom.com.br\/site\/wp-content\/uploads\/2025\/05\/site-lula-compara-sua-eleicao-a-revolucao-comunista-de-mao-tse-tung-na-china-lula-china-768x360.webp 768w\" sizes=\"(max-width: 1280px) 100vw, 1280px\" \/>O presidente<strong> Lula<\/strong>\u00a0afirmou nesta segunda-feira (12), em discurso de encerramento do F\u00f3rum Empresarial Brasil-China, que suas vit\u00f3rias eleitorais no Brasil t\u00eam o mesmo significado social da <strong>revolu\u00e7\u00e3o comunista<\/strong> chinesa de 1949.<\/p>\n<p style=\"text-align: justify;\">A fala foi feita durante visita oficial a Pequim, onde o presidente participa de agendas bilaterais e econ\u00f4micas.<\/p>\n<blockquote><p><em>\u201c\u00c9 a \u00fanica raz\u00e3o que eu acredito que valeu a pena a revolu\u00e7\u00e3o chinesa de 1949. O que valeu nossas elei\u00e7\u00f5es no Brasil \u00e9 provar que quando um governo tem compromissos sociais e n\u00e3o esquece as origens daqueles que chegaram ao poder e querem governar para todos, as coisas melhoram\u201d, disse Lula.<\/em><\/p><\/blockquote>\n<p style=\"text-align: justify;\">Durante o discurso, o petista alegou que tanto o Brasil quanto a China conseguiram reduzir significativamente os \u00edndices de pobreza.<\/p>\n<p style=\"text-align: justify;\">Lula pontuou,<strong><span style=\"font-size: 14pt;\"> sem nunca apresentar provas<\/span>,<\/strong> que sob seus governos, 54 milh\u00f5es de brasileiros deixaram a linha da mis\u00e9ria, enquanto o Partido Comunista Chin\u00eas (PCCh) teria retirado cerca de 800 milh\u00f5es de pessoas da pobreza ao longo das \u00faltimas quatro d\u00e9cadas.<\/p>\n<div id=\"conex-3965249001\" class=\"conex-inline-3-4-desktop\">\n<p style=\"text-align: justify;\" align=\"justify\"><span style=\"font-family: Times New Roman, serif;\"><span style=\"font-size: medium;\"><span style=\"color: #ff0000;\">Continue em nossa companhia . Veja mais not\u00edcias em:<\/span> <span style=\"color: #0000ff;\"><u><a href=\"http:\/\/www.mspontocom.com.br\/\">www.mspontocom.com.br<\/a><\/u><\/span><\/span><\/span><\/p>\n<p style=\"text-align: justify;\" align=\"justify\"><span style=\"font-family: Times New Roman, serif;\"><span style=\"font-size: medium;\">Instagram e X:\u00a0 @mspontocom<\/span><\/span><\/p>\n<\/div>\n","protected":false},"excerpt":{"rendered":"<p>O presidente Lula\u00a0afirmou nesta segunda-feira (12), em discurso de encerramento do F\u00f3rum Empresarial Brasil-China, que suas vit\u00f3rias eleitorais no Brasil t\u00eam o mesmo significado social da revolu\u00e7\u00e3o comunista chinesa de 1949. A fala foi feita durante visita oficial a Pequim, onde o presidente participa de agendas bilaterais e econ\u00f4micas. \u201c\u00c9 a \u00fanica raz\u00e3o que eu [&hellip;]<\/p>\n","protected":false},"author":2,"featured_media":199743,"comment_status":"open","ping_status":"open","sticky":false,"template":"","format":"standard","meta":{"_monsterinsights_skip_tracking":false,"_monsterinsights_sitenote_active":false,"_monsterinsights_sitenote_note":"","_monsterinsights_sitenote_category":0},"categories":[30260,7,30259,12],"tags":[34498,275,38343,479,480],"aioseo_notices":[],"_links":{"self":[{"href":"https:\/\/mspontocom.com.br\/site\/wp-json\/wp\/v2\/posts\/199731"}],"collection":[{"href":"https:\/\/mspontocom.com.br\/site\/wp-json\/wp\/v2\/posts"}],"about":[{"href":"https:\/\/mspontocom.com.br\/site\/wp-json\/wp\/v2\/types\/post"}],"author":[{"embeddable":true,"href":"https:\/\/mspontocom.com.br\/site\/wp-json\/wp\/v2\/users\/2"}],"replies":[{"embeddable":true,"href":"https:\/\/mspontocom.com.br\/site\/wp-json\/wp\/v2\/comments?post=199731"}],"version-history":[{"count":2,"href":"https:\/\/mspontocom.com.br\/site\/wp-json\/wp\/v2\/posts\/199731\/revisions"}],"predecessor-version":[{"id":199744,"href":"https:\/\/mspontocom.com.br\/site\/wp-json\/wp\/v2\/posts\/199731\/revisions\/199744"}],"wp:featuredmedia":[{"embeddable":true,"href":"https:\/\/mspontocom.com.br\/site\/wp-json\/wp\/v2\/media\/199743"}],"wp:attachment":[{"href":"https:\/\/mspontocom.com.br\/site\/wp-json\/wp\/v2\/media?parent=199731"}],"wp:term":[{"taxonomy":"category","embeddable":true,"href":"https:\/\/mspontocom.com.br\/site\/wp-json\/wp\/v2\/categories?post=199731"},{"taxonomy":"post_tag","embeddable":true,"href":"https:\/\/mspontocom.com.br\/site\/wp-json\/wp\/v2\/tags?post=199731"}],"curies":[{"name":"wp","href":"https:\/\/api.w.org\/{rel}","templated":true}]}}