{"id":199751,"date":"2025-05-13T04:45:17","date_gmt":"2025-05-13T08:45:17","guid":{"rendered":"https:\/\/mspontocom.com.br\/site\/?p=199751"},"modified":"2025-05-13T05:59:18","modified_gmt":"2025-05-13T09:59:18","slug":"campo-grande-apresenta-projeto-inovador-de-habitacao-em-evento-em-sao-paulo","status":"publish","type":"post","link":"https:\/\/mspontocom.com.br\/site\/campo-grande-apresenta-projeto-inovador-de-habitacao-em-evento-em-sao-paulo\/","title":{"rendered":"Campo Grande apresenta projeto inovador de habita\u00e7\u00e3o em evento em S\u00e3o Paulo"},"content":{"rendered":"<p style=\"text-align: justify;\"><img loading=\"lazy\" class=\"alignnone size-full wp-image-199752\" src=\"http:\/\/mspontocom.com.br\/site\/wp-content\/uploads\/2025\/05\/site-campo-grande-apresenta-projeto-inovador-de-habitacao-em-evento-em-sao-paulo-campo-grande-vista-aerea-1536x864-1.jpeg\" alt=\"\" width=\"1536\" height=\"864\" srcset=\"https:\/\/mspontocom.com.br\/site\/wp-content\/uploads\/2025\/05\/site-campo-grande-apresenta-projeto-inovador-de-habitacao-em-evento-em-sao-paulo-campo-grande-vista-aerea-1536x864-1.jpeg 1536w, https:\/\/mspontocom.com.br\/site\/wp-content\/uploads\/2025\/05\/site-campo-grande-apresenta-projeto-inovador-de-habitacao-em-evento-em-sao-paulo-campo-grande-vista-aerea-1536x864-1-260x146.jpeg 260w, https:\/\/mspontocom.com.br\/site\/wp-content\/uploads\/2025\/05\/site-campo-grande-apresenta-projeto-inovador-de-habitacao-em-evento-em-sao-paulo-campo-grande-vista-aerea-1536x864-1-1024x576.jpeg 1024w, https:\/\/mspontocom.com.br\/site\/wp-content\/uploads\/2025\/05\/site-campo-grande-apresenta-projeto-inovador-de-habitacao-em-evento-em-sao-paulo-campo-grande-vista-aerea-1536x864-1-768x432.jpeg 768w\" sizes=\"(max-width: 1536px) 100vw, 1536px\" \/>A Prefeitura de Campo Grande realiza, no pr\u00f3ximo dia 23 de maio, em S\u00e3o Paulo, o<strong>\u00a0<em>Roadshow<\/em>\u00a0da PPP Morar Melhor. <\/strong><\/p>\n<p style=\"text-align: justify;\">O projeto pioneiro de Parceria P\u00fablico Privada com foco em Loca\u00e7\u00e3o Social visa ampliar o acesso \u00e0 moradia digna e de qualidade na capital sul-mato-grossense.<\/p>\n<p style=\"text-align: justify;\">A iniciativa contar\u00e1 com a apresenta\u00e7\u00e3o oficial do projeto estruturado pela Prefeitura com assessoramento t\u00e9cnico da Caixa Econ\u00f4mica Federal, apoio institucional da Secretaria Nacional de Habita\u00e7\u00e3o (SNH) e coordena\u00e7\u00e3o estrat\u00e9gica da Secretaria Especial do Programa de Parcerias de Investimentos (SEPPI) do Governo Federal.<\/p>\n<p style=\"text-align: justify;\">Durante o encontro, ser\u00e3o apresentadas as principais caracter\u00edsticas do edital e do contrato da PPP, al\u00e9m das premissas, metodologias e elementos t\u00e9cnicos que nortearam a modelagem do projeto.<\/p>\n<p style=\"text-align: justify;\">No per\u00edodo da tarde, haver\u00e1 espa\u00e7o para reuni\u00f5es individuais com interessados, com dura\u00e7\u00e3o de 30 minutos cada, voltadas ao aprofundamento de an\u00e1lises e esclarecimento de d\u00favidas.<\/p>\n<p style=\"text-align: justify;\"><span style=\"font-size: 14pt;\"><strong>Sobre o projeto<\/strong><\/span><\/p>\n<p style=\"text-align: justify;\">A PPP Morar Melhor \u00e9 uma iniciativa inovadora da pol\u00edtica habitacional municipal, voltada para a oferta de moradia por meio de Loca\u00e7\u00e3o Social, beneficiando fam\u00edlias com \u00f4nus excessivo em aluguel e que ainda n\u00e3o foram contempladas por outros programas habitacionais.<\/p>\n<p style=\"text-align: justify;\">O programa atender\u00e1 fam\u00edlias com renda mensal entre 1 e 3 sal\u00e1rios-m\u00ednimos, podendo alcan\u00e7ar at\u00e9 5 sal\u00e1rios-m\u00ednimos, desde que a renda per capita n\u00e3o ultrapasse 1 sal\u00e1rio-m\u00ednimo.<\/p>\n<p style=\"text-align: justify;\">No modelo de Loca\u00e7\u00e3o Social estruturado na PPP, as fam\u00edlias beneficiadas arcar\u00e3o com um aluguel que n\u00e3o poder\u00e1 ultrapassar 20% de sua renda familiar bruta, enquanto a Prefeitura subsidiar\u00e1 o valor excedente.<\/p>\n<p style=\"text-align: justify;\">Esse formato visa reduzir o d\u00e9ficit habitacional causado pelo \u00f4nus excessivo das despesas com moradia.<\/p>\n<p style=\"text-align: justify;\">O projeto PPP Morar Melhor prev\u00ea a constru\u00e7\u00e3o de novos empreendimentos habitacionais em Campo Grande, totalizando 817 unidades habitacionais, com investimentos estimados em cerca de R$ 120 milh\u00f5es e dura\u00e7\u00e3o de 25 anos.<\/p>\n<p style=\"text-align: justify;\">A execu\u00e7\u00e3o do projeto ser\u00e1 viabilizada por meio de uma PPP, na qual o parceiro privado ficar\u00e1 respons\u00e1vel n\u00e3o apenas pela constru\u00e7\u00e3o dos empreendimentos, mas tamb\u00e9m pela gest\u00e3o condominial, garantindo a manuten\u00e7\u00e3o, limpeza e seguran\u00e7a das \u00e1reas comuns ao longo de todo o per\u00edodo contratual, estimado em 25 anos.<\/p>\n<p style=\"text-align: justify;\">Al\u00e9m disso, durante a vig\u00eancia do contrato, o parceiro privado dever\u00e1 desenvolver a\u00e7\u00f5es sociais voltadas aos benefici\u00e1rios, incluindo programas de capacita\u00e7\u00e3o e treinamento, promovendo a autonomia das fam\u00edlias e fortalecendo a integra\u00e7\u00e3o comunit\u00e1ria.<\/p>\n<p style=\"text-align: justify;\"><strong>Servi\u00e7o<\/strong><\/p>\n<p style=\"text-align: justify;\"><strong>Data:<\/strong>\u00a023 de maio de 2025<strong><br \/>\n<\/strong><strong>Hor\u00e1rio:<\/strong>\u00a009h \u00e0s 11h<br \/>\n<strong>Local:<\/strong>\u00a0Pr\u00e9dio Pra\u00e7a | Audit\u00f3rio B3 \u2013 Rua XV de Novembro, n\u00ba 275, S\u00e3o Paulo\/SP<\/p>\n<p style=\"text-align: justify;\">Confirme sua presen\u00e7a e garanta sua participa\u00e7\u00e3o clicando<strong><a href=\"https:\/\/docs.google.com\/forms\/d\/e\/1FAIpQLSfczZcqCxNM7uSDplkyNeYZUIRljpnFsmvutyFZld1CISCD7A\/viewform?usp=send_form\">\u00a0aqui.<\/a><\/strong><\/p>\n<p>&nbsp;<\/p>\n<p align=\"justify\"><span style=\"font-family: Times New Roman, serif;\"><span style=\"font-size: medium;\"><span style=\"color: #ff0000;\">Continue em nossa companhia . Veja mais not\u00edcias em<\/span>: <span style=\"color: #0000ff;\"><u><a href=\"http:\/\/www.mspontocom.com.br\/\">www.mspontocom.com.br<\/a><\/u><\/span><\/span><\/span><\/p>\n<p align=\"justify\"><span style=\"font-family: Times New Roman, serif;\"><span style=\"font-size: medium;\">Instagram e X:\u00a0 @mspontocom<\/span><\/span><\/p>\n","protected":false},"excerpt":{"rendered":"<p>A Prefeitura de Campo Grande realiza, no pr\u00f3ximo dia 23 de maio, em S\u00e3o Paulo, o\u00a0Roadshow\u00a0da PPP Morar Melhor. O projeto pioneiro de Parceria P\u00fablico Privada com foco em Loca\u00e7\u00e3o Social visa ampliar o acesso \u00e0 moradia digna e de qualidade na capital sul-mato-grossense. A iniciativa contar\u00e1 com a apresenta\u00e7\u00e3o oficial do projeto estruturado pela [&hellip;]<\/p>\n","protected":false},"author":2,"featured_media":199752,"comment_status":"open","ping_status":"open","sticky":false,"template":"","format":"standard","meta":{"_monsterinsights_skip_tracking":false,"_monsterinsights_sitenote_active":false,"_monsterinsights_sitenote_note":"","_monsterinsights_sitenote_category":0},"categories":[4328],"tags":[123,41410,607,42976],"aioseo_notices":[],"_links":{"self":[{"href":"https:\/\/mspontocom.com.br\/site\/wp-json\/wp\/v2\/posts\/199751"}],"collection":[{"href":"https:\/\/mspontocom.com.br\/site\/wp-json\/wp\/v2\/posts"}],"about":[{"href":"https:\/\/mspontocom.com.br\/site\/wp-json\/wp\/v2\/types\/post"}],"author":[{"embeddable":true,"href":"https:\/\/mspontocom.com.br\/site\/wp-json\/wp\/v2\/users\/2"}],"replies":[{"embeddable":true,"href":"https:\/\/mspontocom.com.br\/site\/wp-json\/wp\/v2\/comments?post=199751"}],"version-history":[{"count":1,"href":"https:\/\/mspontocom.com.br\/site\/wp-json\/wp\/v2\/posts\/199751\/revisions"}],"predecessor-version":[{"id":199753,"href":"https:\/\/mspontocom.com.br\/site\/wp-json\/wp\/v2\/posts\/199751\/revisions\/199753"}],"wp:featuredmedia":[{"embeddable":true,"href":"https:\/\/mspontocom.com.br\/site\/wp-json\/wp\/v2\/media\/199752"}],"wp:attachment":[{"href":"https:\/\/mspontocom.com.br\/site\/wp-json\/wp\/v2\/media?parent=199751"}],"wp:term":[{"taxonomy":"category","embeddable":true,"href":"https:\/\/mspontocom.com.br\/site\/wp-json\/wp\/v2\/categories?post=199751"},{"taxonomy":"post_tag","embeddable":true,"href":"https:\/\/mspontocom.com.br\/site\/wp-json\/wp\/v2\/tags?post=199751"}],"curies":[{"name":"wp","href":"https:\/\/api.w.org\/{rel}","templated":true}]}}