{"id":199803,"date":"2025-05-16T06:01:29","date_gmt":"2025-05-16T10:01:29","guid":{"rendered":"https:\/\/mspontocom.com.br\/site\/?p=199803"},"modified":"2025-05-16T06:01:29","modified_gmt":"2025-05-16T10:01:29","slug":"trump-quer-declarar-pcc-e-cv-como-terroristas-a-revelia-de-lula","status":"publish","type":"post","link":"https:\/\/mspontocom.com.br\/site\/trump-quer-declarar-pcc-e-cv-como-terroristas-a-revelia-de-lula\/","title":{"rendered":"Trump quer declarar PCC e CV como terroristas \u00e0 revelia de Lula"},"content":{"rendered":"<p style=\"text-align: justify;\"><img loading=\"lazy\" class=\"alignnone size-full wp-image-199813\" src=\"http:\/\/mspontocom.com.br\/site\/wp-content\/uploads\/2025\/05\/site-trump-quer-declarar-pcc-e-cv-como-terroristas-mesmo-com-oposicao-de-lula-trump-lula.webp\" alt=\"\" width=\"860\" height=\"484\" srcset=\"https:\/\/mspontocom.com.br\/site\/wp-content\/uploads\/2025\/05\/site-trump-quer-declarar-pcc-e-cv-como-terroristas-mesmo-com-oposicao-de-lula-trump-lula.webp 860w, https:\/\/mspontocom.com.br\/site\/wp-content\/uploads\/2025\/05\/site-trump-quer-declarar-pcc-e-cv-como-terroristas-mesmo-com-oposicao-de-lula-trump-lula-260x146.webp 260w, https:\/\/mspontocom.com.br\/site\/wp-content\/uploads\/2025\/05\/site-trump-quer-declarar-pcc-e-cv-como-terroristas-mesmo-com-oposicao-de-lula-trump-lula-768x432.webp 768w\" sizes=\"(max-width: 860px) 100vw, 860px\" \/>O governo dos EUA est\u00e1 considerando categorizar as fac\u00e7\u00f5es <strong>PCC<\/strong>\u00a0e <strong>Comando Vermelho<\/strong>\u00a0 como organiza\u00e7\u00f5es terroristas, apesar da resist\u00eancia do \u201cgoverno Lula\u201d a tal categoriza\u00e7\u00e3o.<\/p>\n<p style=\"text-align: justify;\">Para Washington, a postura brasileira n\u00e3o obstrui a progress\u00e3o do plano.<\/p>\n<p style=\"text-align: justify;\">A viagem de representantes associados ao presidente<strong> Donald Trump<\/strong> ao Brasil foi vista como uma a\u00e7\u00e3o diplom\u00e1tica para debater a medida de maneira conjunta.<\/p>\n<p style=\"text-align: justify;\">Todavia, face \u00e0 oposi\u00e7\u00e3o do Pal\u00e1cio do Planalto, os Estados Unidos poder\u00e3o prosseguir com a estrat\u00e9gia de maneira unilateral.<\/p>\n<blockquote><p><em>\u201cOs Estados Unidos n\u00e3o dependem do aval de outros governos para decidir se classificam grupos criminosos transnacionais como terroristas. H\u00e1 autonomia\u201d, disse um assessor de Trump ao portal Metr\u00f3poles.\u00a0<\/em><\/p><\/blockquote>\n<p style=\"text-align: justify;\">A estrat\u00e9gia dos EUA ao rotular PCC e CV como \u201cterroristas\u201d \u00e9 estrangular economicamente essas fac\u00e7\u00f5es: qualquer indiv\u00edduo ou corpora\u00e7\u00e3o associada aos grupos poderia enfrentar bloqueios e penalidades econ\u00f4micas.<\/p>\n<h4 id=\"h-pcc-e-cv-n-o-s-o-terroristas-argumenta-minist-rio-do-governo-lula\" class=\"wp-block-heading\" style=\"text-align: justify;\"><span style=\"font-size: 18pt;\">PCC e CV n\u00e3o s\u00e3o terroristas, argumenta minist\u00e9rio do governo Lula<\/span><\/h4>\n<p style=\"text-align: justify;\">A proposta encontrou oposi\u00e7\u00e3o do Minist\u00e9rio da Justi\u00e7a e Seguran\u00e7a P\u00fablica do Brasil.<\/p>\n<p style=\"text-align: justify;\">Eles argumentam que o PCC e o CV operam com o objetivo de lucrar, principalmente atrav\u00e9s do tr\u00e1fico de drogas e armas, e n\u00e3o por convic\u00e7\u00f5es ideol\u00f3gicas, religiosas ou de \u00f3dio. Portanto, de acordo com o governo Lula, essas fac\u00e7\u00f5es n\u00e3o se encaixam na descri\u00e7\u00e3o de terrorismo.<\/p>\n<p style=\"text-align: justify;\" align=\"justify\"><span style=\"font-family: Times New Roman, serif;\"><span style=\"font-size: medium;\"><span style=\"color: #ff0000;\"><em><strong>Continue em nossa companhia . Veja mais not\u00edcias em:<\/strong> <\/em><\/span><span style=\"color: #0000ff;\"><u><a href=\"http:\/\/www.mspontocom.com.br\/\">www.mspontocom.com.br<\/a><\/u><\/span><\/span><\/span><\/p>\n<p style=\"text-align: justify;\" align=\"justify\"><span style=\"font-family: Times New Roman, serif;\"><span style=\"font-size: medium;\">Instagram e X:\u00a0 @mspontocom<\/span><\/span><\/p>\n<p align=\"justify\">\n","protected":false},"excerpt":{"rendered":"<p>O governo dos EUA est\u00e1 considerando categorizar as fac\u00e7\u00f5es PCC\u00a0e Comando Vermelho\u00a0 como organiza\u00e7\u00f5es terroristas, apesar da resist\u00eancia do \u201cgoverno Lula\u201d a tal categoriza\u00e7\u00e3o. Para Washington, a postura brasileira n\u00e3o obstrui a progress\u00e3o do plano. A viagem de representantes associados ao presidente Donald Trump ao Brasil foi vista como uma a\u00e7\u00e3o diplom\u00e1tica para debater a [&hellip;]<\/p>\n","protected":false},"author":2,"featured_media":199813,"comment_status":"open","ping_status":"open","sticky":false,"template":"","format":"standard","meta":{"_monsterinsights_skip_tracking":false,"_monsterinsights_sitenote_active":false,"_monsterinsights_sitenote_note":"","_monsterinsights_sitenote_category":0},"categories":[30260,2528,7,30259,12],"tags":[40388,480,4275,42990,26801,28326],"aioseo_notices":[],"_links":{"self":[{"href":"https:\/\/mspontocom.com.br\/site\/wp-json\/wp\/v2\/posts\/199803"}],"collection":[{"href":"https:\/\/mspontocom.com.br\/site\/wp-json\/wp\/v2\/posts"}],"about":[{"href":"https:\/\/mspontocom.com.br\/site\/wp-json\/wp\/v2\/types\/post"}],"author":[{"embeddable":true,"href":"https:\/\/mspontocom.com.br\/site\/wp-json\/wp\/v2\/users\/2"}],"replies":[{"embeddable":true,"href":"https:\/\/mspontocom.com.br\/site\/wp-json\/wp\/v2\/comments?post=199803"}],"version-history":[{"count":2,"href":"https:\/\/mspontocom.com.br\/site\/wp-json\/wp\/v2\/posts\/199803\/revisions"}],"predecessor-version":[{"id":199814,"href":"https:\/\/mspontocom.com.br\/site\/wp-json\/wp\/v2\/posts\/199803\/revisions\/199814"}],"wp:featuredmedia":[{"embeddable":true,"href":"https:\/\/mspontocom.com.br\/site\/wp-json\/wp\/v2\/media\/199813"}],"wp:attachment":[{"href":"https:\/\/mspontocom.com.br\/site\/wp-json\/wp\/v2\/media?parent=199803"}],"wp:term":[{"taxonomy":"category","embeddable":true,"href":"https:\/\/mspontocom.com.br\/site\/wp-json\/wp\/v2\/categories?post=199803"},{"taxonomy":"post_tag","embeddable":true,"href":"https:\/\/mspontocom.com.br\/site\/wp-json\/wp\/v2\/tags?post=199803"}],"curies":[{"name":"wp","href":"https:\/\/api.w.org\/{rel}","templated":true}]}}