{"id":199858,"date":"2025-05-19T06:39:52","date_gmt":"2025-05-19T10:39:52","guid":{"rendered":"https:\/\/mspontocom.com.br\/site\/?p=199858"},"modified":"2025-05-19T06:39:52","modified_gmt":"2025-05-19T10:39:52","slug":"prefeitura-de-campo-grande-abre-inscricoes-para-cadastro-reserva-de-trabalhadores-desempregados","status":"publish","type":"post","link":"https:\/\/mspontocom.com.br\/site\/prefeitura-de-campo-grande-abre-inscricoes-para-cadastro-reserva-de-trabalhadores-desempregados\/","title":{"rendered":"Prefeitura de Campo Grande abre inscri\u00e7\u00f5es para cadastro reserva de trabalhadores desempregados"},"content":{"rendered":"<p style=\"text-align: justify;\"><img loading=\"lazy\" class=\"alignnone size-full wp-image-199863\" src=\"http:\/\/mspontocom.com.br\/site\/wp-content\/uploads\/2025\/05\/site-prefeitura-de-campo-grande-abre-inscricoes-para-cadastro-reserva-de-trabalhadores-desempregados-pref-e1747651131355.jpg\" alt=\"\" width=\"1217\" height=\"668\" srcset=\"https:\/\/mspontocom.com.br\/site\/wp-content\/uploads\/2025\/05\/site-prefeitura-de-campo-grande-abre-inscricoes-para-cadastro-reserva-de-trabalhadores-desempregados-pref-e1747651131355.jpg 1217w, https:\/\/mspontocom.com.br\/site\/wp-content\/uploads\/2025\/05\/site-prefeitura-de-campo-grande-abre-inscricoes-para-cadastro-reserva-de-trabalhadores-desempregados-pref-e1747651131355-260x143.jpg 260w, https:\/\/mspontocom.com.br\/site\/wp-content\/uploads\/2025\/05\/site-prefeitura-de-campo-grande-abre-inscricoes-para-cadastro-reserva-de-trabalhadores-desempregados-pref-e1747651131355-1024x562.jpg 1024w, https:\/\/mspontocom.com.br\/site\/wp-content\/uploads\/2025\/05\/site-prefeitura-de-campo-grande-abre-inscricoes-para-cadastro-reserva-de-trabalhadores-desempregados-pref-e1747651131355-768x422.jpg 768w\" sizes=\"(max-width: 1217px) 100vw, 1217px\" \/>A Prefeitura de Campo Grande publicou o Edital Funsat de n. 03\/2025-01, mais 360 vagas para Cadastro Reserva do PRIMT (Programa de Inclus\u00e3o ao Mercado de Trabalho) que ser\u00e3o oferecidas pela Funda\u00e7\u00e3o Social do Trabalho neste m\u00eas de Maio.<\/p>\n<p style=\"text-align: justify;\">As inscri\u00e7\u00f5es que acontecer\u00e3o em visitas do \u00f3rg\u00e3o a seis bairros de Campo Grande.<\/p>\n<p style=\"text-align: justify;\">A estreia ser\u00e1 no Aero Rancho,\u00a0 dia 20, ter\u00e7a-feira, com atendimento na Rua Globo de Ouro, 860, das 7h30 \u00e0s 10h.<\/p>\n<p style=\"text-align: justify;\">Ser\u00e3o entregues aos interessados at\u00e9 60 senhas para an\u00e1lise de candidatos ao programa.<\/p>\n<p style=\"text-align: justify;\">Depois disso, mais cinco agendas do \u201cPrimt Itinerante\u201d est\u00e3o marcadas, sempre com o mesmo hor\u00e1rio e disponibilidade ao p\u00fablico:<\/p>\n<p style=\"text-align: justify;\">21 de maio (quarta-feira)<br \/>\nCRAS VIDA NOVA \u2013 60 senhas<br \/>\nRua Jaci Maria de Azevedo Moro, 164, Jd. Vida Nova<\/p>\n<p style=\"text-align: justify;\">22 de maio (quinta-feira)<br \/>\nCRAS Noroeste \u2013 60 senhas<br \/>\nRua Barbacena, s\/n\u00ba, Jd. Noroeste<\/p>\n<p style=\"text-align: justify;\">23 de maio (sexta-feira)<br \/>\nCRAS Vila Ga\u00facha \u2013 60 senhas<br \/>\nRua da Praia, 631, Coophavilla II<\/p>\n<p style=\"text-align: justify;\">26 de maio (pr\u00f3xima segunda-feira)<br \/>\nCRAS Canguru \u2013 60 senhas<br \/>\nRua dos Top\u00f3grafos , 1175. Jd. Canguru<\/p>\n<p style=\"text-align: justify;\">26 de maio (pr\u00f3xima segunda-feira)<br \/>\nCRAS Canguru \u2013 60 senhas<br \/>\nRua dos Top\u00f3grafos , 1175. Jd. Canguru<\/p>\n<p style=\"text-align: justify;\">26 de maio (pr\u00f3xima segunda-feira)<br \/>\nCRAS Moema \u2013 60 senhas<br \/>\nRua Querubina Garcia Nogueira , s\/n\u00ba, Residencial Recanto dos Rouxin\u00f3is.<\/p>\n<p style=\"text-align: justify;\"><strong>Condi\u00e7\u00f5es para a aprova\u00e7\u00e3o<\/strong><\/p>\n<p style=\"text-align: justify;\">O recrutamento de benefici\u00e1rios \u00e9 voltado a selecionados que atuem em atividades como a conserva\u00e7\u00e3o de logradouros p\u00fablicos, servi\u00e7os administrativos, al\u00e9m da prepara\u00e7\u00e3o de \u00e1reas p\u00fablicas para a realiza\u00e7\u00e3o de eventos.<\/p>\n<p style=\"text-align: justify;\">Caso o candidato j\u00e1 tenha feito parte do quadro do Primt, \u00e9 preciso que ele j\u00e1 tenha se desligado, h\u00e1 mais de seis meses.<\/p>\n<p style=\"text-align: justify;\">Se for uma inscri\u00e7\u00e3o in\u00e9dita, basta o perfil atender requisitos espec\u00edficos como o de estar desempregado de uma coloca\u00e7\u00e3o formal, por um tempo superior a 180 dias.<\/p>\n<p style=\"text-align: justify;\">O cadastro no programa tamb\u00e9m exige que o novo benefici\u00e1rio tenha idade entre 18 e 67 anos, esteja inscrito no Cad\u00danico (Cadastro \u00danico de Programas Sociais do Governo Federal) e possua uma renda familiar per capta n\u00e3o ultrapasse o valor de \u00bd (meio) sal\u00e1rio m\u00ednimo vigente.<\/p>\n<p style=\"text-align: justify;\">\u00c9 obrigat\u00f3ria ao candidato a apresenta\u00e7\u00e3o de documentos pessoais, como RG, CPF, comprovante de resid\u00eancia e a Folha Resumo do NIS (N\u00famero de Identifica\u00e7\u00e3o Social).<\/p>\n<p style=\"text-align: justify;\">\u00a0O programa tamb\u00e9m \u00e9 submetido a um regime de cotas, sendo 5% do total para pessoas negras, 5% para PCD (Pessoas com Defici\u00eancia), 5% para mulheres que passaram por viol\u00eancia dom\u00e9stica, 3% aos egressos do Sistema Penitenci\u00e1rio e outros 3% reservados ao pessoas portadores do TEA (Transtorno do Espectro Autista).<\/p>\n<p style=\"text-align: justify;\">O subs\u00eddio destinado aos matriculados nesta pol\u00edtica p\u00fablica \u00e9 de um sal\u00e1rio m\u00ednimo, uma cesta b\u00e1sica e alimenta\u00e7\u00e3o nos dias de trabalho.<\/p>\n<p style=\"text-align: justify;\">Al\u00e9m disso, o inscrito recebe o m\u00ednimo 40 horas\/aula de capacita\u00e7\u00e3o profissional, em cursos ou palestras.<\/p>\n<p style=\"text-align: justify;\">Todo inscrito, obrigatoriamente j\u00e1 passou antes pela condi\u00e7\u00e3o de Cadastro Reserva do programa.<\/p>\n<p style=\"text-align: justify;\">Mais informa\u00e7\u00f5es na Central (67) 4042-0585, pelo Ramal 5933, das 7h \u00e0s 11h e das 13h \u00e0s 17h.<\/p>\n<p>&nbsp;<\/p>\n<p align=\"justify\"><span style=\"font-family: Times New Roman, serif;\"><span style=\"font-size: medium;\"><span style=\"color: #ff0000;\"><em><strong>Continue em nossa companhia . Veja mais not\u00edcias em:<\/strong><\/em><\/span> <span style=\"color: #0000ff;\"><u><a href=\"http:\/\/www.mspontocom.com.br\/\">www.mspontocom.com.br<\/a><\/u><\/span><\/span><\/span><\/p>\n<p align=\"justify\"><span style=\"font-family: Times New Roman, serif;\"><span style=\"font-size: medium;\">Instagram e X:\u00a0 @mspontocom<\/span><\/span><\/p>\n","protected":false},"excerpt":{"rendered":"<p>A Prefeitura de Campo Grande publicou o Edital Funsat de n. 03\/2025-01, mais 360 vagas para Cadastro Reserva do PRIMT (Programa de Inclus\u00e3o ao Mercado de Trabalho) que ser\u00e3o oferecidas pela Funda\u00e7\u00e3o Social do Trabalho neste m\u00eas de Maio. As inscri\u00e7\u00f5es que acontecer\u00e3o em visitas do \u00f3rg\u00e3o a seis bairros de Campo Grande. A estreia [&hellip;]<\/p>\n","protected":false},"author":2,"featured_media":199863,"comment_status":"open","ping_status":"open","sticky":false,"template":"","format":"standard","meta":{"_monsterinsights_skip_tracking":false,"_monsterinsights_sitenote_active":false,"_monsterinsights_sitenote_note":"","_monsterinsights_sitenote_category":0},"categories":[4328],"tags":[42996,123,42997,165],"aioseo_notices":[],"_links":{"self":[{"href":"https:\/\/mspontocom.com.br\/site\/wp-json\/wp\/v2\/posts\/199858"}],"collection":[{"href":"https:\/\/mspontocom.com.br\/site\/wp-json\/wp\/v2\/posts"}],"about":[{"href":"https:\/\/mspontocom.com.br\/site\/wp-json\/wp\/v2\/types\/post"}],"author":[{"embeddable":true,"href":"https:\/\/mspontocom.com.br\/site\/wp-json\/wp\/v2\/users\/2"}],"replies":[{"embeddable":true,"href":"https:\/\/mspontocom.com.br\/site\/wp-json\/wp\/v2\/comments?post=199858"}],"version-history":[{"count":2,"href":"https:\/\/mspontocom.com.br\/site\/wp-json\/wp\/v2\/posts\/199858\/revisions"}],"predecessor-version":[{"id":199864,"href":"https:\/\/mspontocom.com.br\/site\/wp-json\/wp\/v2\/posts\/199858\/revisions\/199864"}],"wp:featuredmedia":[{"embeddable":true,"href":"https:\/\/mspontocom.com.br\/site\/wp-json\/wp\/v2\/media\/199863"}],"wp:attachment":[{"href":"https:\/\/mspontocom.com.br\/site\/wp-json\/wp\/v2\/media?parent=199858"}],"wp:term":[{"taxonomy":"category","embeddable":true,"href":"https:\/\/mspontocom.com.br\/site\/wp-json\/wp\/v2\/categories?post=199858"},{"taxonomy":"post_tag","embeddable":true,"href":"https:\/\/mspontocom.com.br\/site\/wp-json\/wp\/v2\/tags?post=199858"}],"curies":[{"name":"wp","href":"https:\/\/api.w.org\/{rel}","templated":true}]}}