{"id":199871,"date":"2025-05-20T05:02:27","date_gmt":"2025-05-20T09:02:27","guid":{"rendered":"https:\/\/mspontocom.com.br\/site\/?p=199871"},"modified":"2025-05-20T05:02:27","modified_gmt":"2025-05-20T09:02:27","slug":"fala-anti-lula-viraliza-apos-vitoria-da-direita-em-portugal","status":"publish","type":"post","link":"https:\/\/mspontocom.com.br\/site\/fala-anti-lula-viraliza-apos-vitoria-da-direita-em-portugal\/","title":{"rendered":"Fala anti-Lula viraliza ap\u00f3s vit\u00f3ria da direita em Portugal"},"content":{"rendered":"<p style=\"text-align: justify;\"><img loading=\"lazy\" class=\"alignnone size-full wp-image-199876\" src=\"http:\/\/mspontocom.com.br\/site\/wp-content\/uploads\/2025\/05\/site-fala-anti-lula-viraliza-apos-vitoria-da-direita-em-portugal-chega1.jpg\" alt=\"\" width=\"906\" height=\"509\" srcset=\"https:\/\/mspontocom.com.br\/site\/wp-content\/uploads\/2025\/05\/site-fala-anti-lula-viraliza-apos-vitoria-da-direita-em-portugal-chega1.jpg 906w, https:\/\/mspontocom.com.br\/site\/wp-content\/uploads\/2025\/05\/site-fala-anti-lula-viraliza-apos-vitoria-da-direita-em-portugal-chega1-260x146.jpg 260w, https:\/\/mspontocom.com.br\/site\/wp-content\/uploads\/2025\/05\/site-fala-anti-lula-viraliza-apos-vitoria-da-direita-em-portugal-chega1-768x431.jpg 768w\" sizes=\"(max-width: 906px) 100vw, 906px\" \/>Um v\u00eddeo de 2024 do l\u00edder do partido portugu\u00eas de direita Chega, <strong>Andr\u00e9 Ventura,<\/strong> afirmando que vetaria a entrada do presidente brasileiro Lula em Portugal caso fosse eleito, voltou a circular nas redes sociais\u00a0 depois da vit\u00f3ria da coliga\u00e7\u00e3o de centro-direita nas elei\u00e7\u00f5es parlamentares portuguesas.<\/p>\n<p style=\"text-align: justify;\">Na grava\u00e7\u00e3o, Ventura disse ainda que<strong> prenderia Lula<\/strong> se o chefe do Executivo brasileiro insistisse e fosse a Portugal.<\/p>\n<blockquote><p><em>\u201cEu garanto-vos que, se eu for primeiro-ministro, o senhor Lula da Silva ficar\u00e1 no aeroporto. E, se insistir, vai para uma cadeia\u201d, declarou o pol\u00edtico durante um com\u00edcio realizado em Lisboa, em abril do ano passado.<\/em><\/p><\/blockquote>\n<p style=\"text-align: justify;\">Nas publica\u00e7\u00f5es, os internautas postaram mensagens celebrando a guinada pol\u00edtica em Portugal, com apoiadores do Chega ironizando que agora Lula\u00a0 ser\u00e1 bem-vindo no pa\u00eds.<\/p>\n<p style=\"text-align: justify;\">\n<p style=\"text-align: justify;\" align=\"justify\"><span style=\"font-family: Times New Roman, serif;\"><span style=\"font-size: medium;\"><span style=\"color: #ff0000;\"><em><strong>Continue em nossa companhia . Veja mais not\u00edcias em:<\/strong> <\/em><\/span><span style=\"color: #0000ff;\"><u><a href=\"http:\/\/www.mspontocom.com.br\/\">www.mspontocom.com.br<\/a><\/u><\/span><\/span><\/span><\/p>\n<p style=\"text-align: justify;\" align=\"justify\"><span style=\"font-family: Times New Roman, serif;\"><span style=\"font-size: medium;\">Instagram e X:\u00a0 @mspontocom<\/span><\/span><\/p>\n<p style=\"text-align: justify;\">\n","protected":false},"excerpt":{"rendered":"<p>Um v\u00eddeo de 2024 do l\u00edder do partido portugu\u00eas de direita Chega, Andr\u00e9 Ventura, afirmando que vetaria a entrada do presidente brasileiro Lula em Portugal caso fosse eleito, voltou a circular nas redes sociais\u00a0 depois da vit\u00f3ria da coliga\u00e7\u00e3o de centro-direita nas elei\u00e7\u00f5es parlamentares portuguesas. Na grava\u00e7\u00e3o, Ventura disse ainda que prenderia Lula se o [&hellip;]<\/p>\n","protected":false},"author":2,"featured_media":199876,"comment_status":"open","ping_status":"open","sticky":false,"template":"","format":"standard","meta":{"_monsterinsights_skip_tracking":false,"_monsterinsights_sitenote_active":false,"_monsterinsights_sitenote_note":"","_monsterinsights_sitenote_category":0},"categories":[30260,7,30259,12],"tags":[31311,32323,25890,339,38385,290],"aioseo_notices":[],"_links":{"self":[{"href":"https:\/\/mspontocom.com.br\/site\/wp-json\/wp\/v2\/posts\/199871"}],"collection":[{"href":"https:\/\/mspontocom.com.br\/site\/wp-json\/wp\/v2\/posts"}],"about":[{"href":"https:\/\/mspontocom.com.br\/site\/wp-json\/wp\/v2\/types\/post"}],"author":[{"embeddable":true,"href":"https:\/\/mspontocom.com.br\/site\/wp-json\/wp\/v2\/users\/2"}],"replies":[{"embeddable":true,"href":"https:\/\/mspontocom.com.br\/site\/wp-json\/wp\/v2\/comments?post=199871"}],"version-history":[{"count":2,"href":"https:\/\/mspontocom.com.br\/site\/wp-json\/wp\/v2\/posts\/199871\/revisions"}],"predecessor-version":[{"id":199877,"href":"https:\/\/mspontocom.com.br\/site\/wp-json\/wp\/v2\/posts\/199871\/revisions\/199877"}],"wp:featuredmedia":[{"embeddable":true,"href":"https:\/\/mspontocom.com.br\/site\/wp-json\/wp\/v2\/media\/199876"}],"wp:attachment":[{"href":"https:\/\/mspontocom.com.br\/site\/wp-json\/wp\/v2\/media?parent=199871"}],"wp:term":[{"taxonomy":"category","embeddable":true,"href":"https:\/\/mspontocom.com.br\/site\/wp-json\/wp\/v2\/categories?post=199871"},{"taxonomy":"post_tag","embeddable":true,"href":"https:\/\/mspontocom.com.br\/site\/wp-json\/wp\/v2\/tags?post=199871"}],"curies":[{"name":"wp","href":"https:\/\/api.w.org\/{rel}","templated":true}]}}