{"id":199886,"date":"2025-05-20T04:43:33","date_gmt":"2025-05-20T08:43:33","guid":{"rendered":"https:\/\/mspontocom.com.br\/site\/?p=199886"},"modified":"2025-05-20T05:48:53","modified_gmt":"2025-05-20T09:48:53","slug":"prefeitura-e-bb-levam-programa-desenrola-rural-para-assentamentos-de-campo-grande","status":"publish","type":"post","link":"https:\/\/mspontocom.com.br\/site\/prefeitura-e-bb-levam-programa-desenrola-rural-para-assentamentos-de-campo-grande\/","title":{"rendered":"Prefeitura e BB levam programa Desenrola Rural para assentamentos de Campo Grande"},"content":{"rendered":"<p style=\"text-align: justify;\"><img loading=\"lazy\" class=\"alignnone size-full wp-image-199887\" src=\"http:\/\/mspontocom.com.br\/site\/wp-content\/uploads\/2025\/05\/site-prefeitura-e-bb-levam-programa-desenrola-rural-para-assentamentos-de-campo-grande-logo-desenrola-1.png\" alt=\"\" width=\"920\" height=\"623\" srcset=\"https:\/\/mspontocom.com.br\/site\/wp-content\/uploads\/2025\/05\/site-prefeitura-e-bb-levam-programa-desenrola-rural-para-assentamentos-de-campo-grande-logo-desenrola-1.png 920w, https:\/\/mspontocom.com.br\/site\/wp-content\/uploads\/2025\/05\/site-prefeitura-e-bb-levam-programa-desenrola-rural-para-assentamentos-de-campo-grande-logo-desenrola-1-260x176.png 260w, https:\/\/mspontocom.com.br\/site\/wp-content\/uploads\/2025\/05\/site-prefeitura-e-bb-levam-programa-desenrola-rural-para-assentamentos-de-campo-grande-logo-desenrola-1-768x520.png 768w\" sizes=\"(max-width: 920px) 100vw, 920px\" \/>Campo Grande continua avan\u00e7ando na inclus\u00e3o produtiva de quem vive no campo.<\/p>\n<p style=\"text-align: justify;\">A Prefeitura, em conjunto com o Banco do Brasil, leva nesta quarta-feira (21) para os assentamentos rurais Estrela CG, Tr\u00eas Cora\u00e7\u00f5es e Conquista o Programa de Renegocia\u00e7\u00e3o de D\u00edvidas voltado para Agricultores Familiares e Cooperativas da Agricultura Familiar, Desenrola Rural.<\/p>\n<p style=\"text-align: justify;\">O programa tem como objetivo impulsionar o acesso \u00e0s linhas de cr\u00e9dito do Programa Nacional de Fortalecimento da Agricultura Familiar \u2013 Pronaf.<\/p>\n<p style=\"text-align: justify;\">A iniciativa permite que agricultores familiares, assentados da reforma agr\u00e1ria e microprodutores para liquida\u00e7\u00e3o, al\u00e9m de prazos estendidos de at\u00e9 60 meses e car\u00eancia. As condi\u00e7\u00f5es s\u00e3o v\u00e1lidas at\u00e9 31 de dezembro deste ano e a parcela m\u00ednima \u00e9 de R$ 50,00 (cinquenta reais).<\/p>\n<p style=\"text-align: justify;\">Ao aderir como parceira institucional, a Prefeitura leva para os assentamentos a iniciativa evitando que produtores precisem se deslocar at\u00e9 a cidade.<\/p>\n<p style=\"text-align: justify;\">Na data, os produtores que aderirem \u00e0 renegocia\u00e7\u00e3o das d\u00edvidas poder\u00e3o se informar sobre outras a\u00e7\u00f5es como a compra direta da merenda escolar e feiras da agricultura familiar, criando mercado imediato para a pr\u00f3xima safra.<\/p>\n<p style=\"text-align: justify;\">Com a uni\u00e3o entre Prefeitura e Banco do Brasil, o <strong>Desenrola Rural<\/strong> chega onde o cr\u00e9dito raramente alcan\u00e7a e transforma a regulariza\u00e7\u00e3o financeira em investimento real na mesa, na renda e na dignidade de quem vive do campo.<\/p>\n<p style=\"text-align: justify;\" align=\"justify\"><span style=\"font-family: Times New Roman, serif;\"><span style=\"font-size: medium;\"><span style=\"color: #ff0000;\">Continue em nossa companhia . Veja mais not\u00edcias em<\/span>: <span style=\"color: #0000ff;\"><u><a href=\"http:\/\/www.mspontocom.com.br\/\">www.mspontocom.com.br<\/a><\/u><\/span><\/span><\/span><\/p>\n<p style=\"text-align: justify;\" align=\"justify\"><span style=\"font-family: Times New Roman, serif;\"><span style=\"font-size: medium;\">Instagram e X:\u00a0 @mspontocom<\/span><\/span><\/p>\n","protected":false},"excerpt":{"rendered":"<p>Campo Grande continua avan\u00e7ando na inclus\u00e3o produtiva de quem vive no campo. A Prefeitura, em conjunto com o Banco do Brasil, leva nesta quarta-feira (21) para os assentamentos rurais Estrela CG, Tr\u00eas Cora\u00e7\u00f5es e Conquista o Programa de Renegocia\u00e7\u00e3o de D\u00edvidas voltado para Agricultores Familiares e Cooperativas da Agricultura Familiar, Desenrola Rural. O programa tem [&hellip;]<\/p>\n","protected":false},"author":2,"featured_media":199887,"comment_status":"open","ping_status":"open","sticky":false,"template":"","format":"standard","meta":{"_monsterinsights_skip_tracking":false,"_monsterinsights_sitenote_active":false,"_monsterinsights_sitenote_note":"","_monsterinsights_sitenote_category":0},"categories":[4328],"tags":[2100,15701,123,43002,1194,165],"aioseo_notices":[],"_links":{"self":[{"href":"https:\/\/mspontocom.com.br\/site\/wp-json\/wp\/v2\/posts\/199886"}],"collection":[{"href":"https:\/\/mspontocom.com.br\/site\/wp-json\/wp\/v2\/posts"}],"about":[{"href":"https:\/\/mspontocom.com.br\/site\/wp-json\/wp\/v2\/types\/post"}],"author":[{"embeddable":true,"href":"https:\/\/mspontocom.com.br\/site\/wp-json\/wp\/v2\/users\/2"}],"replies":[{"embeddable":true,"href":"https:\/\/mspontocom.com.br\/site\/wp-json\/wp\/v2\/comments?post=199886"}],"version-history":[{"count":1,"href":"https:\/\/mspontocom.com.br\/site\/wp-json\/wp\/v2\/posts\/199886\/revisions"}],"predecessor-version":[{"id":199888,"href":"https:\/\/mspontocom.com.br\/site\/wp-json\/wp\/v2\/posts\/199886\/revisions\/199888"}],"wp:featuredmedia":[{"embeddable":true,"href":"https:\/\/mspontocom.com.br\/site\/wp-json\/wp\/v2\/media\/199887"}],"wp:attachment":[{"href":"https:\/\/mspontocom.com.br\/site\/wp-json\/wp\/v2\/media?parent=199886"}],"wp:term":[{"taxonomy":"category","embeddable":true,"href":"https:\/\/mspontocom.com.br\/site\/wp-json\/wp\/v2\/categories?post=199886"},{"taxonomy":"post_tag","embeddable":true,"href":"https:\/\/mspontocom.com.br\/site\/wp-json\/wp\/v2\/tags?post=199886"}],"curies":[{"name":"wp","href":"https:\/\/api.w.org\/{rel}","templated":true}]}}