{"id":199915,"date":"2025-05-21T05:30:32","date_gmt":"2025-05-21T09:30:32","guid":{"rendered":"https:\/\/mspontocom.com.br\/site\/?p=199915"},"modified":"2025-05-21T06:40:17","modified_gmt":"2025-05-21T10:40:17","slug":"prefeitura-lanca-curso-de-social-media-para-jovens-inscricoes-abertas","status":"publish","type":"post","link":"https:\/\/mspontocom.com.br\/site\/prefeitura-lanca-curso-de-social-media-para-jovens-inscricoes-abertas\/","title":{"rendered":"Prefeitura lan\u00e7a curso de Social Media para jovens. Inscri\u00e7\u00f5es Abertas"},"content":{"rendered":"<p style=\"text-align: justify;\"><img loading=\"lazy\" class=\"alignnone size-full wp-image-199916\" src=\"http:\/\/mspontocom.com.br\/site\/wp-content\/uploads\/2025\/05\/site-prefeitura-lanca-curso-de-social-media-inscricoes-b-curso-prefeitur.png\" alt=\"\" width=\"1536\" height=\"863\" srcset=\"https:\/\/mspontocom.com.br\/site\/wp-content\/uploads\/2025\/05\/site-prefeitura-lanca-curso-de-social-media-inscricoes-b-curso-prefeitur.png 1536w, https:\/\/mspontocom.com.br\/site\/wp-content\/uploads\/2025\/05\/site-prefeitura-lanca-curso-de-social-media-inscricoes-b-curso-prefeitur-260x146.png 260w, https:\/\/mspontocom.com.br\/site\/wp-content\/uploads\/2025\/05\/site-prefeitura-lanca-curso-de-social-media-inscricoes-b-curso-prefeitur-1024x575.png 1024w, https:\/\/mspontocom.com.br\/site\/wp-content\/uploads\/2025\/05\/site-prefeitura-lanca-curso-de-social-media-inscricoes-b-curso-prefeitur-768x432.png 768w\" sizes=\"(max-width: 1536px) 100vw, 1536px\" \/>Se voc\u00ea \u00e9 jovem e quer aprender tudo sobre o universo das redes sociais, ou deseja atuar nessa \u00e1rea que mais cresce no mercado, a secretaria executiva da juventude \u2013 Sejuv ir\u00e1 lan\u00e7ar na pr\u00f3xima semana o curso de \u201cSocial Media\u201d.<\/p>\n<p style=\"text-align: justify;\">Durante as aulas, os participantes aprender\u00e3o desde o planejamento de conte\u00fado, cria\u00e7\u00e3o de postagens, estrat\u00e9gias de engajamento, uso de ferramentas de an\u00e1lise e agendamento, at\u00e9 como atuar como gestor de redes sociais para marcas, empresas ou projetos pessoais.<\/p>\n<p>O conte\u00fado ser\u00e1 din\u00e2mico, com linguagem acess\u00edvel, e ministrado por profissionais da \u00e1rea que conhecem de perto a rotina e os desafios do universo digital.<\/p>\n<p style=\"text-align: justify;\">Ao final, os alunos receber\u00e3o\u00a0<strong>certificado de participa\u00e7\u00e3o com carga hor\u00e1ria<\/strong> de 20h, um diferencial para quem busca o primeiro emprego ou quer empreender no universo da internet.<\/p>\n<p>As inscri\u00e7\u00f5es devem ser feitas pelo link: <a href=\"https:\/\/sejuvcg.campogrande.ms.gov.br\/home\" target=\"_blank\" rel=\"noreferrer noopener\">https:\/\/sejuvcg.campogrande.ms.gov.br\/home<\/a>\u00a0e as vagas s\u00e3o limitadas.<\/p>\n<p><strong>Servi\u00e7o:<\/strong><\/p>\n<p style=\"text-align: justify;\">Social Media<\/p>\n<p style=\"text-align: justify;\">Data: 26\/05 a 30\/05<br \/>\nHor\u00e1rio: 18h30 \u00e0s 21\/30<br \/>\nLocal: SEJUV \u2013 Rua 25 de Dezembro,924. Shopping Marrakech \u2013 3\u00b0 andar<\/p>\n<p align=\"justify\"><span style=\"font-family: Times New Roman, serif;\"><span style=\"font-size: medium;\"><span style=\"color: #ff0000;\"><em><strong>Continue em nossa companhia . Veja mais not\u00edcias em:<\/strong><\/em><\/span> <span style=\"color: #0000ff;\"><u><a href=\"http:\/\/www.mspontocom.com.br\/\">www.mspontocom.com.br<\/a><\/u><\/span><\/span><\/span><\/p>\n<p align=\"justify\"><span style=\"font-family: Times New Roman, serif;\"><span style=\"font-size: medium;\">Instagram e X:\u00a0 @mspontocom<\/span><\/span><\/p>\n<p>&nbsp;<\/p>\n","protected":false},"excerpt":{"rendered":"<p>Se voc\u00ea \u00e9 jovem e quer aprender tudo sobre o universo das redes sociais, ou deseja atuar nessa \u00e1rea que mais cresce no mercado, a secretaria executiva da juventude \u2013 Sejuv ir\u00e1 lan\u00e7ar na pr\u00f3xima semana o curso de \u201cSocial Media\u201d. Durante as aulas, os participantes aprender\u00e3o desde o planejamento de conte\u00fado, cria\u00e7\u00e3o de postagens, [&hellip;]<\/p>\n","protected":false},"author":2,"featured_media":199916,"comment_status":"open","ping_status":"open","sticky":false,"template":"","format":"standard","meta":{"_monsterinsights_skip_tracking":false,"_monsterinsights_sitenote_active":false,"_monsterinsights_sitenote_note":"","_monsterinsights_sitenote_category":0},"categories":[4328],"tags":[123,435,455,165,41063],"aioseo_notices":[],"_links":{"self":[{"href":"https:\/\/mspontocom.com.br\/site\/wp-json\/wp\/v2\/posts\/199915"}],"collection":[{"href":"https:\/\/mspontocom.com.br\/site\/wp-json\/wp\/v2\/posts"}],"about":[{"href":"https:\/\/mspontocom.com.br\/site\/wp-json\/wp\/v2\/types\/post"}],"author":[{"embeddable":true,"href":"https:\/\/mspontocom.com.br\/site\/wp-json\/wp\/v2\/users\/2"}],"replies":[{"embeddable":true,"href":"https:\/\/mspontocom.com.br\/site\/wp-json\/wp\/v2\/comments?post=199915"}],"version-history":[{"count":1,"href":"https:\/\/mspontocom.com.br\/site\/wp-json\/wp\/v2\/posts\/199915\/revisions"}],"predecessor-version":[{"id":199917,"href":"https:\/\/mspontocom.com.br\/site\/wp-json\/wp\/v2\/posts\/199915\/revisions\/199917"}],"wp:featuredmedia":[{"embeddable":true,"href":"https:\/\/mspontocom.com.br\/site\/wp-json\/wp\/v2\/media\/199916"}],"wp:attachment":[{"href":"https:\/\/mspontocom.com.br\/site\/wp-json\/wp\/v2\/media?parent=199915"}],"wp:term":[{"taxonomy":"category","embeddable":true,"href":"https:\/\/mspontocom.com.br\/site\/wp-json\/wp\/v2\/categories?post=199915"},{"taxonomy":"post_tag","embeddable":true,"href":"https:\/\/mspontocom.com.br\/site\/wp-json\/wp\/v2\/tags?post=199915"}],"curies":[{"name":"wp","href":"https:\/\/api.w.org\/{rel}","templated":true}]}}