{"id":199989,"date":"2025-05-23T04:42:55","date_gmt":"2025-05-23T08:42:55","guid":{"rendered":"https:\/\/mspontocom.com.br\/site\/?p=199989"},"modified":"2025-05-23T06:50:17","modified_gmt":"2025-05-23T10:50:17","slug":"x-semana-de-imersao-total-em-astronomia-inscricoes-abertas","status":"publish","type":"post","link":"https:\/\/mspontocom.com.br\/site\/x-semana-de-imersao-total-em-astronomia-inscricoes-abertas\/","title":{"rendered":"X Semana de Imers\u00e3o Total em Astronomia: Inscri\u00e7\u00f5es abertas"},"content":{"rendered":"<p style=\"text-align: justify;\"><img loading=\"lazy\" class=\"alignnone size-full wp-image-199990\" src=\"http:\/\/mspontocom.com.br\/site\/wp-content\/uploads\/2025\/05\/site-x-semana-de-imersao-total-em-astronomia-inscricoes-abertas-astro.png\" alt=\"\" width=\"1280\" height=\"720\" srcset=\"https:\/\/mspontocom.com.br\/site\/wp-content\/uploads\/2025\/05\/site-x-semana-de-imersao-total-em-astronomia-inscricoes-abertas-astro.png 1280w, https:\/\/mspontocom.com.br\/site\/wp-content\/uploads\/2025\/05\/site-x-semana-de-imersao-total-em-astronomia-inscricoes-abertas-astro-260x146.png 260w, https:\/\/mspontocom.com.br\/site\/wp-content\/uploads\/2025\/05\/site-x-semana-de-imersao-total-em-astronomia-inscricoes-abertas-astro-1024x576.png 1024w, https:\/\/mspontocom.com.br\/site\/wp-content\/uploads\/2025\/05\/site-x-semana-de-imersao-total-em-astronomia-inscricoes-abertas-astro-768x432.png 768w\" sizes=\"(max-width: 1280px) 100vw, 1280px\" \/>Todos os anos, o Observat\u00f3rio Did\u00e1tico de Astronomia da UNESP (Bauru) organiza a Semana de Imers\u00e3o Total em Astronomia (SeITA).<\/p>\n<p style=\"text-align: justify;\"><strong>Quem pode participar?<\/strong><\/p>\n<p style=\"text-align: justify;\">Todas as pessoas interessadas em aprender Astronomia , independentemente da forma\u00e7\u00e3o, idade ou n\u00edvel escolar.<\/p>\n<p style=\"text-align: justify;\">Os conte\u00fados de Astronomia ser\u00e3o explicados em uma linguagem simples.<\/p>\n<p style=\"text-align: justify;\">Este evento \u00e9 especialmente importante para professores e alunos de qualquer n\u00edvel, pois a Astronomia faz parte do curr\u00edculo escolar de toda a educa\u00e7\u00e3o b\u00e1sica.<\/p>\n<p style=\"text-align: justify;\"><strong>Divulgue seu trabalho<\/strong><\/p>\n<p style=\"text-align: justify;\">Se voc\u00ea \u00e9 aluno de mestrado, doutorado, inicia\u00e7\u00e3o cient\u00edfica ou est\u00e1 desenvolvendo um TCC na \u00e1rea de Astronomia e ensino, a X SeITA ser\u00e1 uma excelente ocasi\u00e3o para voc\u00ea divulgar o seu trabalho no formato de p\u00f4ster impresso em papel sulfite tamanho A3, o qual ficar\u00e1 exposto durante toda a semana para os participantes lerem e conhecerem sua pesquisa.<\/p>\n<p style=\"text-align: justify;\"><strong>Quando?<\/strong><\/p>\n<p style=\"text-align: justify;\">A X SeITA ocorrer\u00e1 de 24 a 28 de novembro de 2025\u00a0no audit\u00f3rio do Depto. de Educa\u00e7\u00e3o do campus da Unesp Bauru das 8:00 \u00e0s 17:30 e ser\u00e1 exclusivamente\u00a0presencial.<\/p>\n<p style=\"text-align: justify;\">O evento tamb\u00e9m conta com observa\u00e7\u00e3o do c\u00e9u com telesc\u00f3pios (se n\u00e3o estiver nublado), sorteio de brindes, exposi\u00e7\u00e3o dos projetos da equipe do Observat\u00f3rio, astrofotografias e muito mais.<\/p>\n<p style=\"text-align: justify;\"><strong>Palestras especiais<\/strong><\/p>\n<p style=\"text-align: justify;\">As palestras da X SeITA ser\u00e3o ministradas pelo astr\u00f4nomo profissional Prof. Dr. Roberto Boczko, do Instituto de Astronomia, Geof\u00edsica e Ci\u00eancias Atmosf\u00e9ricas da Universidade de S\u00e3o Paulo (IAG\/USP).<\/p>\n<hr \/>\n<p>Consulte a programa\u00e7\u00e3o completa e saiba mais\u00a0<a href=\"https:\/\/sites.google.com\/unesp.br\/x-seita\" target=\"_blank\" rel=\"noopener\">acessando aqui\u00a0o site da X SeITA<\/a><\/p>\n<hr \/>\n<p><strong>Garanta j\u00e1 sua vaga!<\/strong><\/p>\n<p><strong>Fa\u00e7a sua inscri\u00e7\u00e3o gratuitamente!<\/strong><\/p>\n<p align=\"justify\"><span style=\"font-family: Times New Roman, serif;\"><span style=\"font-size: medium;\"><span style=\"color: #ed4c05;\"><i><b>Continue em nossa companhia . Veja mais not\u00edcias em<\/b><\/i><\/span><b>:<\/b> <span style=\"color: #0000ff;\"><u><a href=\"http:\/\/www.mspontocom.com.br\/\">www.mspontocom.com.br<\/a><\/u><\/span><\/span><\/span><\/p>\n<p align=\"justify\"><span style=\"font-family: Times New Roman, serif;\"><span style=\"font-size: medium;\">Instagram e X:\u00a0 @mspontocom<\/span><\/span><\/p>\n","protected":false},"excerpt":{"rendered":"<p>Todos os anos, o Observat\u00f3rio Did\u00e1tico de Astronomia da UNESP (Bauru) organiza a Semana de Imers\u00e3o Total em Astronomia (SeITA). Quem pode participar? Todas as pessoas interessadas em aprender Astronomia , independentemente da forma\u00e7\u00e3o, idade ou n\u00edvel escolar. Os conte\u00fados de Astronomia ser\u00e3o explicados em uma linguagem simples. Este evento \u00e9 especialmente importante para professores [&hellip;]<\/p>\n","protected":false},"author":2,"featured_media":199990,"comment_status":"open","ping_status":"open","sticky":false,"template":"","format":"standard","meta":{"_monsterinsights_skip_tracking":false,"_monsterinsights_sitenote_active":false,"_monsterinsights_sitenote_note":"","_monsterinsights_sitenote_category":0},"categories":[7752],"tags":[455,43019],"aioseo_notices":[],"_links":{"self":[{"href":"https:\/\/mspontocom.com.br\/site\/wp-json\/wp\/v2\/posts\/199989"}],"collection":[{"href":"https:\/\/mspontocom.com.br\/site\/wp-json\/wp\/v2\/posts"}],"about":[{"href":"https:\/\/mspontocom.com.br\/site\/wp-json\/wp\/v2\/types\/post"}],"author":[{"embeddable":true,"href":"https:\/\/mspontocom.com.br\/site\/wp-json\/wp\/v2\/users\/2"}],"replies":[{"embeddable":true,"href":"https:\/\/mspontocom.com.br\/site\/wp-json\/wp\/v2\/comments?post=199989"}],"version-history":[{"count":1,"href":"https:\/\/mspontocom.com.br\/site\/wp-json\/wp\/v2\/posts\/199989\/revisions"}],"predecessor-version":[{"id":199991,"href":"https:\/\/mspontocom.com.br\/site\/wp-json\/wp\/v2\/posts\/199989\/revisions\/199991"}],"wp:featuredmedia":[{"embeddable":true,"href":"https:\/\/mspontocom.com.br\/site\/wp-json\/wp\/v2\/media\/199990"}],"wp:attachment":[{"href":"https:\/\/mspontocom.com.br\/site\/wp-json\/wp\/v2\/media?parent=199989"}],"wp:term":[{"taxonomy":"category","embeddable":true,"href":"https:\/\/mspontocom.com.br\/site\/wp-json\/wp\/v2\/categories?post=199989"},{"taxonomy":"post_tag","embeddable":true,"href":"https:\/\/mspontocom.com.br\/site\/wp-json\/wp\/v2\/tags?post=199989"}],"curies":[{"name":"wp","href":"https:\/\/api.w.org\/{rel}","templated":true}]}}