{"id":200064,"date":"2025-05-27T05:10:03","date_gmt":"2025-05-27T09:10:03","guid":{"rendered":"https:\/\/mspontocom.com.br\/site\/?p=200064"},"modified":"2025-05-27T08:50:51","modified_gmt":"2025-05-27T12:50:51","slug":"prefeitura-de-campo-grande-participa-do-ms-ativo-e-apresenta-demandas-para-fortalecer-politicas-publicas","status":"publish","type":"post","link":"https:\/\/mspontocom.com.br\/site\/prefeitura-de-campo-grande-participa-do-ms-ativo-e-apresenta-demandas-para-fortalecer-politicas-publicas\/","title":{"rendered":"Prefeitura de Campo Grande participa do MS Ativo e apresenta demandas para fortalecer pol\u00edticas p\u00fablicas"},"content":{"rendered":"<p style=\"text-align: justify;\"><img loading=\"lazy\" class=\"alignnone size-full wp-image-200072\" src=\"http:\/\/mspontocom.com.br\/site\/wp-content\/uploads\/2025\/05\/site-prefeitura-de-campo-grande-participa-do-ms-ativo-e-apresenta-demandas-para-fortalecer-politicas-publicas-ms-ativo-municipalismo-ana-paula-fernandes-6-1024x684-1.jpeg\" alt=\"\" width=\"1024\" height=\"684\" srcset=\"https:\/\/mspontocom.com.br\/site\/wp-content\/uploads\/2025\/05\/site-prefeitura-de-campo-grande-participa-do-ms-ativo-e-apresenta-demandas-para-fortalecer-politicas-publicas-ms-ativo-municipalismo-ana-paula-fernandes-6-1024x684-1.jpeg 1024w, https:\/\/mspontocom.com.br\/site\/wp-content\/uploads\/2025\/05\/site-prefeitura-de-campo-grande-participa-do-ms-ativo-e-apresenta-demandas-para-fortalecer-politicas-publicas-ms-ativo-municipalismo-ana-paula-fernandes-6-1024x684-1-260x174.jpeg 260w, https:\/\/mspontocom.com.br\/site\/wp-content\/uploads\/2025\/05\/site-prefeitura-de-campo-grande-participa-do-ms-ativo-e-apresenta-demandas-para-fortalecer-politicas-publicas-ms-ativo-municipalismo-ana-paula-fernandes-6-1024x684-1-768x513.jpeg 768w\" sizes=\"(max-width: 1024px) 100vw, 1024px\" \/>A Prefeitura de Campo Grande participa nesta segunda-feira (26) do Programa MS Ativo Municipalismo do Governo do Estado, que visa consolidar o novo modelo de coopera\u00e7\u00e3o interfederativa entre Estado e prefeituras.<\/p>\n<p style=\"text-align: justify;\">A Capital est\u00e1 entre as 11 cidades da regi\u00e3o que ir\u00e3o levar demandas e solicita\u00e7\u00f5es ao Governo do Estado em busca de ampliar a efetividade das pol\u00edticas p\u00fablicas.<\/p>\n<p style=\"text-align: justify;\">O objetivo, segundo o Executivo Estadual, \u00e9 instituir um modelo de gest\u00e3o p\u00fablica orientado por resultados, baseado em dados e metas a serem alcan\u00e7adas, de forma a garantir entregas mais qualificadas para a popula\u00e7\u00e3o.<\/p>\n<p style=\"text-align: justify;\">Com isso, o Governo e as prefeituras desenvolvem a\u00e7\u00f5es personalizadas, voltadas \u00e0s demandas locais espec\u00edficas de cada munic\u00edpio.<\/p>\n<p style=\"text-align: justify;\">Para a prefeita <strong>Adriane Lopes<\/strong>, a iniciativa fortalece o protagonismo municipal e com o apoio do Governo do Estado, a cidade leva mais melhorias \u00e0 popula\u00e7\u00e3o.<\/p>\n<p style=\"text-align: justify;\">A prefeitura aproveita o momento para fazer solicita\u00e7\u00f5es em infraestrutura e na \u00e1rea da sa\u00fade.<\/p>\n<blockquote><p><em>\u201cA proximidade com o governo do Estado \u00e9 fundamental. N\u00f3s, prefeitos, fazemos a gest\u00e3o dos munic\u00edpios \u2014 no meu caso, da Capital \u2014 e conseguimos avan\u00e7ar at\u00e9 certo ponto. Mas \u00e9 a parceria com o Governo do Estado que nos permite ir al\u00e9m e entregar mais resultados para a popula\u00e7\u00e3o. Esse semin\u00e1rio \u00e9 muito importante. Estamos aqui justamente para apresentar as demandas de Campo Grande e buscar essa parceria com o governador Eduardo Riedel, para que possamos atender aos anseios da popula\u00e7\u00e3o, especialmente nas \u00e1reas de infraestrutura e sa\u00fade. Hoje estamos trazendo esses pedidos, que v\u00eam diretamente da popula\u00e7\u00e3o, com a expectativa de conseguir recursos e inova\u00e7\u00e3o para investir na nossa cidade\u201d,<\/em> disse a prefeita Adriane Lopes.<\/p><\/blockquote>\n<p style=\"text-align: justify;\"><strong>MS Ativo<\/strong><\/p>\n<p style=\"text-align: justify;\">Est\u00e3o sendo realizados semin\u00e1rios regionais para a apresenta\u00e7\u00e3o do Ciclo 2025 do Programa MS Ativo Municipalismo aos prefeitos e gestores municipais.<\/p>\n<p style=\"text-align: justify;\">J\u00e1 ocorreram os encontros das regi\u00f5es de Coxim e Tr\u00eas Lagoas, e agora \u00e9 a vez da regi\u00e3o de Campo Grande, atendendo os munic\u00edpios de Bandeirantes, Corguinho, Dois Irm\u00e3os do Buriti, Jaraguari, Nova Alvorada do Sul, Ribas do Rio Pardo, Rio Negro, Rochedo, Sidrol\u00e2ndia e Terenos, totalizando 11 munic\u00edpios integrados.<\/p>\n<p style=\"text-align: justify;\" align=\"justify\"><span style=\"font-family: Times New Roman, serif;\"><span style=\"font-size: medium;\"><span style=\"color: #ed4c05;\"><i><b>Continue em nossa companhia . Veja mais not\u00edcias em<\/b><\/i><\/span><b>:<\/b> <span style=\"color: #0000ff;\"><u><a href=\"http:\/\/www.mspontocom.com.br\/\">www.mspontocom.com.br<\/a><\/u><\/span><\/span><\/span><\/p>\n<p style=\"text-align: justify;\" align=\"justify\"><span style=\"font-family: Times New Roman, serif;\"><span style=\"font-size: medium;\">Instagram e X:\u00a0 @mspontocom<\/span><\/span><\/p>\n<p style=\"text-align: justify;\" align=\"justify\">\n","protected":false},"excerpt":{"rendered":"<p>A Prefeitura de Campo Grande participa nesta segunda-feira (26) do Programa MS Ativo Municipalismo do Governo do Estado, que visa consolidar o novo modelo de coopera\u00e7\u00e3o interfederativa entre Estado e prefeituras. A Capital est\u00e1 entre as 11 cidades da regi\u00e3o que ir\u00e3o levar demandas e solicita\u00e7\u00f5es ao Governo do Estado em busca de ampliar a [&hellip;]<\/p>\n","protected":false},"author":2,"featured_media":200072,"comment_status":"open","ping_status":"open","sticky":false,"template":"","format":"standard","meta":{"_monsterinsights_skip_tracking":false,"_monsterinsights_sitenote_active":false,"_monsterinsights_sitenote_note":"","_monsterinsights_sitenote_category":0},"categories":[4328],"tags":[123,43036,165],"aioseo_notices":[],"_links":{"self":[{"href":"https:\/\/mspontocom.com.br\/site\/wp-json\/wp\/v2\/posts\/200064"}],"collection":[{"href":"https:\/\/mspontocom.com.br\/site\/wp-json\/wp\/v2\/posts"}],"about":[{"href":"https:\/\/mspontocom.com.br\/site\/wp-json\/wp\/v2\/types\/post"}],"author":[{"embeddable":true,"href":"https:\/\/mspontocom.com.br\/site\/wp-json\/wp\/v2\/users\/2"}],"replies":[{"embeddable":true,"href":"https:\/\/mspontocom.com.br\/site\/wp-json\/wp\/v2\/comments?post=200064"}],"version-history":[{"count":2,"href":"https:\/\/mspontocom.com.br\/site\/wp-json\/wp\/v2\/posts\/200064\/revisions"}],"predecessor-version":[{"id":200073,"href":"https:\/\/mspontocom.com.br\/site\/wp-json\/wp\/v2\/posts\/200064\/revisions\/200073"}],"wp:featuredmedia":[{"embeddable":true,"href":"https:\/\/mspontocom.com.br\/site\/wp-json\/wp\/v2\/media\/200072"}],"wp:attachment":[{"href":"https:\/\/mspontocom.com.br\/site\/wp-json\/wp\/v2\/media?parent=200064"}],"wp:term":[{"taxonomy":"category","embeddable":true,"href":"https:\/\/mspontocom.com.br\/site\/wp-json\/wp\/v2\/categories?post=200064"},{"taxonomy":"post_tag","embeddable":true,"href":"https:\/\/mspontocom.com.br\/site\/wp-json\/wp\/v2\/tags?post=200064"}],"curies":[{"name":"wp","href":"https:\/\/api.w.org\/{rel}","templated":true}]}}