{"id":200127,"date":"2025-05-29T04:19:26","date_gmt":"2025-05-29T08:19:26","guid":{"rendered":"https:\/\/mspontocom.com.br\/site\/?p=200127"},"modified":"2025-05-29T07:55:56","modified_gmt":"2025-05-29T11:55:56","slug":"prefeitura-de-campo-grande-estabelece-nova-organizacao-para-modernizar-a-gestao-publica","status":"publish","type":"post","link":"https:\/\/mspontocom.com.br\/site\/prefeitura-de-campo-grande-estabelece-nova-organizacao-para-modernizar-a-gestao-publica\/","title":{"rendered":"Prefeitura de Campo Grande estabelece nova organiza\u00e7\u00e3o para modernizar a gest\u00e3o p\u00fablica"},"content":{"rendered":"<p style=\"text-align: justify;\"><img loading=\"lazy\" class=\"alignnone size-full wp-image-200137\" src=\"http:\/\/mspontocom.com.br\/site\/wp-content\/uploads\/2025\/05\/site-prefeitura-de-campo-grande-estabelece-nova-organizacao-sistemica-para-modernizar-a-gestao-publica-pmcg.webp\" alt=\"\" width=\"687\" height=\"412\" srcset=\"https:\/\/mspontocom.com.br\/site\/wp-content\/uploads\/2025\/05\/site-prefeitura-de-campo-grande-estabelece-nova-organizacao-sistemica-para-modernizar-a-gestao-publica-pmcg.webp 687w, https:\/\/mspontocom.com.br\/site\/wp-content\/uploads\/2025\/05\/site-prefeitura-de-campo-grande-estabelece-nova-organizacao-sistemica-para-modernizar-a-gestao-publica-pmcg-260x156.webp 260w\" sizes=\"(max-width: 687px) 100vw, 687px\" \/>A Prefeitura de Campo Grande deu um passo para modernizar a gest\u00e3o p\u00fablica municipal com a publica\u00e7\u00e3o do Decreto n. 16.271, de 26 de maio de 2025, assinado pela prefeita Adriane Lopes.<\/p>\n<p style=\"text-align: justify;\">A nova normativa estabelece a atua\u00e7\u00e3o sist\u00eamica dos \u00f3rg\u00e3os e entidades da Administra\u00e7\u00e3o Direta e Indireta, definindo sistemas administrativos integrados, com o objetivo de garantir maior uniformidade, harmonia e coordena\u00e7\u00e3o na execu\u00e7\u00e3o das atividades internas da Prefeitura.<\/p>\n<p style=\"text-align: justify;\">A medida representa uma reestrutura\u00e7\u00e3o estrat\u00e9gica da administra\u00e7\u00e3o municipal e tem como foco o\u00a0fortalecimento da governan\u00e7a, a racionaliza\u00e7\u00e3o de recursos p\u00fablicos, o aprimoramento dos controles internos e a padroniza\u00e7\u00e3o de rotinas que impactam diretamente na presta\u00e7\u00e3o de servi\u00e7os \u00e0 popula\u00e7\u00e3o.<\/p>\n<blockquote><p><em>\u201cEstamos implementando um modelo de gest\u00e3o mais eficiente, transparente e coordenado. Com isso, fortalecemos a governan\u00e7a p\u00fablica e tornamos a m\u00e1quina administrativa mais \u00e1gil e preparada para entregar melhores resultados para Campo Grande\u201d, destacou a prefeita Adriane Lopes.<\/em><\/p><\/blockquote>\n<p style=\"text-align: justify;\"><span style=\"font-size: 14pt;\"><strong>Integra\u00e7\u00e3o por meio de sistemas<\/strong><\/span><\/p>\n<p style=\"text-align: justify;\">O decreto define nove sistemas administrativos principais, cada um liderado por um \u00f3rg\u00e3o central respons\u00e1vel por orientar, supervisionar e fiscalizar tecnicamente as unidades setoriais dos demais \u00f3rg\u00e3os municipais.<\/p>\n<p style=\"text-align: justify;\"><span style=\"font-size: 14pt;\"><strong>Entre os sistemas estabelecidos est\u00e3o:<\/strong><\/span><\/p>\n<p style=\"text-align: justify;\">Os sistemas administrativos institu\u00eddos pelo novo decreto da Prefeitura de Campo Grande contam com \u00f3rg\u00e3os centrais espec\u00edficos para garantir uma atua\u00e7\u00e3o mais eficiente e coordenada.<\/p>\n<p style=\"text-align: justify;\">A Secretaria Especial de Planejamento e Parcerias Estrat\u00e9gicas (Seppe) responde pelo Sistema de Planejamento Estrat\u00e9gico Governamental, enquanto a Secretaria Municipal de Fazenda (Sefaz) \u00e9 respons\u00e1vel pela Gest\u00e3o Econ\u00f4mica. O Controle Interno est\u00e1 sob a responsabilidade da Controladoria-Geral do Munic\u00edpio (CGM).<\/p>\n<p style=\"text-align: justify;\">J\u00e1 a Secretaria Municipal de Administra\u00e7\u00e3o e Inova\u00e7\u00e3o (Semadi) centraliza tanto os sistemas de Recursos Humanos quanto o de Gest\u00e3o de Bens e Servi\u00e7os, al\u00e9m de tamb\u00e9m coordenar o Sistema de Gest\u00e3o Institucional.<\/p>\n<p style=\"text-align: justify;\">A Ag\u00eancia Municipal de Tecnologia da Informa\u00e7\u00e3o e Inova\u00e7\u00e3o (Agetec) lidera o Sistema de Tecnologia da Informa\u00e7\u00e3o.<\/p>\n<p style=\"text-align: justify;\">A sustentabilidade das a\u00e7\u00f5es p\u00fablicas est\u00e1 a cargo da Ag\u00eancia Municipal de Meio Ambiente e Planejamento Urbano (Planurb), que comanda o Sistema de Gest\u00e3o de Sustentabilidade.<\/p>\n<p style=\"text-align: justify;\">Por fim, a Secretaria Especial de Licita\u00e7\u00f5es e Contratos (SELC) \u00e9 o \u00f3rg\u00e3o central do Sistema de Compras P\u00fablicas.<\/p>\n<p style=\"text-align: justify;\">Essa nova organiza\u00e7\u00e3o prev\u00ea que todos os \u00f3rg\u00e3os e entidades municipais atuem de forma padronizada, seguindo instru\u00e7\u00f5es normativas definidas por cada sistema e orienta\u00e7\u00f5es t\u00e9cnicas dos \u00f3rg\u00e3os centrais.<\/p>\n<p style=\"text-align: justify;\" align=\"justify\"><span style=\"font-family: Times New Roman, serif;\"><span style=\"font-size: medium;\"><span style=\"color: #ed4c05;\"><i><b>Continue em nossa companhia . Veja mais not\u00edcias em<\/b><\/i><\/span><b>:<\/b> <span style=\"color: #0000ff;\"><u><a href=\"http:\/\/www.mspontocom.com.br\/\">www.mspontocom.com.br<\/a><\/u><\/span><\/span><\/span><\/p>\n<p style=\"text-align: justify;\" align=\"justify\"><span style=\"font-family: Times New Roman, serif;\"><span style=\"font-size: medium;\">Instagram e X:\u00a0 @mspontocom<\/span><\/span><\/p>\n","protected":false},"excerpt":{"rendered":"<p>A Prefeitura de Campo Grande deu um passo para modernizar a gest\u00e3o p\u00fablica municipal com a publica\u00e7\u00e3o do Decreto n. 16.271, de 26 de maio de 2025, assinado pela prefeita Adriane Lopes. A nova normativa estabelece a atua\u00e7\u00e3o sist\u00eamica dos \u00f3rg\u00e3os e entidades da Administra\u00e7\u00e3o Direta e Indireta, definindo sistemas administrativos integrados, com o objetivo [&hellip;]<\/p>\n","protected":false},"author":2,"featured_media":200137,"comment_status":"open","ping_status":"open","sticky":false,"template":"","format":"standard","meta":{"_monsterinsights_skip_tracking":false,"_monsterinsights_sitenote_active":false,"_monsterinsights_sitenote_note":"","_monsterinsights_sitenote_category":0},"categories":[4328],"tags":[123,24689,165],"aioseo_notices":[],"_links":{"self":[{"href":"https:\/\/mspontocom.com.br\/site\/wp-json\/wp\/v2\/posts\/200127"}],"collection":[{"href":"https:\/\/mspontocom.com.br\/site\/wp-json\/wp\/v2\/posts"}],"about":[{"href":"https:\/\/mspontocom.com.br\/site\/wp-json\/wp\/v2\/types\/post"}],"author":[{"embeddable":true,"href":"https:\/\/mspontocom.com.br\/site\/wp-json\/wp\/v2\/users\/2"}],"replies":[{"embeddable":true,"href":"https:\/\/mspontocom.com.br\/site\/wp-json\/wp\/v2\/comments?post=200127"}],"version-history":[{"count":2,"href":"https:\/\/mspontocom.com.br\/site\/wp-json\/wp\/v2\/posts\/200127\/revisions"}],"predecessor-version":[{"id":200138,"href":"https:\/\/mspontocom.com.br\/site\/wp-json\/wp\/v2\/posts\/200127\/revisions\/200138"}],"wp:featuredmedia":[{"embeddable":true,"href":"https:\/\/mspontocom.com.br\/site\/wp-json\/wp\/v2\/media\/200137"}],"wp:attachment":[{"href":"https:\/\/mspontocom.com.br\/site\/wp-json\/wp\/v2\/media?parent=200127"}],"wp:term":[{"taxonomy":"category","embeddable":true,"href":"https:\/\/mspontocom.com.br\/site\/wp-json\/wp\/v2\/categories?post=200127"},{"taxonomy":"post_tag","embeddable":true,"href":"https:\/\/mspontocom.com.br\/site\/wp-json\/wp\/v2\/tags?post=200127"}],"curies":[{"name":"wp","href":"https:\/\/api.w.org\/{rel}","templated":true}]}}