{"id":200216,"date":"2025-06-02T05:29:27","date_gmt":"2025-06-02T09:29:27","guid":{"rendered":"https:\/\/mspontocom.com.br\/site\/?p=200216"},"modified":"2025-06-02T07:35:43","modified_gmt":"2025-06-02T11:35:43","slug":"refis-campo-grande-comeca-no-dia-10-de-junho-com-descontos-de-ate-80-para-negociacoes-de-debitos","status":"publish","type":"post","link":"https:\/\/mspontocom.com.br\/site\/refis-campo-grande-comeca-no-dia-10-de-junho-com-descontos-de-ate-80-para-negociacoes-de-debitos\/","title":{"rendered":"Refis Campo Grande come\u00e7a no dia 10 de junho com descontos de at\u00e9 80% para negocia\u00e7\u00f5es de d\u00e9bitos"},"content":{"rendered":"<p style=\"text-align: justify;\"><img loading=\"lazy\" class=\"alignnone size-full wp-image-200217\" src=\"http:\/\/mspontocom.com.br\/site\/wp-content\/uploads\/2025\/06\/site-refis-campo-grande-comeca-no-dia-10-de-junho-com-descontos-de-ate-80-para-negociacoes-de-debitos-refis-ana-paula-fernandes-1-1536x1025-1-e1748864048512.jpg\" alt=\"\" width=\"1140\" height=\"814\" srcset=\"https:\/\/mspontocom.com.br\/site\/wp-content\/uploads\/2025\/06\/site-refis-campo-grande-comeca-no-dia-10-de-junho-com-descontos-de-ate-80-para-negociacoes-de-debitos-refis-ana-paula-fernandes-1-1536x1025-1-e1748864048512.jpg 1140w, https:\/\/mspontocom.com.br\/site\/wp-content\/uploads\/2025\/06\/site-refis-campo-grande-comeca-no-dia-10-de-junho-com-descontos-de-ate-80-para-negociacoes-de-debitos-refis-ana-paula-fernandes-1-1536x1025-1-e1748864048512-260x186.jpg 260w, https:\/\/mspontocom.com.br\/site\/wp-content\/uploads\/2025\/06\/site-refis-campo-grande-comeca-no-dia-10-de-junho-com-descontos-de-ate-80-para-negociacoes-de-debitos-refis-ana-paula-fernandes-1-1536x1025-1-e1748864048512-1024x731.jpg 1024w, https:\/\/mspontocom.com.br\/site\/wp-content\/uploads\/2025\/06\/site-refis-campo-grande-comeca-no-dia-10-de-junho-com-descontos-de-ate-80-para-negociacoes-de-debitos-refis-ana-paula-fernandes-1-1536x1025-1-e1748864048512-768x548.jpg 768w\" sizes=\"(max-width: 1140px) 100vw, 1140px\" \/>Contribuintes de Campo Grande ter\u00e3o uma nova oportunidade para regularizar d\u00edvidas com o munic\u00edpio por meio do Refis 2025, que come\u00e7a no dia 10 de junho e termina no dia 11 de julho.<\/p>\n<p style=\"text-align: justify;\"><strong>O programa oferece descontos de at\u00e9 80% sobre juros e multas, com condi\u00e7\u00f5es especiais para pagamento \u00e0 vista ou parcelado.<\/strong><\/p>\n<p style=\"text-align: justify;\">A iniciativa contempla d\u00e9bitos tribut\u00e1rios e n\u00e3o tribut\u00e1rios, inscritos ou n\u00e3o em d\u00edvida ativa, ajuizados ou n\u00e3o.<\/p>\n<p style=\"text-align: justify;\">O objetivo \u00e9 facilitar a quita\u00e7\u00e3o dos d\u00e9bitos e permitir que os cidad\u00e3os e empresas voltem a ficar em dia com o munic\u00edpio.<\/p>\n<p style=\"text-align: justify;\">O Refis 2025 n\u00e3o contempla d\u00e9bitos gerados por infra\u00e7\u00f5es de tr\u00e2nsito, indeniza\u00e7\u00f5es devidas ao munic\u00edpio, d\u00edvidas contratuais, contrapartidas financeiras, outorgas, arrendamentos ou aliena\u00e7\u00f5es de im\u00f3veis, penalidades ambientais e saldos de parcelamentos oriundos da transa\u00e7\u00e3o excepcional.<\/p>\n<p style=\"text-align: justify;\"><span style=\"font-size: 18pt;\"><strong>Condi\u00e7\u00f5es por tipo de d\u00e9bito<\/strong><\/span><\/p>\n<p style=\"text-align: justify;\"><span style=\"font-size: 18pt;\"><strong>D\u00e9bitos de natureza imobili\u00e1ria (como IPTU):<\/strong><\/span><\/p>\n<p style=\"text-align: justify;\">\u00c0 vista: desconto de 80% sobre juros e multas.<\/p>\n<p style=\"text-align: justify;\">Parcelado, com desconto de 60% sobre os acr\u00e9scimos:<\/p>\n<p style=\"text-align: justify;\">Em at\u00e9 6 parcelas: entrada m\u00ednima de 5% do valor total do d\u00e9bito.<\/p>\n<p style=\"text-align: justify;\">De 7 a 12 parcelas: entrada m\u00ednima de 10%.<\/p>\n<p style=\"text-align: justify;\">De 13 a 18 parcelas: entrada m\u00ednima de 15%.<\/p>\n<p style=\"text-align: justify;\">\n<p style=\"text-align: justify;\">\n<p style=\"text-align: justify;\"><span style=\"font-size: 18pt;\"><strong>D\u00e9bitos de natureza econ\u00f4mica (como ISS):<\/strong><\/span><\/p>\n<p style=\"text-align: justify;\">\u00c0 vista: desconto de 80% sobre os acr\u00e9scimos.<\/p>\n<p style=\"text-align: justify;\">Parcelado, com desconto de 60%, respeitando os valores m\u00ednimos por parcela:<\/p>\n<p style=\"text-align: justify;\">At\u00e9 6 meses: R$ 100,00 por parcela.<\/p>\n<p style=\"text-align: justify;\">De 7 a 12 meses: R$ 500,00 por parcela.<\/p>\n<p style=\"text-align: justify;\">De 13 a 18 meses: R$ 1.000,00 por parcela.<\/p>\n<p style=\"text-align: justify;\">De 19 a 24 meses: R$ 1.250,00 por parcela.<\/p>\n<p style=\"text-align: justify;\">De 25 a 36 meses: R$ 1.500,00 por parcela.<\/p>\n<p style=\"text-align: justify;\">De 37 a 48 meses: R$ 2.000,00 por parcela.<\/p>\n<p style=\"text-align: justify;\">De 49 a 60 meses: R$ 2.500,00 por parcela.<\/p>\n<p style=\"text-align: justify;\">Em qualquer modalidade, o valor m\u00ednimo por parcela ser\u00e1 de R$ 50,00.<\/p>\n<p style=\"text-align: justify;\"><span style=\"font-size: 18pt;\"><strong>Saldos remanescentes de parcelamentos anteriores<\/strong><\/span><\/p>\n<p style=\"text-align: justify;\">\u00c0 vista: desconto de 30% sobre o valor consolidado.<\/p>\n<p style=\"text-align: justify;\">Em 6 parcelas: desconto de 20% sobre o valor consolidado.<\/p>\n<p style=\"text-align: justify;\">Em 12 parcelas: desconto de 10% sobre o valor consolidado.<\/p>\n<p style=\"text-align: justify;\">\u00c9 poss\u00edvel regularizar somente as parcelas vencidas, com desconto de 25%, mantendo as condi\u00e7\u00f5es anteriores para as parcelas vincendas.<\/p>\n<p style=\"text-align: justify;\">\n<p style=\"text-align: justify;\"><span style=\"font-size: 18pt;\"><strong>Transa\u00e7\u00e3o Excepcional<\/strong><\/span><\/p>\n<p style=\"text-align: justify;\">Contribuintes com d\u00edvidas a partir de R$ 150 mil poder\u00e3o optar pela Transa\u00e7\u00e3o Excepcional com pagamento \u00e0 vista ou parcelado; entrada reduzida e em at\u00e9 120 parcelas.<\/p>\n<p style=\"text-align: justify;\">Para aderir ao programa, a partir do dia 10 de junho, o contribuinte deve emitir a Guia DAM (Documento de Arrecada\u00e7\u00e3o Municipal) pelo site:\u00a0<a href=\"https:\/\/refis.campogrande.ms.gov.br\/\"><strong>https:\/\/refis.campogrande.ms.gov.br<\/strong><\/a>.<\/p>\n<p style=\"text-align: justify;\">Tamb\u00e9m \u00e9 poss\u00edvel obter informa\u00e7\u00f5es adicionais atrav\u00e9s do telefone 156 ou pelos telefones (67) 4042-1320, (67) 98471-0487 e (67) 98478-8873 com atendimento de segunda a sexta-feira, das 7h \u00e0s 19h.<\/p>\n<p style=\"text-align: justify;\">O atendimento presencial ser\u00e1 realizado na Central de Atendimento ao Cidad\u00e3o (CAC), localizada na Rua Marechal C\u00e2ndido Mariano Rondon, n\u00ba 2.655, das 8h \u00e0s 16h.<\/p>\n<p style=\"text-align: justify;\">Os pagamentos podem ser realizados em bancos, lot\u00e9ricas, aplicativos ou outros meios disponibilizados pelas institui\u00e7\u00f5es financeiras.<\/p>\n<p style=\"text-align: justify;\">Todas as informa\u00e7\u00f5es sobre prazos e descontos da Lei Complementar n\u00ba \u00a0542, de 30 de maio de 2025, que institui o Programa de Regulariza\u00e7\u00e3o Fiscal (REFIS), podem ser conferidas na \u00edntegra, na edi\u00e7\u00e3o extra do Diogrande desta sexta-feira (30), dispon\u00edvel no endere\u00e7o eletr\u00f4nico\u00a0<a href=\"https:\/\/diogrande.campogrande.ms.gov.br\/\">https:\/\/diogrande.campogrande.ms.gov.br\/<\/a><\/p>\n<p style=\"text-align: justify;\" align=\"justify\"><span style=\"font-family: Times New Roman, serif;\"><span style=\"font-size: medium;\"><span style=\"color: #ed4c05;\"><i><b>Continue em nossa companhia . Veja mais not\u00edcias em<\/b><\/i><\/span><b>:<\/b> <span style=\"color: #0000ff;\"><u><a href=\"http:\/\/www.mspontocom.com.br\/\">www.mspontocom.com.br<\/a><\/u><\/span><\/span><\/span><\/p>\n<p style=\"text-align: justify;\" align=\"justify\"><span style=\"font-family: Times New Roman, serif;\"><span style=\"font-size: medium;\">Instagram e X:\u00a0 @mspontocom<\/span><\/span><\/p>\n","protected":false},"excerpt":{"rendered":"<p>Contribuintes de Campo Grande ter\u00e3o uma nova oportunidade para regularizar d\u00edvidas com o munic\u00edpio por meio do Refis 2025, que come\u00e7a no dia 10 de junho e termina no dia 11 de julho. O programa oferece descontos de at\u00e9 80% sobre juros e multas, com condi\u00e7\u00f5es especiais para pagamento \u00e0 vista ou parcelado. A iniciativa [&hellip;]<\/p>\n","protected":false},"author":2,"featured_media":200217,"comment_status":"open","ping_status":"open","sticky":false,"template":"","format":"standard","meta":{"_monsterinsights_skip_tracking":false,"_monsterinsights_sitenote_active":false,"_monsterinsights_sitenote_note":"","_monsterinsights_sitenote_category":0},"categories":[4328],"tags":[123,4797],"aioseo_notices":[],"_links":{"self":[{"href":"https:\/\/mspontocom.com.br\/site\/wp-json\/wp\/v2\/posts\/200216"}],"collection":[{"href":"https:\/\/mspontocom.com.br\/site\/wp-json\/wp\/v2\/posts"}],"about":[{"href":"https:\/\/mspontocom.com.br\/site\/wp-json\/wp\/v2\/types\/post"}],"author":[{"embeddable":true,"href":"https:\/\/mspontocom.com.br\/site\/wp-json\/wp\/v2\/users\/2"}],"replies":[{"embeddable":true,"href":"https:\/\/mspontocom.com.br\/site\/wp-json\/wp\/v2\/comments?post=200216"}],"version-history":[{"count":1,"href":"https:\/\/mspontocom.com.br\/site\/wp-json\/wp\/v2\/posts\/200216\/revisions"}],"predecessor-version":[{"id":200218,"href":"https:\/\/mspontocom.com.br\/site\/wp-json\/wp\/v2\/posts\/200216\/revisions\/200218"}],"wp:featuredmedia":[{"embeddable":true,"href":"https:\/\/mspontocom.com.br\/site\/wp-json\/wp\/v2\/media\/200217"}],"wp:attachment":[{"href":"https:\/\/mspontocom.com.br\/site\/wp-json\/wp\/v2\/media?parent=200216"}],"wp:term":[{"taxonomy":"category","embeddable":true,"href":"https:\/\/mspontocom.com.br\/site\/wp-json\/wp\/v2\/categories?post=200216"},{"taxonomy":"post_tag","embeddable":true,"href":"https:\/\/mspontocom.com.br\/site\/wp-json\/wp\/v2\/tags?post=200216"}],"curies":[{"name":"wp","href":"https:\/\/api.w.org\/{rel}","templated":true}]}}