{"id":200233,"date":"2025-06-04T06:09:34","date_gmt":"2025-06-04T10:09:34","guid":{"rendered":"https:\/\/mspontocom.com.br\/site\/?p=200233"},"modified":"2025-06-04T06:09:34","modified_gmt":"2025-06-04T10:09:34","slug":"discurso-de-odio-de-lula-incentiva-hostilidade-a-israel-diz-entidade","status":"publish","type":"post","link":"https:\/\/mspontocom.com.br\/site\/discurso-de-odio-de-lula-incentiva-hostilidade-a-israel-diz-entidade\/","title":{"rendered":"Discurso de \u00f3dio de Lula incentiva hostilidade a Israel, diz entidade"},"content":{"rendered":"<p style=\"text-align: justify;\"><img loading=\"lazy\" class=\"alignnone size-full wp-image-200250\" src=\"http:\/\/mspontocom.com.br\/site\/wp-content\/uploads\/2025\/06\/site-discurso-de-odio-de-lula-incentiva-hostilidade-a-israel-diz-entidade-lularaiva.jpg\" alt=\"\" width=\"1200\" height=\"720\" srcset=\"https:\/\/mspontocom.com.br\/site\/wp-content\/uploads\/2025\/06\/site-discurso-de-odio-de-lula-incentiva-hostilidade-a-israel-diz-entidade-lularaiva.jpg 1200w, https:\/\/mspontocom.com.br\/site\/wp-content\/uploads\/2025\/06\/site-discurso-de-odio-de-lula-incentiva-hostilidade-a-israel-diz-entidade-lularaiva-260x156.jpg 260w, https:\/\/mspontocom.com.br\/site\/wp-content\/uploads\/2025\/06\/site-discurso-de-odio-de-lula-incentiva-hostilidade-a-israel-diz-entidade-lularaiva-1024x614.jpg 1024w, https:\/\/mspontocom.com.br\/site\/wp-content\/uploads\/2025\/06\/site-discurso-de-odio-de-lula-incentiva-hostilidade-a-israel-diz-entidade-lularaiva-768x461.jpg 768w\" sizes=\"(max-width: 1200px) 100vw, 1200px\" \/>A Confedera\u00e7\u00e3o Israelita do Brasil<strong> (Conib)<\/strong> criticou as declara\u00e7\u00f5es do presidente Lula que comparou as a\u00e7\u00f5es de Israel na Faixa de Gaza ao Holocausto.<\/p>\n<p style=\"text-align: justify;\">A entidade afirmou que tais falas t\u00eam incentivado discursos de \u00f3dio e um aumento significativo de casos de antissemitismo no Brasil.<\/p>\n<p style=\"text-align: justify;\">Em entrevista \u00e0 CNN Brasil, o presidente da Conib, Claudio Lottenberg, afirmou que as declara\u00e7\u00f5es de Lula legitimam posi\u00e7\u00f5es que <strong>incentivam discursos de \u00f3dio<\/strong>, resultando em um aumento de manifesta\u00e7\u00f5es e atitudes antissemitas.<\/p>\n<p style=\"text-align: justify;\">Ele destacou que o presidente conseguiu algo in\u00e9dito ao<strong> \u201cimportar o conflito para o Brasil\u201d.<\/strong><\/p>\n<p style=\"text-align: justify;\">A Federa\u00e7\u00e3o Israelita do Estado de S\u00e3o Paulo (Fisesp) registrou um aumento de 263% nas den\u00fancias de antissemitismo em institui\u00e7\u00f5es de ensino ap\u00f3s a fala de Lula.<\/p>\n<p style=\"text-align: justify;\">A Conib repudiou a compara\u00e7\u00e3o feita por Lula, classificando-a como uma \u201cdistor\u00e7\u00e3o perversa da realidade\u201d que ofende a mem\u00f3ria das v\u00edtimas do Holocausto e seus descendentes.<\/p>\n<p style=\"text-align: justify;\">A entidade ressaltou que Israel est\u00e1 se defendendo de um<strong> grupo terrorista<\/strong> que invadiu o pa\u00eds, matou mais de mil pessoas e promoveu atrocidades.<\/p>\n<p style=\"text-align: justify;\" align=\"justify\"><span style=\"font-family: Times New Roman, serif;\"><span style=\"font-size: medium;\"><span style=\"color: #ed4c05;\"><i><b>Continue em nossa companhia . Veja mais not\u00edcias em<\/b><\/i><\/span><b>:<\/b> <span style=\"color: #0000ff;\"><u><a href=\"http:\/\/www.mspontocom.com.br\/\">www.mspontocom.com.br<\/a><\/u><\/span><\/span><\/span><\/p>\n<p style=\"text-align: justify;\" align=\"justify\"><span style=\"font-family: Times New Roman, serif;\"><span style=\"font-size: medium;\">Instagram e X:\u00a0 @mspontocom<\/span><\/span><\/p>\n","protected":false},"excerpt":{"rendered":"<p>A Confedera\u00e7\u00e3o Israelita do Brasil (Conib) criticou as declara\u00e7\u00f5es do presidente Lula que comparou as a\u00e7\u00f5es de Israel na Faixa de Gaza ao Holocausto. A entidade afirmou que tais falas t\u00eam incentivado discursos de \u00f3dio e um aumento significativo de casos de antissemitismo no Brasil. Em entrevista \u00e0 CNN Brasil, o presidente da Conib, Claudio [&hellip;]<\/p>\n","protected":false},"author":2,"featured_media":200250,"comment_status":"open","ping_status":"open","sticky":false,"template":"","format":"standard","meta":{"_monsterinsights_skip_tracking":false,"_monsterinsights_sitenote_active":false,"_monsterinsights_sitenote_note":"","_monsterinsights_sitenote_category":0},"categories":[30260,7,30259,12],"tags":[43074,30368,35998,43073,2203,480,26167],"aioseo_notices":[],"_links":{"self":[{"href":"https:\/\/mspontocom.com.br\/site\/wp-json\/wp\/v2\/posts\/200233"}],"collection":[{"href":"https:\/\/mspontocom.com.br\/site\/wp-json\/wp\/v2\/posts"}],"about":[{"href":"https:\/\/mspontocom.com.br\/site\/wp-json\/wp\/v2\/types\/post"}],"author":[{"embeddable":true,"href":"https:\/\/mspontocom.com.br\/site\/wp-json\/wp\/v2\/users\/2"}],"replies":[{"embeddable":true,"href":"https:\/\/mspontocom.com.br\/site\/wp-json\/wp\/v2\/comments?post=200233"}],"version-history":[{"count":2,"href":"https:\/\/mspontocom.com.br\/site\/wp-json\/wp\/v2\/posts\/200233\/revisions"}],"predecessor-version":[{"id":200251,"href":"https:\/\/mspontocom.com.br\/site\/wp-json\/wp\/v2\/posts\/200233\/revisions\/200251"}],"wp:featuredmedia":[{"embeddable":true,"href":"https:\/\/mspontocom.com.br\/site\/wp-json\/wp\/v2\/media\/200250"}],"wp:attachment":[{"href":"https:\/\/mspontocom.com.br\/site\/wp-json\/wp\/v2\/media?parent=200233"}],"wp:term":[{"taxonomy":"category","embeddable":true,"href":"https:\/\/mspontocom.com.br\/site\/wp-json\/wp\/v2\/categories?post=200233"},{"taxonomy":"post_tag","embeddable":true,"href":"https:\/\/mspontocom.com.br\/site\/wp-json\/wp\/v2\/tags?post=200233"}],"curies":[{"name":"wp","href":"https:\/\/api.w.org\/{rel}","templated":true}]}}