{"id":200256,"date":"2025-06-04T04:38:40","date_gmt":"2025-06-04T08:38:40","guid":{"rendered":"https:\/\/mspontocom.com.br\/site\/?p=200256"},"modified":"2025-06-04T06:47:25","modified_gmt":"2025-06-04T10:47:25","slug":"campo-grande-registra-crescimento-de-166-na-geracao-de-empregos-formais","status":"publish","type":"post","link":"https:\/\/mspontocom.com.br\/site\/campo-grande-registra-crescimento-de-166-na-geracao-de-empregos-formais\/","title":{"rendered":"Campo Grande registra crescimento de 16,6% na gera\u00e7\u00e3o de empregos formais"},"content":{"rendered":"<p style=\"text-align: justify;\"><img loading=\"lazy\" class=\"alignnone size-full wp-image-200263\" src=\"http:\/\/mspontocom.com.br\/site\/wp-content\/uploads\/2025\/06\/site-campo-grande-registra-crescimento-de-166-na-geracao-de-empregos-formais-carteira-vagas.jpg\" alt=\"\" width=\"850\" height=\"550\" srcset=\"https:\/\/mspontocom.com.br\/site\/wp-content\/uploads\/2025\/06\/site-campo-grande-registra-crescimento-de-166-na-geracao-de-empregos-formais-carteira-vagas.jpg 850w, https:\/\/mspontocom.com.br\/site\/wp-content\/uploads\/2025\/06\/site-campo-grande-registra-crescimento-de-166-na-geracao-de-empregos-formais-carteira-vagas-260x168.jpg 260w, https:\/\/mspontocom.com.br\/site\/wp-content\/uploads\/2025\/06\/site-campo-grande-registra-crescimento-de-166-na-geracao-de-empregos-formais-carteira-vagas-768x497.jpg 768w\" sizes=\"(max-width: 850px) 100vw, 850px\" \/>\u00a0Dados do Cadastro Geral de Empregados e Desempregados<strong> (Caged)<\/strong> revelam que, no acumulado do quadrimestre de 2025 (janeiro a abril), houve um aumento de 16,63% no saldo de gera\u00e7\u00e3o de empregos em compara\u00e7\u00e3o ao mesmo per\u00edodo de 2024.<\/p>\n<p style=\"text-align: justify;\">Entre janeiro e abril de 2024, Campo Grande acumulou um saldo positivo de 4.563 vagas formais.<\/p>\n<p style=\"text-align: justify;\">Neste ano, para o mesmo per\u00edodo, os n\u00fameros s\u00e3o de 5.322 carteiras assinadas.<\/p>\n<p style=\"text-align: justify;\">Os dados refletem a retomada econ\u00f4mica em diversos setores, especialmente no com\u00e9rcio, servi\u00e7os e constru\u00e7\u00e3o civil, que puxaram as contrata\u00e7\u00f5es no in\u00edcio deste ano.<\/p>\n<blockquote><p><em>\u201cO saldo de empregos \u2014 diferen\u00e7a entre admiss\u00f5es e desligamentos \u2014 significativamente maior em rela\u00e7\u00e3o ao \u00faltimo ano, demonstra um ambiente mais favor\u00e1vel para quem busca uma coloca\u00e7\u00e3o no mercado formal\u201d, diz o superintendente de desenvolvimento econ\u00f4mico, Luciano Rodrigues.<\/em><\/p><\/blockquote>\n<p style=\"text-align: justify;\">Ele pontua que o setor de Com\u00e9rcio e Servi\u00e7os seguem liderando a gera\u00e7\u00e3o de empregos.<\/p>\n<p style=\"text-align: justify;\">Mas \u00e9 a constru\u00e7\u00e3o civil que vem movimentando e mantendo desempenhos positivos, m\u00eas a m\u00eas, refletindo investimentos em infraestrutura e na cadeia produtiva nacional.<\/p>\n<p style=\"text-align: justify;\">Em janeiro o setor fechou com saldo de 260 vagas, fevereiro de 479, mar\u00e7o de 104 e abril 211 vagas.<\/p>\n<p style=\"text-align: justify;\" align=\"justify\"><span style=\"font-family: Times New Roman, serif;\"><span style=\"font-size: medium;\"><span style=\"color: #ed4c05;\"><i><b>Continue em nossa companhia . Veja mais not\u00edcias em<\/b><\/i><\/span><b>:<\/b> <span style=\"color: #0000ff;\"><u><a href=\"http:\/\/www.mspontocom.com.br\/\">www.mspontocom.com.br<\/a><\/u><\/span><\/span><\/span><\/p>\n<p style=\"text-align: justify;\" align=\"justify\"><span style=\"font-family: Times New Roman, serif;\"><span style=\"font-size: medium;\">Instagram e X:\u00a0 @mspontocom<\/span><\/span><\/p>\n","protected":false},"excerpt":{"rendered":"<p>\u00a0Dados do Cadastro Geral de Empregados e Desempregados (Caged) revelam que, no acumulado do quadrimestre de 2025 (janeiro a abril), houve um aumento de 16,63% no saldo de gera\u00e7\u00e3o de empregos em compara\u00e7\u00e3o ao mesmo per\u00edodo de 2024. Entre janeiro e abril de 2024, Campo Grande acumulou um saldo positivo de 4.563 vagas formais. Neste [&hellip;]<\/p>\n","protected":false},"author":2,"featured_media":200263,"comment_status":"open","ping_status":"open","sticky":false,"template":"","format":"standard","meta":{"_monsterinsights_skip_tracking":false,"_monsterinsights_sitenote_active":false,"_monsterinsights_sitenote_note":"","_monsterinsights_sitenote_category":0},"categories":[4328],"tags":[1245,123,31277],"aioseo_notices":[],"_links":{"self":[{"href":"https:\/\/mspontocom.com.br\/site\/wp-json\/wp\/v2\/posts\/200256"}],"collection":[{"href":"https:\/\/mspontocom.com.br\/site\/wp-json\/wp\/v2\/posts"}],"about":[{"href":"https:\/\/mspontocom.com.br\/site\/wp-json\/wp\/v2\/types\/post"}],"author":[{"embeddable":true,"href":"https:\/\/mspontocom.com.br\/site\/wp-json\/wp\/v2\/users\/2"}],"replies":[{"embeddable":true,"href":"https:\/\/mspontocom.com.br\/site\/wp-json\/wp\/v2\/comments?post=200256"}],"version-history":[{"count":2,"href":"https:\/\/mspontocom.com.br\/site\/wp-json\/wp\/v2\/posts\/200256\/revisions"}],"predecessor-version":[{"id":200264,"href":"https:\/\/mspontocom.com.br\/site\/wp-json\/wp\/v2\/posts\/200256\/revisions\/200264"}],"wp:featuredmedia":[{"embeddable":true,"href":"https:\/\/mspontocom.com.br\/site\/wp-json\/wp\/v2\/media\/200263"}],"wp:attachment":[{"href":"https:\/\/mspontocom.com.br\/site\/wp-json\/wp\/v2\/media?parent=200256"}],"wp:term":[{"taxonomy":"category","embeddable":true,"href":"https:\/\/mspontocom.com.br\/site\/wp-json\/wp\/v2\/categories?post=200256"},{"taxonomy":"post_tag","embeddable":true,"href":"https:\/\/mspontocom.com.br\/site\/wp-json\/wp\/v2\/tags?post=200256"}],"curies":[{"name":"wp","href":"https:\/\/api.w.org\/{rel}","templated":true}]}}