{"id":200260,"date":"2025-06-04T04:29:58","date_gmt":"2025-06-04T08:29:58","guid":{"rendered":"https:\/\/mspontocom.com.br\/site\/?p=200260"},"modified":"2025-06-04T06:38:11","modified_gmt":"2025-06-04T10:38:11","slug":"senai-e-camara-de-campo-grande-lancam-programa-com-10-mil-vagas-gratuitas-em-cursos","status":"publish","type":"post","link":"https:\/\/mspontocom.com.br\/site\/senai-e-camara-de-campo-grande-lancam-programa-com-10-mil-vagas-gratuitas-em-cursos\/","title":{"rendered":"Senai e C\u00e2mara de Campo Grande lan\u00e7am programa com 10 mil vagas gratuitas em cursos"},"content":{"rendered":"<p class=\"m_7398933172447618044MsoNoSpacing\">\u00a0<u><\/u><\/p>\n<p class=\"m_7398933172447618044MsoNoSpacing\" style=\"text-align: justify;\"><img loading=\"lazy\" class=\"alignnone size-full wp-image-200261\" src=\"http:\/\/mspontocom.com.br\/site\/wp-content\/uploads\/2025\/06\/site-senai-e-camara-de-campo-grande-lancam-programa-com-10-mil-vagas-gratuitas-em-cursos-lancamento-pronto-pro-trabalho-fiems-senai-05.jpg\" alt=\"\" width=\"1200\" height=\"800\" srcset=\"https:\/\/mspontocom.com.br\/site\/wp-content\/uploads\/2025\/06\/site-senai-e-camara-de-campo-grande-lancam-programa-com-10-mil-vagas-gratuitas-em-cursos-lancamento-pronto-pro-trabalho-fiems-senai-05.jpg 1200w, https:\/\/mspontocom.com.br\/site\/wp-content\/uploads\/2025\/06\/site-senai-e-camara-de-campo-grande-lancam-programa-com-10-mil-vagas-gratuitas-em-cursos-lancamento-pronto-pro-trabalho-fiems-senai-05-260x173.jpg 260w, https:\/\/mspontocom.com.br\/site\/wp-content\/uploads\/2025\/06\/site-senai-e-camara-de-campo-grande-lancam-programa-com-10-mil-vagas-gratuitas-em-cursos-lancamento-pronto-pro-trabalho-fiems-senai-05-1024x683.jpg 1024w, https:\/\/mspontocom.com.br\/site\/wp-content\/uploads\/2025\/06\/site-senai-e-camara-de-campo-grande-lancam-programa-com-10-mil-vagas-gratuitas-em-cursos-lancamento-pronto-pro-trabalho-fiems-senai-05-768x512.jpg 768w\" sizes=\"(max-width: 1200px) 100vw, 1200px\" \/>O <strong>Senai,<\/strong> em parceria com a<strong> C\u00e2mara Municipal de Campo Grande<\/strong>, lan\u00e7ou, nesta ter\u00e7a-feira (03\/06), o programa <strong>\u201cPronto pro Trabalho\u201d,<\/strong> que vai oferecer 10 mil vagas em cursos e capacita\u00e7\u00f5es para qualificar a popula\u00e7\u00e3o da Capital.<\/p>\n<p class=\"m_7398933172447618044MsoNoSpacing\" style=\"text-align: justify;\">O servi\u00e7o \u00e9 gratuito e a iniciativa vai oferecer mais de 40 op\u00e7\u00f5es de cursos presenciais, com teoria e pr\u00e1tica, em diversas \u00e1reas, como constru\u00e7\u00e3o civil, alimenta\u00e7\u00e3o, setor automotivo, manuten\u00e7\u00e3o e log\u00edstica.<u><\/u><u><\/u><u><\/u>\u00a0<u><\/u><\/p>\n<p class=\"m_7398933172447618044MsoNoSpacing\" style=\"text-align: justify;\">O presidente da C\u00e2mara Municipal,<strong> Papy,<\/strong> acredita que se trata de uma parceria importante para contribuir com pol\u00edticas p\u00fablicas de emprego e renda.<\/p>\n<p class=\"m_7398933172447618044MsoNoSpacing\" style=\"text-align: justify;\">Nesta semana, a carreta do Senai ficar\u00e1 no estacionamento da Casa de Leis e vai disponibilizar curso de panifica\u00e7\u00e3o e confeitaria.<\/p>\n<p class=\"m_7398933172447618044MsoNoSpacing\" style=\"text-align: justify;\">Um totem de autoatendimento com sistema de matr\u00edcula estar\u00e1 \u00e0 disposi\u00e7\u00e3o na C\u00e2mara e os vereadores atuar\u00e3o como ponte entre a popula\u00e7\u00e3o e as oportunidades, levando a a\u00e7\u00e3o tamb\u00e9m aos bairros.<\/p>\n<p class=\"m_7398933172447618044MsoNoSpacing\" style=\"text-align: justify;\">J\u00e1 os demais cursos, nas \u00e1reas de constru\u00e7\u00e3o civil, ind\u00fastria, presta\u00e7\u00e3o de servi\u00e7os, entre outras, ter\u00e3o suas turmas fechadas sob demanda, dependendo da procura e da regi\u00e3o da cidade onde residem os interessados.<u><\/u><u><\/u><u><\/u>\u00a0<u><\/u><u><\/u>\u00a0<u><\/u><\/p>\n<p class=\"m_7398933172447618044MsoNoSpacing\" style=\"text-align: justify;\"><b>Programa\u00e7\u00e3o inicial da Carreta do Senai na C\u00e2mara:<u><\/u><u><\/u><\/b><\/p>\n<p class=\"m_7398933172447618044MsoNoSpacing\" style=\"text-align: justify;\"><u><\/u>\u00a0<u><\/u><\/p>\n<p class=\"m_7398933172447618044MsoNoSpacing\" style=\"text-align: justify;\">04 de junho \u2014 P\u00e3o na massa: p\u00e3es salgados para come\u00e7ar<u><\/u><u><\/u><\/p>\n<p class=\"m_7398933172447618044MsoNoSpacing\" style=\"text-align: justify;\">05 de junho \u2014 P\u00e3es doces que vendam: primeiros passos para lucrar com sabor<u><\/u><u><\/u><\/p>\n<p class=\"m_7398933172447618044MsoNoSpacing\" style=\"text-align: justify;\">06 de junho \u2014 Salgados de sucesso: o in\u00edcio da sua renda no forno<u><\/u><u><\/u><\/p>\n<p class=\"m_7398933172447618044MsoNoSpacing\" style=\"text-align: justify;\"><u><\/u>\u00a0<u><\/u><\/p>\n<p class=\"m_7398933172447618044MsoNoSpacing\" style=\"text-align: justify;\"><i>Servi\u00e7o \u2013 As inscri\u00e7\u00f5es do programa Pronto pro Trabalho podem ser feitas pelo site<u><\/u><u><\/u><\/i><\/p>\n<p class=\"m_7398933172447618044MsoNoSpacing\" style=\"text-align: justify;\"><i><a href=\"https:\/\/sistemafiems.ms.senai.br\/pronto-pro-trabalho\" target=\"_blank\" rel=\"noopener\" data-saferedirecturl=\"https:\/\/www.google.com\/url?q=https:\/\/sistemafiems.ms.senai.br\/pronto-pro-trabalho&amp;source=gmail&amp;ust=1749114604980000&amp;usg=AOvVaw2gFODRE0gF05VY7-g3Fi5K\">https:\/\/sistemafiems.ms.senai.<wbr \/>br\/pronto-pro-trabalho<\/a>. <\/i><\/p>\n<p class=\"m_7398933172447618044MsoNoSpacing\" style=\"text-align: justify;\"><i>Mais informa\u00e7\u00f5es pelo WhatsApp do Senai (67) 99263-9000.<\/i><\/p>\n<p style=\"text-align: justify;\" align=\"justify\"><span style=\"font-family: Times New Roman, serif;\"><span style=\"font-size: medium;\"><span style=\"color: #ed4c05;\"><i><b>Continue em nossa companhia . Veja mais not\u00edcias em<\/b><\/i><\/span><b>:<\/b> <span style=\"color: #0000ff;\"><u><a href=\"http:\/\/www.mspontocom.com.br\/\">www.mspontocom.com.br<\/a><\/u><\/span><\/span><\/span><\/p>\n<p style=\"text-align: justify;\" align=\"justify\"><span style=\"font-family: Times New Roman, serif;\"><span style=\"font-size: medium;\">Instagram e X:\u00a0 @mspontocom<\/span><\/span><\/p>\n","protected":false},"excerpt":{"rendered":"<p>\u00a0 O Senai, em parceria com a C\u00e2mara Municipal de Campo Grande, lan\u00e7ou, nesta ter\u00e7a-feira (03\/06), o programa \u201cPronto pro Trabalho\u201d, que vai oferecer 10 mil vagas em cursos e capacita\u00e7\u00f5es para qualificar a popula\u00e7\u00e3o da Capital. O servi\u00e7o \u00e9 gratuito e a iniciativa vai oferecer mais de 40 op\u00e7\u00f5es de cursos presenciais, com teoria [&hellip;]<\/p>\n","protected":false},"author":2,"featured_media":200261,"comment_status":"open","ping_status":"open","sticky":false,"template":"","format":"standard","meta":{"_monsterinsights_skip_tracking":false,"_monsterinsights_sitenote_active":false,"_monsterinsights_sitenote_note":"","_monsterinsights_sitenote_category":0},"categories":[4328],"tags":[43076,4679,22090,1859,43077,3971],"aioseo_notices":[],"_links":{"self":[{"href":"https:\/\/mspontocom.com.br\/site\/wp-json\/wp\/v2\/posts\/200260"}],"collection":[{"href":"https:\/\/mspontocom.com.br\/site\/wp-json\/wp\/v2\/posts"}],"about":[{"href":"https:\/\/mspontocom.com.br\/site\/wp-json\/wp\/v2\/types\/post"}],"author":[{"embeddable":true,"href":"https:\/\/mspontocom.com.br\/site\/wp-json\/wp\/v2\/users\/2"}],"replies":[{"embeddable":true,"href":"https:\/\/mspontocom.com.br\/site\/wp-json\/wp\/v2\/comments?post=200260"}],"version-history":[{"count":1,"href":"https:\/\/mspontocom.com.br\/site\/wp-json\/wp\/v2\/posts\/200260\/revisions"}],"predecessor-version":[{"id":200262,"href":"https:\/\/mspontocom.com.br\/site\/wp-json\/wp\/v2\/posts\/200260\/revisions\/200262"}],"wp:featuredmedia":[{"embeddable":true,"href":"https:\/\/mspontocom.com.br\/site\/wp-json\/wp\/v2\/media\/200261"}],"wp:attachment":[{"href":"https:\/\/mspontocom.com.br\/site\/wp-json\/wp\/v2\/media?parent=200260"}],"wp:term":[{"taxonomy":"category","embeddable":true,"href":"https:\/\/mspontocom.com.br\/site\/wp-json\/wp\/v2\/categories?post=200260"},{"taxonomy":"post_tag","embeddable":true,"href":"https:\/\/mspontocom.com.br\/site\/wp-json\/wp\/v2\/tags?post=200260"}],"curies":[{"name":"wp","href":"https:\/\/api.w.org\/{rel}","templated":true}]}}