{"id":200269,"date":"2025-06-05T06:18:10","date_gmt":"2025-06-05T10:18:10","guid":{"rendered":"https:\/\/mspontocom.com.br\/site\/?p=200269"},"modified":"2025-06-05T06:18:10","modified_gmt":"2025-06-05T10:18:10","slug":"trump-desafia-stf-e-cogita-barrar-extradicao-de-zambelli","status":"publish","type":"post","link":"https:\/\/mspontocom.com.br\/site\/trump-desafia-stf-e-cogita-barrar-extradicao-de-zambelli\/","title":{"rendered":"Trump desafia STF e cogita barrar extradi\u00e7\u00e3o de Zambelli"},"content":{"rendered":"<p style=\"text-align: justify;\"><img loading=\"lazy\" class=\"alignnone size-full wp-image-200270\" src=\"http:\/\/mspontocom.com.br\/site\/wp-content\/uploads\/2025\/06\/site-trump-desafia-stf-e-cogita-barrar-extradicao-de-zambelli-atrump.jpg\" alt=\"\" width=\"686\" height=\"386\" srcset=\"https:\/\/mspontocom.com.br\/site\/wp-content\/uploads\/2025\/06\/site-trump-desafia-stf-e-cogita-barrar-extradicao-de-zambelli-atrump.jpg 686w, https:\/\/mspontocom.com.br\/site\/wp-content\/uploads\/2025\/06\/site-trump-desafia-stf-e-cogita-barrar-extradicao-de-zambelli-atrump-260x146.jpg 260w\" sizes=\"(max-width: 686px) 100vw, 686px\" \/>Integrantes do governo de <strong>Donald Trump<\/strong> indicaram a aliados bolsonaristas que um eventual pedido de extradi\u00e7\u00e3o de <strong>Carla Zambelli<\/strong> dever\u00e1 ser rejeitado pelas autoridades norte-americanas.<\/p>\n<p style=\"text-align: justify;\">A informa\u00e7\u00e3o foi publicada pela coluna Painel da Folha de S.Paulo.<\/p>\n<p style=\"text-align: justify;\">Diante dessa sinaliza\u00e7\u00e3o, Zambelli estaria reconsiderando seus planos de desistir de ir para a It\u00e1lia, onde pretendia se estabelecer e buscar ref\u00fagio nos Estados Unidos.<\/p>\n<p style=\"text-align: justify;\">A mudan\u00e7a de rota seria motivada pela avalia\u00e7\u00e3o de que o governo Trump tende a garantir prote\u00e7\u00e3o pol\u00edtica a bolsonaristas.<\/p>\n<p style=\"text-align: justify;\">A mudan\u00e7a s\u00f3 ser\u00e1 concretizada se houver garantia mais clara por parte das autoridades norte-americanas de que ela poder\u00e1 permanecer no pa\u00eds sem riscos de ser entregue ao governo brasileiro, ap\u00f3s sua recente condena\u00e7\u00e3o pelo STF.<\/p>\n<p style=\"text-align: justify;\">\n<p style=\"text-align: justify;\" align=\"justify\"><span style=\"font-family: Times New Roman, serif;\"><span style=\"font-size: medium;\"><span style=\"color: #ed4c05;\"><i><b>Continue em nossa companhia . Veja mais not\u00edcias em<\/b><\/i><\/span><b>:<\/b> <span style=\"color: #0000ff;\"><u><a href=\"http:\/\/www.mspontocom.com.br\/\">www.mspontocom.com.br<\/a><\/u><\/span><\/span><\/span><\/p>\n<p style=\"text-align: justify;\" align=\"justify\"><span style=\"font-family: Times New Roman, serif;\"><span style=\"font-size: medium;\">Instagram e X:\u00a0 @mspontocom<\/span><\/span><\/p>\n<p style=\"text-align: justify;\">\n","protected":false},"excerpt":{"rendered":"<p>Integrantes do governo de Donald Trump indicaram a aliados bolsonaristas que um eventual pedido de extradi\u00e7\u00e3o de Carla Zambelli dever\u00e1 ser rejeitado pelas autoridades norte-americanas. A informa\u00e7\u00e3o foi publicada pela coluna Painel da Folha de S.Paulo. Diante dessa sinaliza\u00e7\u00e3o, Zambelli estaria reconsiderando seus planos de desistir de ir para a It\u00e1lia, onde pretendia se estabelecer [&hellip;]<\/p>\n","protected":false},"author":2,"featured_media":200270,"comment_status":"open","ping_status":"open","sticky":false,"template":"","format":"standard","meta":{"_monsterinsights_skip_tracking":false,"_monsterinsights_sitenote_active":false,"_monsterinsights_sitenote_note":"","_monsterinsights_sitenote_category":0},"categories":[30260,2528,7,30259,12],"tags":[34633,2990,43079,34372,3014,28326,35470],"aioseo_notices":[],"_links":{"self":[{"href":"https:\/\/mspontocom.com.br\/site\/wp-json\/wp\/v2\/posts\/200269"}],"collection":[{"href":"https:\/\/mspontocom.com.br\/site\/wp-json\/wp\/v2\/posts"}],"about":[{"href":"https:\/\/mspontocom.com.br\/site\/wp-json\/wp\/v2\/types\/post"}],"author":[{"embeddable":true,"href":"https:\/\/mspontocom.com.br\/site\/wp-json\/wp\/v2\/users\/2"}],"replies":[{"embeddable":true,"href":"https:\/\/mspontocom.com.br\/site\/wp-json\/wp\/v2\/comments?post=200269"}],"version-history":[{"count":1,"href":"https:\/\/mspontocom.com.br\/site\/wp-json\/wp\/v2\/posts\/200269\/revisions"}],"predecessor-version":[{"id":200271,"href":"https:\/\/mspontocom.com.br\/site\/wp-json\/wp\/v2\/posts\/200269\/revisions\/200271"}],"wp:featuredmedia":[{"embeddable":true,"href":"https:\/\/mspontocom.com.br\/site\/wp-json\/wp\/v2\/media\/200270"}],"wp:attachment":[{"href":"https:\/\/mspontocom.com.br\/site\/wp-json\/wp\/v2\/media?parent=200269"}],"wp:term":[{"taxonomy":"category","embeddable":true,"href":"https:\/\/mspontocom.com.br\/site\/wp-json\/wp\/v2\/categories?post=200269"},{"taxonomy":"post_tag","embeddable":true,"href":"https:\/\/mspontocom.com.br\/site\/wp-json\/wp\/v2\/tags?post=200269"}],"curies":[{"name":"wp","href":"https:\/\/api.w.org\/{rel}","templated":true}]}}