{"id":200331,"date":"2025-06-08T06:20:43","date_gmt":"2025-06-08T10:20:43","guid":{"rendered":"https:\/\/mspontocom.com.br\/site\/?p=200331"},"modified":"2025-06-08T06:20:43","modified_gmt":"2025-06-08T10:20:43","slug":"alem-de-anao-diplomatico-lula-agora-e-o-bobo-da-corte","status":"publish","type":"post","link":"https:\/\/mspontocom.com.br\/site\/alem-de-anao-diplomatico-lula-agora-e-o-bobo-da-corte\/","title":{"rendered":"Al\u00e9m de \u201can\u00e3o diplom\u00e1tico\u201d, Lula agora \u00e9 o \u201cbobo da corte\u201d"},"content":{"rendered":"<p style=\"text-align: justify;\"><img loading=\"lazy\" class=\"alignnone size-full wp-image-200332\" src=\"http:\/\/mspontocom.com.br\/site\/wp-content\/uploads\/2025\/06\/site-alem-de-anao-diplomatico-lula-agora-e-o-bobo-da-corte-lula-paris-e1749377881769.webp\" alt=\"\" width=\"1017\" height=\"858\" srcset=\"https:\/\/mspontocom.com.br\/site\/wp-content\/uploads\/2025\/06\/site-alem-de-anao-diplomatico-lula-agora-e-o-bobo-da-corte-lula-paris-e1749377881769.webp 1017w, https:\/\/mspontocom.com.br\/site\/wp-content\/uploads\/2025\/06\/site-alem-de-anao-diplomatico-lula-agora-e-o-bobo-da-corte-lula-paris-e1749377881769-260x219.webp 260w, https:\/\/mspontocom.com.br\/site\/wp-content\/uploads\/2025\/06\/site-alem-de-anao-diplomatico-lula-agora-e-o-bobo-da-corte-lula-paris-e1749377881769-768x648.webp 768w\" sizes=\"(max-width: 1017px) 100vw, 1017px\" \/>O presidente Lula virou meme nas redes sociais ap\u00f3s tentar imitar movimentos acrob\u00e1ticos durante visita a uma exposi\u00e7\u00e3o de arte em Paris, na Fran\u00e7a.<\/p>\n<p style=\"text-align: justify;\">A<strong> rid\u00edcula<\/strong> cena se deu durante a abertura da exposi\u00e7\u00e3o no Grand Palais.<\/p>\n<p style=\"text-align: justify;\">Sem sapatos, s\u00f3 de meia, o petista se deitou no ch\u00e3o da mostra.<\/p>\n<p style=\"text-align: justify;\">Ele tentou reproduzir as acrobacias dos artistas.<\/p>\n<p style=\"text-align: justify;\">Nas redes sociais, as imagens ganharam filtros e edi\u00e7\u00f5es que simulavam apresenta\u00e7\u00f5es circenses.<\/p>\n<div id=\"Nota-11\" class=\"entry-block ch-nota Nota-11\" style=\"text-align: justify;\">\n<h3><span style=\"font-size: 18pt;\">Lula promovido<\/span><\/h3>\n<\/div>\n<p style=\"text-align: justify;\">Ap\u00f3s a vergonhosa tentativa de imitar um acrobata, com direito a se esfregar no ch\u00e3o, Lula foi promovido, diz o deputado Filipe Barros (PL-PR). Passou de \u201can\u00e3o diplom\u00e1tico\u201d a <strong>\u201cbobo da corte\u201d.<\/strong><\/p>\n<p style=\"text-align: justify;\">\n<p style=\"text-align: justify;\" align=\"justify\"><span style=\"font-family: Times New Roman, serif;\"><span style=\"font-size: medium;\"><span style=\"color: #ed4c05;\"><i><b>Continue em nossa companhia . Veja mais not\u00edcias em<\/b><\/i><\/span><b>:<\/b> <span style=\"color: #0000ff;\"><u><a href=\"http:\/\/www.mspontocom.com.br\/\">www.mspontocom.com.br<\/a><\/u><\/span><\/span><\/span><\/p>\n<p style=\"text-align: justify;\" align=\"justify\"><span style=\"font-family: Times New Roman, serif;\"><span style=\"font-size: medium;\">Instagram e X:\u00a0 @mspontocom<\/span><\/span><\/p>\n<p>&nbsp;<\/p>\n","protected":false},"excerpt":{"rendered":"<p>O presidente Lula virou meme nas redes sociais ap\u00f3s tentar imitar movimentos acrob\u00e1ticos durante visita a uma exposi\u00e7\u00e3o de arte em Paris, na Fran\u00e7a. A rid\u00edcula cena se deu durante a abertura da exposi\u00e7\u00e3o no Grand Palais. Sem sapatos, s\u00f3 de meia, o petista se deitou no ch\u00e3o da mostra. Ele tentou reproduzir as acrobacias [&hellip;]<\/p>\n","protected":false},"author":2,"featured_media":200332,"comment_status":"open","ping_status":"open","sticky":false,"template":"","format":"standard","meta":{"_monsterinsights_skip_tracking":false,"_monsterinsights_sitenote_active":false,"_monsterinsights_sitenote_note":"","_monsterinsights_sitenote_category":0},"categories":[30260,7,30259,12],"tags":[28667,43093,39619,480,574],"aioseo_notices":[],"_links":{"self":[{"href":"https:\/\/mspontocom.com.br\/site\/wp-json\/wp\/v2\/posts\/200331"}],"collection":[{"href":"https:\/\/mspontocom.com.br\/site\/wp-json\/wp\/v2\/posts"}],"about":[{"href":"https:\/\/mspontocom.com.br\/site\/wp-json\/wp\/v2\/types\/post"}],"author":[{"embeddable":true,"href":"https:\/\/mspontocom.com.br\/site\/wp-json\/wp\/v2\/users\/2"}],"replies":[{"embeddable":true,"href":"https:\/\/mspontocom.com.br\/site\/wp-json\/wp\/v2\/comments?post=200331"}],"version-history":[{"count":1,"href":"https:\/\/mspontocom.com.br\/site\/wp-json\/wp\/v2\/posts\/200331\/revisions"}],"predecessor-version":[{"id":200333,"href":"https:\/\/mspontocom.com.br\/site\/wp-json\/wp\/v2\/posts\/200331\/revisions\/200333"}],"wp:featuredmedia":[{"embeddable":true,"href":"https:\/\/mspontocom.com.br\/site\/wp-json\/wp\/v2\/media\/200332"}],"wp:attachment":[{"href":"https:\/\/mspontocom.com.br\/site\/wp-json\/wp\/v2\/media?parent=200331"}],"wp:term":[{"taxonomy":"category","embeddable":true,"href":"https:\/\/mspontocom.com.br\/site\/wp-json\/wp\/v2\/categories?post=200331"},{"taxonomy":"post_tag","embeddable":true,"href":"https:\/\/mspontocom.com.br\/site\/wp-json\/wp\/v2\/tags?post=200331"}],"curies":[{"name":"wp","href":"https:\/\/api.w.org\/{rel}","templated":true}]}}