{"id":200378,"date":"2025-06-10T04:48:31","date_gmt":"2025-06-10T08:48:31","guid":{"rendered":"https:\/\/mspontocom.com.br\/site\/?p=200378"},"modified":"2025-06-10T07:52:56","modified_gmt":"2025-06-10T11:52:56","slug":"comper-oferece-250-vagas-em-feirao-de-emprego-nesta-quarta-feira","status":"publish","type":"post","link":"https:\/\/mspontocom.com.br\/site\/comper-oferece-250-vagas-em-feirao-de-emprego-nesta-quarta-feira\/","title":{"rendered":"Comper oferece 250 vagas em feir\u00e3o de emprego nesta quarta-feira"},"content":{"rendered":"<p style=\"text-align: justify;\"><img loading=\"lazy\" class=\"alignnone size-full wp-image-200396\" src=\"http:\/\/mspontocom.com.br\/site\/wp-content\/uploads\/2025\/06\/site-comper-oferece-250-vagas-em-feirao-de-emprego-nesta-quarta-feira-comper-925x400-1.png\" alt=\"\" width=\"925\" height=\"400\" srcset=\"https:\/\/mspontocom.com.br\/site\/wp-content\/uploads\/2025\/06\/site-comper-oferece-250-vagas-em-feirao-de-emprego-nesta-quarta-feira-comper-925x400-1.png 925w, https:\/\/mspontocom.com.br\/site\/wp-content\/uploads\/2025\/06\/site-comper-oferece-250-vagas-em-feirao-de-emprego-nesta-quarta-feira-comper-925x400-1-260x112.png 260w, https:\/\/mspontocom.com.br\/site\/wp-content\/uploads\/2025\/06\/site-comper-oferece-250-vagas-em-feirao-de-emprego-nesta-quarta-feira-comper-925x400-1-768x332.png 768w\" sizes=\"(max-width: 925px) 100vw, 925px\" \/>A rede de atacarejo do Grupo Pereira, Fort Atacadista, com 10 lojas em Campo Grande, est\u00e1 com mais de 250 vagas de emprego abertas em todas as unidades.<\/p>\n<p style=\"text-align: justify;\">O feir\u00e3o, que conta com a parceria da Prefeitura de Campo Grande, por meio da Funsat, acontecer\u00e1 na pra\u00e7a Ary Coelho, nesta <strong>quarta-feira, 11 de junho, das 8h ao meio-dia.<\/strong><\/p>\n<p style=\"text-align: justify;\">Os interessados devem comparecer presencialmente munidos dos documentos pessoais e curr\u00edculo.<\/p>\n<p style=\"text-align: justify;\">Entre as oportunidades, est\u00e3o: 47 vagas para repositor, 53 de operadora de caixa, 113 para auxiliar de perec\u00edveis, 17 para auxiliar de a\u00e7ougue, 11 para auxiliar de padaria e 09 para t\u00e9cnico em carnes. Todas as vagas se estendem para Pessoas com Defici\u00eancia (PcD).<\/p>\n<p style=\"text-align: justify;\">Os cargos ofertados n\u00e3o exigem experi\u00eancia e os benef\u00edcios para os funcion\u00e1rios incluem: seguro de vida, assist\u00eancia odontol\u00f3gica, alimenta\u00e7\u00e3o na empresa (caf\u00e9 da manh\u00e3, almo\u00e7o\/jantar), kit maternidade, suporte social (assist\u00eancia social, jur\u00eddica, financeira, psicol\u00f3gica e previdenci\u00e1ria) aos funcion\u00e1rios e grupo familiar, cr\u00e9dito consignado ap\u00f3s 1 ano de empresa e o Vuon Card (cart\u00e3o de cr\u00e9dito com desconto em compras no Fort Atacadista e nos Supermercados Comper). Algumas fun\u00e7\u00f5es tamb\u00e9m remuneram por produtividade.<\/p>\n<p style=\"text-align: justify;\"><strong>Servi\u00e7o:<\/strong><\/p>\n<p style=\"text-align: justify;\">Evento:\u00a0<strong>Emprega CG \u2013 Feir\u00e3o Funsat<\/strong><br \/>\nData: 11 de junho (quarta-feira)<br \/>\nVagas: 250 vagas de emprego<br \/>\nLocal: Pra\u00e7a Ary Coelho (entre a Av. Afonso Pena, rua 14 de julho, 13 de maio e 15 de novembro)<br \/>\nHor\u00e1rio: das 8h ao meio-dia<\/p>\n<p style=\"text-align: justify;\" align=\"justify\"><span style=\"font-family: Times New Roman, serif;\"><span style=\"font-size: medium;\"><span style=\"color: #ed4c05;\"><i><b>Veja mais vagas do mercado de trabalho em :<\/b><\/i><\/span> <span style=\"color: #0000ff;\"><u><a href=\"http:\/\/www.mspontocom.com.br\/\">www.mspontocom.com.br<\/a><\/u><\/span><\/span><\/span><\/p>\n<p style=\"text-align: justify;\" align=\"justify\"><span style=\"font-family: Times New Roman, serif;\"><span style=\"font-size: medium;\">Instagram e X:\u00a0 @mspontocom<\/span><\/span><\/p>\n<p style=\"text-align: justify;\" align=\"justify\">\n","protected":false},"excerpt":{"rendered":"<p>A rede de atacarejo do Grupo Pereira, Fort Atacadista, com 10 lojas em Campo Grande, est\u00e1 com mais de 250 vagas de emprego abertas em todas as unidades. O feir\u00e3o, que conta com a parceria da Prefeitura de Campo Grande, por meio da Funsat, acontecer\u00e1 na pra\u00e7a Ary Coelho, nesta quarta-feira, 11 de junho, das [&hellip;]<\/p>\n","protected":false},"author":2,"featured_media":200396,"comment_status":"open","ping_status":"open","sticky":false,"template":"","format":"standard","meta":{"_monsterinsights_skip_tracking":false,"_monsterinsights_sitenote_active":false,"_monsterinsights_sitenote_note":"","_monsterinsights_sitenote_category":0},"categories":[4328],"tags":[2401,37904,347],"aioseo_notices":[],"_links":{"self":[{"href":"https:\/\/mspontocom.com.br\/site\/wp-json\/wp\/v2\/posts\/200378"}],"collection":[{"href":"https:\/\/mspontocom.com.br\/site\/wp-json\/wp\/v2\/posts"}],"about":[{"href":"https:\/\/mspontocom.com.br\/site\/wp-json\/wp\/v2\/types\/post"}],"author":[{"embeddable":true,"href":"https:\/\/mspontocom.com.br\/site\/wp-json\/wp\/v2\/users\/2"}],"replies":[{"embeddable":true,"href":"https:\/\/mspontocom.com.br\/site\/wp-json\/wp\/v2\/comments?post=200378"}],"version-history":[{"count":2,"href":"https:\/\/mspontocom.com.br\/site\/wp-json\/wp\/v2\/posts\/200378\/revisions"}],"predecessor-version":[{"id":200397,"href":"https:\/\/mspontocom.com.br\/site\/wp-json\/wp\/v2\/posts\/200378\/revisions\/200397"}],"wp:featuredmedia":[{"embeddable":true,"href":"https:\/\/mspontocom.com.br\/site\/wp-json\/wp\/v2\/media\/200396"}],"wp:attachment":[{"href":"https:\/\/mspontocom.com.br\/site\/wp-json\/wp\/v2\/media?parent=200378"}],"wp:term":[{"taxonomy":"category","embeddable":true,"href":"https:\/\/mspontocom.com.br\/site\/wp-json\/wp\/v2\/categories?post=200378"},{"taxonomy":"post_tag","embeddable":true,"href":"https:\/\/mspontocom.com.br\/site\/wp-json\/wp\/v2\/tags?post=200378"}],"curies":[{"name":"wp","href":"https:\/\/api.w.org\/{rel}","templated":true}]}}