{"id":200380,"date":"2025-06-10T04:50:51","date_gmt":"2025-06-10T08:50:51","guid":{"rendered":"https:\/\/mspontocom.com.br\/site\/?p=200380"},"modified":"2025-06-10T08:09:45","modified_gmt":"2025-06-10T12:09:45","slug":"prefeitura-de-campo-grande-abre-inscricoes-para-cursos-profissionalizantes","status":"publish","type":"post","link":"https:\/\/mspontocom.com.br\/site\/prefeitura-de-campo-grande-abre-inscricoes-para-cursos-profissionalizantes\/","title":{"rendered":"Prefeitura de Campo Grande abre inscri\u00e7\u00f5es para cursos profissionalizantes"},"content":{"rendered":"<p style=\"text-align: justify;\"><img loading=\"lazy\" class=\"alignnone size-full wp-image-200401\" src=\"http:\/\/mspontocom.com.br\/site\/wp-content\/uploads\/2025\/06\/site-prefeitura-de-campo-grande-abre-inscricoes-para-cursos-profissionalizantes-curso-prefeitura.jpg\" alt=\"\" width=\"1024\" height=\"1024\" srcset=\"https:\/\/mspontocom.com.br\/site\/wp-content\/uploads\/2025\/06\/site-prefeitura-de-campo-grande-abre-inscricoes-para-cursos-profissionalizantes-curso-prefeitura.jpg 1024w, https:\/\/mspontocom.com.br\/site\/wp-content\/uploads\/2025\/06\/site-prefeitura-de-campo-grande-abre-inscricoes-para-cursos-profissionalizantes-curso-prefeitura-260x260.jpg 260w, https:\/\/mspontocom.com.br\/site\/wp-content\/uploads\/2025\/06\/site-prefeitura-de-campo-grande-abre-inscricoes-para-cursos-profissionalizantes-curso-prefeitura-150x150.jpg 150w, https:\/\/mspontocom.com.br\/site\/wp-content\/uploads\/2025\/06\/site-prefeitura-de-campo-grande-abre-inscricoes-para-cursos-profissionalizantes-curso-prefeitura-768x768.jpg 768w\" sizes=\"(max-width: 1024px) 100vw, 1024px\" \/>\u00daltimas vagas, para tr\u00eas\u00a0cursos da Escola Funsat, n\u00facleo de Educa\u00e7\u00e3o Profissional da Funda\u00e7\u00e3o Social do Trabalho (Funsat).<\/p>\n<p style=\"text-align: justify;\">As inscri\u00e7\u00f5es podem ser feitas pela Internet e garantem uma chance especial de aprendizado para capacita\u00e7\u00f5es que visam a alta performance de trabalhadores.<\/p>\n<p style=\"text-align: justify;\">Com 40 horas\/aula, o setor oferta turmas de<strong> \u201cComportamento Profissional\u201d<\/strong> (30 vagas), e de <strong>\u201cIntelig\u00eancia Artificial\u201d<\/strong> (30 vagas), com in\u00edcio no dia 16 de junho e t\u00e9rmino em 1\u00b0 de julho.<\/p>\n<p style=\"text-align: justify;\">O diferencial fica pelo hor\u00e1rio de atendimento aos alunos, que no primeiro caso ser\u00e1 no turno Vespertino, enquanto no segundo,\u00a0 acontece no Matutino, das 7h \u00e0s 11h.<\/p>\n<p style=\"text-align: justify;\">J\u00e1 para o treinamento de \u201cIntelig\u00eancia Artificial\u201d, s\u00e3o 20 vagas, dispon\u00edveis na imers\u00e3o de 20 horas\/aula, que inicia em 23 de junho, e vai at\u00e9 27 do mesmo m\u00eas.<\/p>\n<p style=\"text-align: justify;\">Para os tr\u00eas tipos de matr\u00edculas o pr\u00e9-requisito da inscri\u00e7\u00e3o \u00e9 ter o Ensino M\u00e9dio Completo.<\/p>\n<p style=\"text-align: justify;\">Mais informa\u00e7\u00f5es pelo telefone 67) 4042-0585\/Ramal 5820, ou no WhatsApp da Escola Funsat, no (67) 3314-3089.<\/p>\n<p style=\"text-align: justify;\">O setor, que \u00e9 o \u00fanico da Prefeitura de Campo Grande, com<strong> certifica\u00e7\u00e3o autorizada pelo Minist\u00e9rio da Educa\u00e7\u00e3o<\/strong>,\u00a0 fica no 1\u00b0 andar do pr\u00e9dio da Funda\u00e7\u00e3o, na Rua 14 de Julho, 992, na Vila Gl\u00f3ria.<\/p>\n<p align=\"justify\"><span style=\"font-family: Times New Roman, serif;\"><span style=\"font-size: medium;\"><span style=\"color: #ed4c05;\"><i><b>Continue em nossa companhia . Veja mais not\u00edcias em<\/b><\/i><\/span><b>:<\/b> <span style=\"color: #0000ff;\"><u><a href=\"http:\/\/www.mspontocom.com.br\/\">www.mspontocom.com.br<\/a><\/u><\/span><\/span><\/span><\/p>\n<p align=\"justify\"><span style=\"font-family: Times New Roman, serif;\"><span style=\"font-size: medium;\">Instagram e X:\u00a0 @mspontocom<\/span><\/span><\/p>\n","protected":false},"excerpt":{"rendered":"<p>\u00daltimas vagas, para tr\u00eas\u00a0cursos da Escola Funsat, n\u00facleo de Educa\u00e7\u00e3o Profissional da Funda\u00e7\u00e3o Social do Trabalho (Funsat). As inscri\u00e7\u00f5es podem ser feitas pela Internet e garantem uma chance especial de aprendizado para capacita\u00e7\u00f5es que visam a alta performance de trabalhadores. Com 40 horas\/aula, o setor oferta turmas de \u201cComportamento Profissional\u201d (30 vagas), e de \u201cIntelig\u00eancia [&hellip;]<\/p>\n","protected":false},"author":2,"featured_media":200401,"comment_status":"open","ping_status":"open","sticky":false,"template":"","format":"standard","meta":{"_monsterinsights_skip_tracking":false,"_monsterinsights_sitenote_active":false,"_monsterinsights_sitenote_note":"","_monsterinsights_sitenote_category":0},"categories":[4328,1],"tags":[123,5952,455,165],"aioseo_notices":[],"_links":{"self":[{"href":"https:\/\/mspontocom.com.br\/site\/wp-json\/wp\/v2\/posts\/200380"}],"collection":[{"href":"https:\/\/mspontocom.com.br\/site\/wp-json\/wp\/v2\/posts"}],"about":[{"href":"https:\/\/mspontocom.com.br\/site\/wp-json\/wp\/v2\/types\/post"}],"author":[{"embeddable":true,"href":"https:\/\/mspontocom.com.br\/site\/wp-json\/wp\/v2\/users\/2"}],"replies":[{"embeddable":true,"href":"https:\/\/mspontocom.com.br\/site\/wp-json\/wp\/v2\/comments?post=200380"}],"version-history":[{"count":2,"href":"https:\/\/mspontocom.com.br\/site\/wp-json\/wp\/v2\/posts\/200380\/revisions"}],"predecessor-version":[{"id":200402,"href":"https:\/\/mspontocom.com.br\/site\/wp-json\/wp\/v2\/posts\/200380\/revisions\/200402"}],"wp:featuredmedia":[{"embeddable":true,"href":"https:\/\/mspontocom.com.br\/site\/wp-json\/wp\/v2\/media\/200401"}],"wp:attachment":[{"href":"https:\/\/mspontocom.com.br\/site\/wp-json\/wp\/v2\/media?parent=200380"}],"wp:term":[{"taxonomy":"category","embeddable":true,"href":"https:\/\/mspontocom.com.br\/site\/wp-json\/wp\/v2\/categories?post=200380"},{"taxonomy":"post_tag","embeddable":true,"href":"https:\/\/mspontocom.com.br\/site\/wp-json\/wp\/v2\/tags?post=200380"}],"curies":[{"name":"wp","href":"https:\/\/api.w.org\/{rel}","templated":true}]}}