{"id":200433,"date":"2025-06-11T04:05:07","date_gmt":"2025-06-11T08:05:07","guid":{"rendered":"https:\/\/mspontocom.com.br\/site\/?p=200433"},"modified":"2025-06-11T06:35:32","modified_gmt":"2025-06-11T10:35:32","slug":"para-fortalecer-comercio-sebrae-lanca-movimento-de-rua-em-campo-grande","status":"publish","type":"post","link":"https:\/\/mspontocom.com.br\/site\/para-fortalecer-comercio-sebrae-lanca-movimento-de-rua-em-campo-grande\/","title":{"rendered":"Para fortalecer com\u00e9rcio, Sebrae lan\u00e7a Movimento de Rua em Campo Grande"},"content":{"rendered":"<p style=\"text-align: justify;\"><img loading=\"lazy\" class=\"alignnone size-full wp-image-200434\" src=\"http:\/\/mspontocom.com.br\/site\/wp-content\/uploads\/2025\/06\/site-para-fortalecer-comercio-sebrae-lanca-movimento-de-rua-em-campo-grande-movimento.png\" alt=\"\" width=\"814\" height=\"492\" srcset=\"https:\/\/mspontocom.com.br\/site\/wp-content\/uploads\/2025\/06\/site-para-fortalecer-comercio-sebrae-lanca-movimento-de-rua-em-campo-grande-movimento.png 814w, https:\/\/mspontocom.com.br\/site\/wp-content\/uploads\/2025\/06\/site-para-fortalecer-comercio-sebrae-lanca-movimento-de-rua-em-campo-grande-movimento-260x157.png 260w, https:\/\/mspontocom.com.br\/site\/wp-content\/uploads\/2025\/06\/site-para-fortalecer-comercio-sebrae-lanca-movimento-de-rua-em-campo-grande-movimento-768x464.png 768w\" sizes=\"(max-width: 814px) 100vw, 814px\" \/>O Sebrae\/MS lan\u00e7ar\u00e1 o Movimento de Rua, um projeto in\u00e9dito que busca fortalecer o com\u00e9rcio em Campo Grande e Dourados.<\/p>\n<p style=\"text-align: justify;\">A iniciativa, totalmente gratuita, foi pensada para apoiar micro e pequenas empresas instaladas em vias comerciais, promovendo conex\u00f5es entre os empreendedores e engajando a comunidade local presente nessas ruas.<\/p>\n<p style=\"text-align: justify;\">O lan\u00e7amento ser\u00e1 realizado em duas etapas: no dia 16 de junho em Campo Grande, e no dia 18 em Dourados.<\/p>\n<p style=\"text-align: justify;\">Ao longo do dia, equipes do Sebrae\/MS sair\u00e3o em dire\u00e7\u00e3o \u00e0s ruas para visitar os comerciantes e convid\u00e1-los a aderir ao projeto.<\/p>\n<p style=\"text-align: justify;\">Segundo o diretor-superintendente do Sebrae\/MS, Claudio Mendon\u00e7a, a iniciativa busca valorizar o com\u00e9rcio local.<\/p>\n<p style=\"text-align: justify;\">Ao longo do projeto, os empreendedores receber\u00e3o capacita\u00e7\u00f5es, consultorias especializadas, a\u00e7\u00f5es de acesso a mercado e vendas, apoio em campanhas promocionais, eventos de visibilidade e estrat\u00e9gias adaptadas \u00e0 realidade de cada territ\u00f3rio.<\/p>\n<p style=\"text-align: justify;\">\n<p style=\"text-align: justify;\"><strong>Servi\u00e7o \u2013 Lan\u00e7amento Movimento de Rua<\/strong><\/p>\n<p style=\"text-align: justify;\"><strong>Campo Grande<\/strong><\/p>\n<p style=\"text-align: justify;\">Data: 16 de junho<\/p>\n<p style=\"text-align: justify;\">Hora: 8h<\/p>\n<p style=\"text-align: justify;\">Ponto de Encontro: Sebrae \u2013 Av. Mato Grosso, n\u00ba 1661<\/p>\n<p style=\"text-align: justify;\"><strong>Dourados<\/strong><\/p>\n<p style=\"text-align: justify;\">Data: 18 de junho<\/p>\n<p style=\"text-align: justify;\">Hora: 8h<\/p>\n<p style=\"text-align: justify;\">Ponto de Encontro: Sebrae \u2013 R. Joaquim Teixeira Alves, n\u00ba 4705<\/p>\n","protected":false},"excerpt":{"rendered":"<p>O Sebrae\/MS lan\u00e7ar\u00e1 o Movimento de Rua, um projeto in\u00e9dito que busca fortalecer o com\u00e9rcio em Campo Grande e Dourados. A iniciativa, totalmente gratuita, foi pensada para apoiar micro e pequenas empresas instaladas em vias comerciais, promovendo conex\u00f5es entre os empreendedores e engajando a comunidade local presente nessas ruas. O lan\u00e7amento ser\u00e1 realizado em duas [&hellip;]<\/p>\n","protected":false},"author":2,"featured_media":200434,"comment_status":"open","ping_status":"open","sticky":false,"template":"","format":"standard","meta":{"_monsterinsights_skip_tracking":false,"_monsterinsights_sitenote_active":false,"_monsterinsights_sitenote_note":"","_monsterinsights_sitenote_category":0},"categories":[4328],"tags":[123,21404,25686,536],"aioseo_notices":[],"_links":{"self":[{"href":"https:\/\/mspontocom.com.br\/site\/wp-json\/wp\/v2\/posts\/200433"}],"collection":[{"href":"https:\/\/mspontocom.com.br\/site\/wp-json\/wp\/v2\/posts"}],"about":[{"href":"https:\/\/mspontocom.com.br\/site\/wp-json\/wp\/v2\/types\/post"}],"author":[{"embeddable":true,"href":"https:\/\/mspontocom.com.br\/site\/wp-json\/wp\/v2\/users\/2"}],"replies":[{"embeddable":true,"href":"https:\/\/mspontocom.com.br\/site\/wp-json\/wp\/v2\/comments?post=200433"}],"version-history":[{"count":1,"href":"https:\/\/mspontocom.com.br\/site\/wp-json\/wp\/v2\/posts\/200433\/revisions"}],"predecessor-version":[{"id":200435,"href":"https:\/\/mspontocom.com.br\/site\/wp-json\/wp\/v2\/posts\/200433\/revisions\/200435"}],"wp:featuredmedia":[{"embeddable":true,"href":"https:\/\/mspontocom.com.br\/site\/wp-json\/wp\/v2\/media\/200434"}],"wp:attachment":[{"href":"https:\/\/mspontocom.com.br\/site\/wp-json\/wp\/v2\/media?parent=200433"}],"wp:term":[{"taxonomy":"category","embeddable":true,"href":"https:\/\/mspontocom.com.br\/site\/wp-json\/wp\/v2\/categories?post=200433"},{"taxonomy":"post_tag","embeddable":true,"href":"https:\/\/mspontocom.com.br\/site\/wp-json\/wp\/v2\/tags?post=200433"}],"curies":[{"name":"wp","href":"https:\/\/api.w.org\/{rel}","templated":true}]}}