{"id":200483,"date":"2025-06-13T04:23:57","date_gmt":"2025-06-13T08:23:57","guid":{"rendered":"https:\/\/mspontocom.com.br\/site\/?p=200483"},"modified":"2025-06-13T06:28:25","modified_gmt":"2025-06-13T10:28:25","slug":"camara-de-campo-grande-entrega-mocao-a-receita-federal-apos-sucesso-da-campanha-sou-cidadao-solidario","status":"publish","type":"post","link":"https:\/\/mspontocom.com.br\/site\/camara-de-campo-grande-entrega-mocao-a-receita-federal-apos-sucesso-da-campanha-sou-cidadao-solidario\/","title":{"rendered":"C\u00e2mara de Campo Grande entrega Mo\u00e7\u00e3o \u00e0 Receita Federal ap\u00f3s sucesso da campanha \u201cSou Cidad\u00e3o Solid\u00e1rio\u201d"},"content":{"rendered":"<div style=\"text-align: justify;\"><img loading=\"lazy\" class=\"alignnone size-full wp-image-200493\" src=\"http:\/\/mspontocom.com.br\/site\/wp-content\/uploads\/2025\/06\/site-camara-de-campo-grande-entrega-mocao-a-receita-federal-apos-sucesso-da-campanha-sou-cidadao-solidario-camara1.jpg\" alt=\"\" width=\"1680\" height=\"1120\" srcset=\"https:\/\/mspontocom.com.br\/site\/wp-content\/uploads\/2025\/06\/site-camara-de-campo-grande-entrega-mocao-a-receita-federal-apos-sucesso-da-campanha-sou-cidadao-solidario-camara1.jpg 1680w, https:\/\/mspontocom.com.br\/site\/wp-content\/uploads\/2025\/06\/site-camara-de-campo-grande-entrega-mocao-a-receita-federal-apos-sucesso-da-campanha-sou-cidadao-solidario-camara1-260x173.jpg 260w, https:\/\/mspontocom.com.br\/site\/wp-content\/uploads\/2025\/06\/site-camara-de-campo-grande-entrega-mocao-a-receita-federal-apos-sucesso-da-campanha-sou-cidadao-solidario-camara1-1024x683.jpg 1024w, https:\/\/mspontocom.com.br\/site\/wp-content\/uploads\/2025\/06\/site-camara-de-campo-grande-entrega-mocao-a-receita-federal-apos-sucesso-da-campanha-sou-cidadao-solidario-camara1-768x512.jpg 768w, https:\/\/mspontocom.com.br\/site\/wp-content\/uploads\/2025\/06\/site-camara-de-campo-grande-entrega-mocao-a-receita-federal-apos-sucesso-da-campanha-sou-cidadao-solidario-camara1-1536x1024.jpg 1536w\" sizes=\"(max-width: 1680px) 100vw, 1680px\" \/>O presidente da C\u00e2mara Municipal de Campo Grande, vereador Epaminondas Vicente Neto, o Papy, entregou a <strong>Mo\u00e7\u00e3o de Congratula\u00e7\u00e3o<\/strong> a toda a equipe da <strong>Receita Federal de Mato Grosso do Sul,<\/strong> representada pelo Delegado Zumilson Cust\u00f3dio da Silva, ap\u00f3s o sucesso da campanha <strong>\u201cSou Cidad\u00e3o Solid\u00e1rio\u201d.<\/strong><\/div>\n<div style=\"text-align: justify;\"><\/div>\n<div style=\"text-align: justify;\">Mato Grosso do Sul ficou entre os 10 estados com mais destina\u00e7\u00f5es do Imposto de Renda a fundos sociais.<\/div>\n<div style=\"text-align: justify;\"><\/div>\n<div style=\"text-align: justify;\">Segundo dados da Receita Federal, foram mais de R$ 10,3 milh\u00f5es de 4.692 contribuintes.<\/div>\n<div style=\"text-align: justify;\"><\/div>\n<div style=\"text-align: justify;\">Do total destinado, 59,3% foram destinados ao Fundo da Crian\u00e7a e do Adolescente e 40,7% ao Fundo da Pessoa Idosa.<\/div>\n<div style=\"text-align: justify;\"><\/div>\n<div style=\"text-align: justify;\">A campanha foi lan\u00e7ada no dia 31 de mar\u00e7o, na Casa de Leis da Capital, e contou com o apoio de diversas institui\u00e7\u00f5es, entre elas o Minist\u00e9rio P\u00fablico Estadual, Governo do Estado, Prefeitura de Campo Grande, Conselhos de Direitos, entidades de classe e institui\u00e7\u00f5es de ensino.<\/div>\n<blockquote>\n<div><\/div>\n<div><em>\u201cEste desempenho de Mato Grosso do Sul mostra que nossa sociedade reage, quando \u00e9 bem informada. A campanha \u2018Sou Cidad\u00e3o Solid\u00e1rio\u2019, lan\u00e7ada aqui na C\u00e2mara em parceria com a Receita Federal, deu o empurr\u00e3o que faltava para muitos contribu\u00edrem. A Casa de Leis segue firme \u00e0 disposi\u00e7\u00e3o para convocar, orientar e engajar a popula\u00e7\u00e3o\u201d, afirmou Papy.<\/em><\/div>\n<\/blockquote>\n<div style=\"text-align: justify;\"><\/div>\n<div style=\"text-align: justify;\">A C\u00e2mara Municipal continuar\u00e1 engajada nas pr\u00f3ximas edi\u00e7\u00f5es da campanha, com o objetivo de ampliar ainda mais a ades\u00e3o dos contribuintes.<\/div>\n<div style=\"text-align: justify;\"><\/div>\n<div style=\"text-align: justify;\">A meta da Casa \u00e9 transformar a a\u00e7\u00e3o em pr\u00e1tica permanente.<\/div>\n<div>\n<p style=\"text-align: justify;\" align=\"justify\"><span style=\"font-family: Times New Roman, serif;\"><span style=\"font-size: medium;\"><span style=\"color: #ed4c05;\"><i><b>Continue em nossa companhia . Veja mais not\u00edcias em<\/b><\/i><\/span><b>:<\/b> <span style=\"color: #0000ff;\"><u><a href=\"http:\/\/www.mspontocom.com.br\/\">www.mspontocom.com.br<\/a><\/u><\/span><\/span><\/span><\/p>\n<p style=\"text-align: justify;\" align=\"justify\"><span style=\"font-family: Times New Roman, serif;\"><span style=\"font-size: medium;\">Instagram e X:\u00a0 @mspontocom<\/span><\/span><\/p>\n<\/div>\n","protected":false},"excerpt":{"rendered":"<p>O presidente da C\u00e2mara Municipal de Campo Grande, vereador Epaminondas Vicente Neto, o Papy, entregou a Mo\u00e7\u00e3o de Congratula\u00e7\u00e3o a toda a equipe da Receita Federal de Mato Grosso do Sul, representada pelo Delegado Zumilson Cust\u00f3dio da Silva, ap\u00f3s o sucesso da campanha \u201cSou Cidad\u00e3o Solid\u00e1rio\u201d. Mato Grosso do Sul ficou entre os 10 estados [&hellip;]<\/p>\n","protected":false},"author":2,"featured_media":200493,"comment_status":"open","ping_status":"open","sticky":false,"template":"","format":"standard","meta":{"_monsterinsights_skip_tracking":false,"_monsterinsights_sitenote_active":false,"_monsterinsights_sitenote_note":"","_monsterinsights_sitenote_category":0},"categories":[4328],"tags":[43108,43110,43109,852,43111],"aioseo_notices":[],"_links":{"self":[{"href":"https:\/\/mspontocom.com.br\/site\/wp-json\/wp\/v2\/posts\/200483"}],"collection":[{"href":"https:\/\/mspontocom.com.br\/site\/wp-json\/wp\/v2\/posts"}],"about":[{"href":"https:\/\/mspontocom.com.br\/site\/wp-json\/wp\/v2\/types\/post"}],"author":[{"embeddable":true,"href":"https:\/\/mspontocom.com.br\/site\/wp-json\/wp\/v2\/users\/2"}],"replies":[{"embeddable":true,"href":"https:\/\/mspontocom.com.br\/site\/wp-json\/wp\/v2\/comments?post=200483"}],"version-history":[{"count":3,"href":"https:\/\/mspontocom.com.br\/site\/wp-json\/wp\/v2\/posts\/200483\/revisions"}],"predecessor-version":[{"id":200495,"href":"https:\/\/mspontocom.com.br\/site\/wp-json\/wp\/v2\/posts\/200483\/revisions\/200495"}],"wp:featuredmedia":[{"embeddable":true,"href":"https:\/\/mspontocom.com.br\/site\/wp-json\/wp\/v2\/media\/200493"}],"wp:attachment":[{"href":"https:\/\/mspontocom.com.br\/site\/wp-json\/wp\/v2\/media?parent=200483"}],"wp:term":[{"taxonomy":"category","embeddable":true,"href":"https:\/\/mspontocom.com.br\/site\/wp-json\/wp\/v2\/categories?post=200483"},{"taxonomy":"post_tag","embeddable":true,"href":"https:\/\/mspontocom.com.br\/site\/wp-json\/wp\/v2\/tags?post=200483"}],"curies":[{"name":"wp","href":"https:\/\/api.w.org\/{rel}","templated":true}]}}