{"id":200522,"date":"2025-06-15T06:10:28","date_gmt":"2025-06-15T10:10:28","guid":{"rendered":"https:\/\/mspontocom.com.br\/site\/?p=200522"},"modified":"2025-06-15T06:10:28","modified_gmt":"2025-06-15T10:10:28","slug":"lula-gasta-r-324-bilhoes-fora-da-meta-fiscal-em-3-anos","status":"publish","type":"post","link":"https:\/\/mspontocom.com.br\/site\/lula-gasta-r-324-bilhoes-fora-da-meta-fiscal-em-3-anos\/","title":{"rendered":"Lula gasta R$ 324 bilh\u00f5es fora da meta fiscal em 3 anos"},"content":{"rendered":"<p style=\"text-align: justify;\"><img loading=\"lazy\" class=\"alignnone size-full wp-image-200523\" src=\"http:\/\/mspontocom.com.br\/site\/wp-content\/uploads\/2025\/06\/site-lula-gasta-r-324-bilhoes-fora-da-meta-fiscal-em-3-anos-lula-dinheiro.jpg\" alt=\"\" width=\"800\" height=\"500\" srcset=\"https:\/\/mspontocom.com.br\/site\/wp-content\/uploads\/2025\/06\/site-lula-gasta-r-324-bilhoes-fora-da-meta-fiscal-em-3-anos-lula-dinheiro.jpg 800w, https:\/\/mspontocom.com.br\/site\/wp-content\/uploads\/2025\/06\/site-lula-gasta-r-324-bilhoes-fora-da-meta-fiscal-em-3-anos-lula-dinheiro-260x163.jpg 260w, https:\/\/mspontocom.com.br\/site\/wp-content\/uploads\/2025\/06\/site-lula-gasta-r-324-bilhoes-fora-da-meta-fiscal-em-3-anos-lula-dinheiro-768x480.jpg 768w\" sizes=\"(max-width: 800px) 100vw, 800px\" \/>O governo do presidente Luiz In\u00e1cio Lula da Silva (PT) ter\u00e1 gasto R$ 324,3 bilh\u00f5es fora dos limites fiscais de 2023 a 2025, segundo levantamento da IFI (Institui\u00e7\u00e3o Fiscal Independente) do Senado.<\/p>\n<p style=\"text-align: justify;\">Os gastos extraordin\u00e1rios dispararam em 2023: somaram R$ 241,3 bilh\u00f5es.<\/p>\n<p style=\"text-align: justify;\">A equipe econ\u00f4mica estima que R$ 49,3 bilh\u00f5es v\u00e3o ultrapassar o marco fiscal em 2025, segundo a avalia\u00e7\u00e3o mais recente do time de Lula.<\/p>\n<p style=\"text-align: justify;\">O governo se comprometeu a ter uma meta fiscal de deficit zero em 2024 e em 2025.<\/p>\n<p style=\"text-align: justify;\">Isso significa que os gastos p\u00fablicos precisam ser iguais \u00e0s receitas.<\/p>\n<p style=\"text-align: justify;\">O governo Lula alterou a metodologia das regras de controle das contas p\u00fablicas.<\/p>\n<p style=\"text-align: justify;\">O chamado novo marco fiscal.<\/p>\n<p style=\"text-align: justify;\">Entenda a diferen\u00e7a entre:<\/p>\n<p style=\"text-align: justify;\"><strong> teto de gastos<\/strong> \u2013 criado em 2016, limitava as despesas ao valor gasto no ano anterior corrigido pela infla\u00e7\u00e3o. Era r\u00edgido: mesmo que a arrecada\u00e7\u00e3o crescesse, o governo n\u00e3o podia gastar mais;<\/p>\n<p style=\"text-align: justify;\"><strong>marco fiscal \u2013<\/strong> permite que os gastos cres\u00e7am conforme a receita, com limites de at\u00e9 2,5% acima da infla\u00e7\u00e3o. A meta passa a considerar o resultado prim\u00e1rio&#8230;.<\/p>\n","protected":false},"excerpt":{"rendered":"<p>O governo do presidente Luiz In\u00e1cio Lula da Silva (PT) ter\u00e1 gasto R$ 324,3 bilh\u00f5es fora dos limites fiscais de 2023 a 2025, segundo levantamento da IFI (Institui\u00e7\u00e3o Fiscal Independente) do Senado. Os gastos extraordin\u00e1rios dispararam em 2023: somaram R$ 241,3 bilh\u00f5es. A equipe econ\u00f4mica estima que R$ 49,3 bilh\u00f5es v\u00e3o ultrapassar o marco fiscal [&hellip;]<\/p>\n","protected":false},"author":2,"featured_media":200523,"comment_status":"open","ping_status":"open","sticky":false,"template":"","format":"standard","meta":{"_monsterinsights_skip_tracking":false,"_monsterinsights_sitenote_active":false,"_monsterinsights_sitenote_note":"","_monsterinsights_sitenote_category":0},"categories":[6,30260,30259,12],"tags":[43114,43115,480],"aioseo_notices":[],"_links":{"self":[{"href":"https:\/\/mspontocom.com.br\/site\/wp-json\/wp\/v2\/posts\/200522"}],"collection":[{"href":"https:\/\/mspontocom.com.br\/site\/wp-json\/wp\/v2\/posts"}],"about":[{"href":"https:\/\/mspontocom.com.br\/site\/wp-json\/wp\/v2\/types\/post"}],"author":[{"embeddable":true,"href":"https:\/\/mspontocom.com.br\/site\/wp-json\/wp\/v2\/users\/2"}],"replies":[{"embeddable":true,"href":"https:\/\/mspontocom.com.br\/site\/wp-json\/wp\/v2\/comments?post=200522"}],"version-history":[{"count":1,"href":"https:\/\/mspontocom.com.br\/site\/wp-json\/wp\/v2\/posts\/200522\/revisions"}],"predecessor-version":[{"id":200524,"href":"https:\/\/mspontocom.com.br\/site\/wp-json\/wp\/v2\/posts\/200522\/revisions\/200524"}],"wp:featuredmedia":[{"embeddable":true,"href":"https:\/\/mspontocom.com.br\/site\/wp-json\/wp\/v2\/media\/200523"}],"wp:attachment":[{"href":"https:\/\/mspontocom.com.br\/site\/wp-json\/wp\/v2\/media?parent=200522"}],"wp:term":[{"taxonomy":"category","embeddable":true,"href":"https:\/\/mspontocom.com.br\/site\/wp-json\/wp\/v2\/categories?post=200522"},{"taxonomy":"post_tag","embeddable":true,"href":"https:\/\/mspontocom.com.br\/site\/wp-json\/wp\/v2\/tags?post=200522"}],"curies":[{"name":"wp","href":"https:\/\/api.w.org\/{rel}","templated":true}]}}