{"id":200527,"date":"2025-06-16T06:07:43","date_gmt":"2025-06-16T10:07:43","guid":{"rendered":"https:\/\/mspontocom.com.br\/site\/?p=200527"},"modified":"2025-06-16T06:07:43","modified_gmt":"2025-06-16T10:07:43","slug":"por-justica-bolsonaro-convoca-ato-na-paulista-para-o-dia-29","status":"publish","type":"post","link":"https:\/\/mspontocom.com.br\/site\/por-justica-bolsonaro-convoca-ato-na-paulista-para-o-dia-29\/","title":{"rendered":"Por Justi\u00e7a, Bolsonaro convoca ato na Paulista para o dia 29"},"content":{"rendered":"<p style=\"text-align: justify;\"><img loading=\"lazy\" class=\"alignnone size-full wp-image-200543\" src=\"http:\/\/mspontocom.com.br\/site\/wp-content\/uploads\/2025\/06\/site-por-justica-bolsonaro-convoca-novo-ato-na-paulista-para-domingo-29-bolsonaro-ato.jpg\" alt=\"\" width=\"1280\" height=\"720\" srcset=\"https:\/\/mspontocom.com.br\/site\/wp-content\/uploads\/2025\/06\/site-por-justica-bolsonaro-convoca-novo-ato-na-paulista-para-domingo-29-bolsonaro-ato.jpg 1280w, https:\/\/mspontocom.com.br\/site\/wp-content\/uploads\/2025\/06\/site-por-justica-bolsonaro-convoca-novo-ato-na-paulista-para-domingo-29-bolsonaro-ato-260x146.jpg 260w, https:\/\/mspontocom.com.br\/site\/wp-content\/uploads\/2025\/06\/site-por-justica-bolsonaro-convoca-novo-ato-na-paulista-para-domingo-29-bolsonaro-ato-1024x576.jpg 1024w, https:\/\/mspontocom.com.br\/site\/wp-content\/uploads\/2025\/06\/site-por-justica-bolsonaro-convoca-novo-ato-na-paulista-para-domingo-29-bolsonaro-ato-768x432.jpg 768w\" sizes=\"(max-width: 1280px) 100vw, 1280px\" \/>Durante seu reencontro com apoiadores nordestinos no Rio Grande do Norte, o ex-presidente <strong>Jair Bolsonaro<\/strong> (PL) convocou brasileiros para um novo ato pol\u00edtico marcado para <strong>14h do pr\u00f3ximo domingo (29), na Avenida Paulista,<\/strong> em S\u00e3o Paulo.<\/p>\n<p style=\"text-align: justify;\">O rival do presidente Lula (PT) que segue buscando reverter a inelegibilidade para disputar a sucess\u00e3o presidencial em 2026 disse seguir lutando por democracia, liberdade e justi\u00e7a.<\/p>\n<p style=\"text-align: justify;\">Bolsonaro reproduziu trecho de discurso no qual garante que n\u00e3o ser\u00e1 derrotado \u201cpor uma pessoa\u201d.<\/p>\n<blockquote><p><em>\u201cSe algo, na covardia, acontecer comigo, continuem lutando. Eu vou ser um problema para eles, preso ou morto. Mas eu deixo acesa a chama da esperan\u00e7a da liberta\u00e7\u00e3o de nosso povo\u201d, disse Bolsonaro, na fala em que chamou o Brasil de \u201cterra prometida\u201d.<\/em><\/p><\/blockquote>\n<p style=\"text-align: justify;\" align=\"justify\"><span style=\"font-family: Times New Roman, serif;\"><span style=\"font-size: medium;\"><span style=\"color: #ed4c05;\"><i><b>Continue em nossa companhia . Veja mais not\u00edcias em<\/b><\/i><\/span><b>:<\/b> <span style=\"color: #0000ff;\"><u><a href=\"http:\/\/www.mspontocom.com.br\/\">www.mspontocom.com.br<\/a><\/u><\/span><\/span><\/span><\/p>\n<p style=\"text-align: justify;\" align=\"justify\"><span style=\"font-family: Times New Roman, serif;\"><span style=\"font-size: medium;\">Instagram e X:\u00a0 @mspontocom<\/span><\/span><\/p>\n","protected":false},"excerpt":{"rendered":"<p>Durante seu reencontro com apoiadores nordestinos no Rio Grande do Norte, o ex-presidente Jair Bolsonaro (PL) convocou brasileiros para um novo ato pol\u00edtico marcado para 14h do pr\u00f3ximo domingo (29), na Avenida Paulista, em S\u00e3o Paulo. O rival do presidente Lula (PT) que segue buscando reverter a inelegibilidade para disputar a sucess\u00e3o presidencial em 2026 [&hellip;]<\/p>\n","protected":false},"author":2,"featured_media":200543,"comment_status":"open","ping_status":"open","sticky":false,"template":"","format":"standard","meta":{"_monsterinsights_skip_tracking":false,"_monsterinsights_sitenote_active":false,"_monsterinsights_sitenote_note":"","_monsterinsights_sitenote_category":0},"categories":[6,30260,30259,12],"tags":[21017,40411,43117,3166],"aioseo_notices":[],"_links":{"self":[{"href":"https:\/\/mspontocom.com.br\/site\/wp-json\/wp\/v2\/posts\/200527"}],"collection":[{"href":"https:\/\/mspontocom.com.br\/site\/wp-json\/wp\/v2\/posts"}],"about":[{"href":"https:\/\/mspontocom.com.br\/site\/wp-json\/wp\/v2\/types\/post"}],"author":[{"embeddable":true,"href":"https:\/\/mspontocom.com.br\/site\/wp-json\/wp\/v2\/users\/2"}],"replies":[{"embeddable":true,"href":"https:\/\/mspontocom.com.br\/site\/wp-json\/wp\/v2\/comments?post=200527"}],"version-history":[{"count":2,"href":"https:\/\/mspontocom.com.br\/site\/wp-json\/wp\/v2\/posts\/200527\/revisions"}],"predecessor-version":[{"id":200544,"href":"https:\/\/mspontocom.com.br\/site\/wp-json\/wp\/v2\/posts\/200527\/revisions\/200544"}],"wp:featuredmedia":[{"embeddable":true,"href":"https:\/\/mspontocom.com.br\/site\/wp-json\/wp\/v2\/media\/200543"}],"wp:attachment":[{"href":"https:\/\/mspontocom.com.br\/site\/wp-json\/wp\/v2\/media?parent=200527"}],"wp:term":[{"taxonomy":"category","embeddable":true,"href":"https:\/\/mspontocom.com.br\/site\/wp-json\/wp\/v2\/categories?post=200527"},{"taxonomy":"post_tag","embeddable":true,"href":"https:\/\/mspontocom.com.br\/site\/wp-json\/wp\/v2\/tags?post=200527"}],"curies":[{"name":"wp","href":"https:\/\/api.w.org\/{rel}","templated":true}]}}