{"id":200537,"date":"2025-06-16T05:54:18","date_gmt":"2025-06-16T09:54:18","guid":{"rendered":"https:\/\/mspontocom.com.br\/site\/?p=200537"},"modified":"2025-06-16T05:54:18","modified_gmt":"2025-06-16T09:54:18","slug":"moro-critica-stf-por-decisao-de-censura-nas-redes-sociais","status":"publish","type":"post","link":"https:\/\/mspontocom.com.br\/site\/moro-critica-stf-por-decisao-de-censura-nas-redes-sociais\/","title":{"rendered":"Moro critica STF por decis\u00e3o de censura nas redes sociais"},"content":{"rendered":"<p style=\"text-align: justify;\"><img loading=\"lazy\" class=\"alignnone size-full wp-image-200539\" src=\"http:\/\/mspontocom.com.br\/site\/wp-content\/uploads\/2025\/06\/site-moro-critica-stf-por-decisao-de-censura-nas-redes-sociais-sergio-moro-candidato-a-presidente.jpg\" alt=\"\" width=\"1024\" height=\"652\" srcset=\"https:\/\/mspontocom.com.br\/site\/wp-content\/uploads\/2025\/06\/site-moro-critica-stf-por-decisao-de-censura-nas-redes-sociais-sergio-moro-candidato-a-presidente.jpg 1024w, https:\/\/mspontocom.com.br\/site\/wp-content\/uploads\/2025\/06\/site-moro-critica-stf-por-decisao-de-censura-nas-redes-sociais-sergio-moro-candidato-a-presidente-260x166.jpg 260w, https:\/\/mspontocom.com.br\/site\/wp-content\/uploads\/2025\/06\/site-moro-critica-stf-por-decisao-de-censura-nas-redes-sociais-sergio-moro-candidato-a-presidente-768x489.jpg 768w\" sizes=\"(max-width: 1024px) 100vw, 1024px\" \/>Vai vir pelo STF a regula\u00e7\u00e3o de redes sociais no Brasil. Como? Ningu\u00e9m ainda sabe.<\/p>\n<p style=\"text-align: justify;\">Os ministros formaram maioria para responsabilizar redes sociais por publica\u00e7\u00f5es de usu\u00e1rios.<\/p>\n<p style=\"text-align: justify;\">Mas os crit\u00e9rios ainda ser\u00e3o definidos.<\/p>\n<p style=\"text-align: justify;\">N\u00e3o se sabe ainda se isso ser\u00e1 feito com a <strong>pressa pedida pelo governo Lula\u00a0<\/strong>que se v\u00ea inferiorizado na luta pol\u00edtica nas redes sociais \u2014 da\u00ed seu forte interesse em regula\u00e7\u00e3o.<\/p>\n<p style=\"text-align: justify;\">Regula\u00e7\u00e3o que n\u00e3o pode ser confundida com<strong> censura<\/strong>, alertam os provedores.<\/p>\n<p style=\"text-align: justify;\">Ou seja: onde est\u00e1 a linha que determina conte\u00fados a serem removidos sem que se cometa censura ou se restrinja a liberdade de express\u00e3o?<\/p>\n<p style=\"text-align: justify;\">Perguntado pelo\u00a0 jornalismo do <strong>mspontocom<\/strong> sobre o tema, o senador Sergio Moro foi taxativo sobre a decis\u00e3o do Supremo:<\/p>\n<blockquote><p><em>&#8220;O Congresso aprovou o marco civil da internet e n\u00e3o h\u00e1 motivo para que seja revisto pelo STF por mera discord\u00e2ncia quanto ao seu conte\u00fado.&#8221;<\/em><\/p><\/blockquote>\n<p style=\"text-align: justify;\" align=\"justify\"><span style=\"font-family: Times New Roman, serif;\"><span style=\"font-size: medium;\"><span style=\"color: #ed4c05;\"><i><b>Continue em nossa companhia . Veja mais not\u00edcias em<\/b><\/i><\/span><b>:<\/b> <span style=\"color: #0000ff;\"><u><a href=\"http:\/\/www.mspontocom.com.br\/\">www.mspontocom.com.br<\/a><\/u><\/span><\/span><\/span><\/p>\n<p style=\"text-align: justify;\" align=\"justify\"><span style=\"font-family: Times New Roman, serif;\"><span style=\"font-size: medium;\">Instagram e X:\u00a0 @mspontocom<\/span><\/span><\/p>\n","protected":false},"excerpt":{"rendered":"<p>Vai vir pelo STF a regula\u00e7\u00e3o de redes sociais no Brasil. Como? Ningu\u00e9m ainda sabe. Os ministros formaram maioria para responsabilizar redes sociais por publica\u00e7\u00f5es de usu\u00e1rios. Mas os crit\u00e9rios ainda ser\u00e3o definidos. N\u00e3o se sabe ainda se isso ser\u00e1 feito com a pressa pedida pelo governo Lula\u00a0que se v\u00ea inferiorizado na luta pol\u00edtica nas [&hellip;]<\/p>\n","protected":false},"author":2,"featured_media":200539,"comment_status":"open","ping_status":"open","sticky":false,"template":"","format":"standard","meta":{"_monsterinsights_skip_tracking":false,"_monsterinsights_sitenote_active":false,"_monsterinsights_sitenote_note":"","_monsterinsights_sitenote_category":0},"categories":[1,12],"tags":[7907,24747,23158,2443,3014],"aioseo_notices":[],"_links":{"self":[{"href":"https:\/\/mspontocom.com.br\/site\/wp-json\/wp\/v2\/posts\/200537"}],"collection":[{"href":"https:\/\/mspontocom.com.br\/site\/wp-json\/wp\/v2\/posts"}],"about":[{"href":"https:\/\/mspontocom.com.br\/site\/wp-json\/wp\/v2\/types\/post"}],"author":[{"embeddable":true,"href":"https:\/\/mspontocom.com.br\/site\/wp-json\/wp\/v2\/users\/2"}],"replies":[{"embeddable":true,"href":"https:\/\/mspontocom.com.br\/site\/wp-json\/wp\/v2\/comments?post=200537"}],"version-history":[{"count":2,"href":"https:\/\/mspontocom.com.br\/site\/wp-json\/wp\/v2\/posts\/200537\/revisions"}],"predecessor-version":[{"id":200540,"href":"https:\/\/mspontocom.com.br\/site\/wp-json\/wp\/v2\/posts\/200537\/revisions\/200540"}],"wp:featuredmedia":[{"embeddable":true,"href":"https:\/\/mspontocom.com.br\/site\/wp-json\/wp\/v2\/media\/200539"}],"wp:attachment":[{"href":"https:\/\/mspontocom.com.br\/site\/wp-json\/wp\/v2\/media?parent=200537"}],"wp:term":[{"taxonomy":"category","embeddable":true,"href":"https:\/\/mspontocom.com.br\/site\/wp-json\/wp\/v2\/categories?post=200537"},{"taxonomy":"post_tag","embeddable":true,"href":"https:\/\/mspontocom.com.br\/site\/wp-json\/wp\/v2\/tags?post=200537"}],"curies":[{"name":"wp","href":"https:\/\/api.w.org\/{rel}","templated":true}]}}