{"id":200715,"date":"2025-06-23T04:11:25","date_gmt":"2025-06-23T08:11:25","guid":{"rendered":"https:\/\/mspontocom.com.br\/site\/?p=200715"},"modified":"2025-06-23T06:45:34","modified_gmt":"2025-06-23T10:45:34","slug":"campo-grande-conquista-premio-nacional-em-saude-publica","status":"publish","type":"post","link":"https:\/\/mspontocom.com.br\/site\/campo-grande-conquista-premio-nacional-em-saude-publica\/","title":{"rendered":"Campo Grande conquista pr\u00eamio nacional em sa\u00fade p\u00fablica"},"content":{"rendered":"<p style=\"text-align: justify;\"><img loading=\"lazy\" class=\"alignnone size-full wp-image-200716\" src=\"http:\/\/mspontocom.com.br\/site\/wp-content\/uploads\/2025\/06\/site-campo-grande-conquista-premio-nacional-em-saude-publica-premio-saude-sesau-1536x1186-1.jpeg\" alt=\"\" width=\"1536\" height=\"1186\" srcset=\"https:\/\/mspontocom.com.br\/site\/wp-content\/uploads\/2025\/06\/site-campo-grande-conquista-premio-nacional-em-saude-publica-premio-saude-sesau-1536x1186-1.jpeg 1536w, https:\/\/mspontocom.com.br\/site\/wp-content\/uploads\/2025\/06\/site-campo-grande-conquista-premio-nacional-em-saude-publica-premio-saude-sesau-1536x1186-1-260x201.jpeg 260w, https:\/\/mspontocom.com.br\/site\/wp-content\/uploads\/2025\/06\/site-campo-grande-conquista-premio-nacional-em-saude-publica-premio-saude-sesau-1536x1186-1-1024x791.jpeg 1024w, https:\/\/mspontocom.com.br\/site\/wp-content\/uploads\/2025\/06\/site-campo-grande-conquista-premio-nacional-em-saude-publica-premio-saude-sesau-1536x1186-1-768x593.jpeg 768w\" sizes=\"(max-width: 1536px) 100vw, 1536px\" \/>Campo Grande foi destaque nacional durante o XXXVIII Congresso do Conselho Nacional de Secretarias Municipais de Sa\u00fade (CONASEMS), realizado em Belo Horizonte (MG), entre 15 a 18 de junho, ao conquistar reconhecimento por duas experi\u00eancias exitosas na Aten\u00e7\u00e3o Prim\u00e1ria \u00e0 Sa\u00fade (APS).<\/p>\n<p style=\"text-align: justify;\">A premia\u00e7\u00e3o ocorreu na 20\u00aa edi\u00e7\u00e3o da Mostra \u201cBrasil, aqui tem SUS\u201d<\/p>\n<p style=\"text-align: justify;\">As a\u00e7\u00f5es premiadas foram idealizadas e desenvolvidas nas Unidades de Sa\u00fade da Fam\u00edlia (USF) Santa Em\u00edlia e Serradinho em parceria entre a Secretaria Municipal de Sa\u00fade (SESAU) e a Funda\u00e7\u00e3o Oswaldo Cruz (Fiocruz).<\/p>\n<p style=\"text-align: justify;\"><strong>Projeto 1 \u2013 Telefisioterapia melhora acesso e reduz fila de espera<\/strong><\/p>\n<p style=\"text-align: justify;\">Na USF Santa Em\u00edlia, o projeto de implanta\u00e7\u00e3o da Teleinterconsulta em Fisioterapia foi reconhecido como uma das experi\u00eancias mais relevantes do pa\u00eds. A proposta nasceu da necessidade de ampliar o acesso \u00e0 reabilita\u00e7\u00e3o de pacientes com dificuldades de locomo\u00e7\u00e3o ou que vivem em regi\u00f5es mais afastadas.<\/p>\n<p style=\"text-align: justify;\">Utilizando a tecnologia de videoconfer\u00eancia, o atendimento fisioterap\u00eautico passou a ser realizado de forma remota, com acompanhamento cont\u00ednuo dos profissionais da pr\u00f3pria unidade.<\/p>\n<p style=\"text-align: justify;\">A estrat\u00e9gia impactou diretamente a qualidade de vida dos pacientes e reduziu significativamente a fila de espera por fisioterapia, oferecendo tratamento dentro do territ\u00f3rio e evitando deslocamentos a centros de especialidades.<\/p>\n<p><strong>Projeto 2 \u2013 Cuidado multidisciplinar no combate \u00e0 obesidade<\/strong><\/p>\n<p style=\"text-align: justify;\">J\u00e1 na USF Serradinho, o destaque foi o projeto de enfrentamento da obesidade por meio de um grupo multidisciplinar de promo\u00e7\u00e3o \u00e0 sa\u00fade.<\/p>\n<p style=\"text-align: justify;\">A iniciativa conta com a atua\u00e7\u00e3o integrada de residentes, m\u00e9dicos, enfermeiros, agentes comunit\u00e1rios e outros profissionais da unidade para orientar e acompanhar usu\u00e1rios em mudan\u00e7as de h\u00e1bitos e melhora da qualidade de vida.<\/p>\n<p style=\"text-align: justify;\">O grupo atende exclusivamente moradores da \u00e1rea de abrang\u00eancia da unidade e recebe, em m\u00e9dia, de 25 a 35 participantes por edi\u00e7\u00e3o.<\/p>\n<p style=\"text-align: justify;\">A metodologia inclui orienta\u00e7\u00f5es nutricionais, incentivo \u00e0 atividade f\u00edsica e acolhimento psicol\u00f3gico. \u201c<\/p>\n<p style=\"text-align: justify;\"><strong>Reconhecimento nacional e valoriza\u00e7\u00e3o da APS<\/strong><\/p>\n<p style=\"text-align: justify;\">Para a secret\u00e1ria municipal de Sa\u00fade, Rosana Leite, o reconhecimento das iniciativas mostra o compromisso da gest\u00e3o em investir em solu\u00e7\u00f5es que impactam diretamente a vida das pessoas.<\/p>\n<p style=\"text-align: justify;\" align=\"justify\"><span style=\"font-family: Times New Roman, serif;\"><span style=\"font-size: medium;\"><span style=\"color: #ed4c05;\"><i><b>Continue em nossa companhia . Veja mais not\u00edcias em<\/b><\/i><\/span><b>:<\/b> <span style=\"color: #0000ff;\"><u><a href=\"http:\/\/www.mspontocom.com.br\/\">www.mspontocom.com.br<\/a><\/u><\/span><\/span><\/span><\/p>\n","protected":false},"excerpt":{"rendered":"<p>Campo Grande foi destaque nacional durante o XXXVIII Congresso do Conselho Nacional de Secretarias Municipais de Sa\u00fade (CONASEMS), realizado em Belo Horizonte (MG), entre 15 a 18 de junho, ao conquistar reconhecimento por duas experi\u00eancias exitosas na Aten\u00e7\u00e3o Prim\u00e1ria \u00e0 Sa\u00fade (APS). A premia\u00e7\u00e3o ocorreu na 20\u00aa edi\u00e7\u00e3o da Mostra \u201cBrasil, aqui tem SUS\u201d As [&hellip;]<\/p>\n","protected":false},"author":2,"featured_media":200716,"comment_status":"open","ping_status":"open","sticky":false,"template":"","format":"standard","meta":{"_monsterinsights_skip_tracking":false,"_monsterinsights_sitenote_active":false,"_monsterinsights_sitenote_note":"","_monsterinsights_sitenote_category":0},"categories":[4328,11],"tags":[123,43150,3509],"aioseo_notices":[],"_links":{"self":[{"href":"https:\/\/mspontocom.com.br\/site\/wp-json\/wp\/v2\/posts\/200715"}],"collection":[{"href":"https:\/\/mspontocom.com.br\/site\/wp-json\/wp\/v2\/posts"}],"about":[{"href":"https:\/\/mspontocom.com.br\/site\/wp-json\/wp\/v2\/types\/post"}],"author":[{"embeddable":true,"href":"https:\/\/mspontocom.com.br\/site\/wp-json\/wp\/v2\/users\/2"}],"replies":[{"embeddable":true,"href":"https:\/\/mspontocom.com.br\/site\/wp-json\/wp\/v2\/comments?post=200715"}],"version-history":[{"count":2,"href":"https:\/\/mspontocom.com.br\/site\/wp-json\/wp\/v2\/posts\/200715\/revisions"}],"predecessor-version":[{"id":200722,"href":"https:\/\/mspontocom.com.br\/site\/wp-json\/wp\/v2\/posts\/200715\/revisions\/200722"}],"wp:featuredmedia":[{"embeddable":true,"href":"https:\/\/mspontocom.com.br\/site\/wp-json\/wp\/v2\/media\/200716"}],"wp:attachment":[{"href":"https:\/\/mspontocom.com.br\/site\/wp-json\/wp\/v2\/media?parent=200715"}],"wp:term":[{"taxonomy":"category","embeddable":true,"href":"https:\/\/mspontocom.com.br\/site\/wp-json\/wp\/v2\/categories?post=200715"},{"taxonomy":"post_tag","embeddable":true,"href":"https:\/\/mspontocom.com.br\/site\/wp-json\/wp\/v2\/tags?post=200715"}],"curies":[{"name":"wp","href":"https:\/\/api.w.org\/{rel}","templated":true}]}}