{"id":200728,"date":"2025-06-24T06:24:55","date_gmt":"2025-06-24T10:24:55","guid":{"rendered":"https:\/\/mspontocom.com.br\/site\/?p=200728"},"modified":"2025-06-24T06:24:55","modified_gmt":"2025-06-24T10:24:55","slug":"partido-de-direita-vai-investigar-patrimonio-de-gilmar-mendes-em-portugal","status":"publish","type":"post","link":"https:\/\/mspontocom.com.br\/site\/partido-de-direita-vai-investigar-patrimonio-de-gilmar-mendes-em-portugal\/","title":{"rendered":"Partido de direita vai investigar patrim\u00f4nio de Gilmar Mendes em Portugal"},"content":{"rendered":"<p style=\"text-align: justify;\"><img loading=\"lazy\" class=\"alignnone size-full wp-image-200733\" src=\"http:\/\/mspontocom.com.br\/site\/wp-content\/uploads\/2025\/06\/site-partido-de-direita-vai-investigar-patrimonio-de-gilmar-mendes-em-portugal-gilmar-mendes.webp\" alt=\"\" width=\"1280\" height=\"876\" srcset=\"https:\/\/mspontocom.com.br\/site\/wp-content\/uploads\/2025\/06\/site-partido-de-direita-vai-investigar-patrimonio-de-gilmar-mendes-em-portugal-gilmar-mendes.webp 1280w, https:\/\/mspontocom.com.br\/site\/wp-content\/uploads\/2025\/06\/site-partido-de-direita-vai-investigar-patrimonio-de-gilmar-mendes-em-portugal-gilmar-mendes-260x178.webp 260w, https:\/\/mspontocom.com.br\/site\/wp-content\/uploads\/2025\/06\/site-partido-de-direita-vai-investigar-patrimonio-de-gilmar-mendes-em-portugal-gilmar-mendes-1024x701.webp 1024w, https:\/\/mspontocom.com.br\/site\/wp-content\/uploads\/2025\/06\/site-partido-de-direita-vai-investigar-patrimonio-de-gilmar-mendes-em-portugal-gilmar-mendes-768x526.webp 768w\" sizes=\"(max-width: 1280px) 100vw, 1280px\" \/>O presidente do partido portugu\u00eas Chega! e l\u00edder da direita em Portugal, Andr\u00e9 Ventura, anunciou que a sigla vai investigar o ministro do STF, Gilmar Mendes.<\/p>\n<p style=\"text-align: justify;\">Segundo Ventura, o objetivo \u00e9 examinar a atua\u00e7\u00e3o, os v\u00ednculos e o patrim\u00f4nio do magistrado em Portugal, pa\u00eds onde Mendes mant\u00e9m presen\u00e7a frequente por meio de eventos jur\u00eddicos e acad\u00eamicos.<\/p>\n<div id=\"attachment_529666\" class=\"wp-caption alignleft\">\n<p><img loading=\"lazy\" class=\" wp-image-529666\" src=\"https:\/\/uploads.diariodopoder.com.br\/2025\/06\/7e671a1a-post-andre-ventura-sobre-gilmar-23jun25.jpg\" alt=\"\" width=\"480\" height=\"235\" aria-describedby=\"caption-attachment-529666\" \/><\/p>\n<p id=\"caption-attachment-529666\" class=\"wp-caption-text\">A investiga\u00e7\u00e3o foi anunciada por Andr\u00e9 Ventura em post.<\/p>\n<\/div>\n<p>A proposta surgiu em meio a cr\u00edticas de Ventura ao governo do presidente Lula (PT), que o pol\u00edtico portugu\u00eas chegou a classificar como uma \u201cditadura disfar\u00e7ada\u201d.<\/p>\n<p>Ventura tem se destacado por cr\u00edticas contra o governo brasileiro e seus representantes.<\/p>\n<p style=\"text-align: justify;\"><strong>Durante a campanha eleitoral portuguesa em 2024, ele chegou a afirmar que prenderia Lula caso fosse eleito primeiro-ministro.<\/strong><\/p>\n<p style=\"text-align: justify;\">Em outra declara\u00e7\u00e3o, disse que o presidente brasileiro n\u00e3o deveria ser autorizado a entrar em Portugal, alegando que o pa\u00eds<strong> \u201cj\u00e1 tem corruptos demais\u201d.<\/strong><\/p>\n<p style=\"text-align: justify;\">As cr\u00edticas do l\u00edder da direita portuguesa se intensificaram nos \u00faltimos meses e passaram a incluir ministros do STF, como Gilmar Mendes, que s\u00e3o pr\u00f3ximos do atual governo brasileiro.<\/p>\n<p style=\"text-align: justify;\">A pol\u00eamica se intensificou com a aproxima\u00e7\u00e3o do F\u00f3rum de Lisboa, organizado por Gilmar Mendes por meio do IDP, institui\u00e7\u00e3o da qual o ministro \u00e9 s\u00f3cio-fundador.<\/p>\n<p style=\"text-align: justify;\">O evento, apelidado de <strong>\u201cGilmarpalooza\u201d<\/strong> por cr\u00edticos, reunir\u00e1 diversos nomes do Judici\u00e1rio, da pol\u00edtica e do empresariado.<\/p>\n<p style=\"text-align: justify;\" align=\"justify\"><span style=\"font-family: Times New Roman, serif;\"><span style=\"font-size: medium;\"><span style=\"color: #ed4c05;\"><i><b>Continue em nossa companhia . Veja mais not\u00edcias em<\/b><\/i><\/span><b>:<\/b> <span style=\"color: #0000ff;\"><u><a href=\"http:\/\/www.mspontocom.com.br\/\">www.mspontocom.com.br<\/a><\/u><\/span><\/span><\/span><\/p>\n<p style=\"text-align: justify;\" align=\"justify\"><span style=\"font-family: Times New Roman, serif;\"><span style=\"font-size: medium;\">Instagram e X:\u00a0 @mspontocom<\/span><\/span><\/p>\n","protected":false},"excerpt":{"rendered":"<p>O presidente do partido portugu\u00eas Chega! e l\u00edder da direita em Portugal, Andr\u00e9 Ventura, anunciou que a sigla vai investigar o ministro do STF, Gilmar Mendes. Segundo Ventura, o objetivo \u00e9 examinar a atua\u00e7\u00e3o, os v\u00ednculos e o patrim\u00f4nio do magistrado em Portugal, pa\u00eds onde Mendes mant\u00e9m presen\u00e7a frequente por meio de eventos jur\u00eddicos e [&hellip;]<\/p>\n","protected":false},"author":2,"featured_media":200733,"comment_status":"open","ping_status":"open","sticky":false,"template":"","format":"standard","meta":{"_monsterinsights_skip_tracking":false,"_monsterinsights_sitenote_active":false,"_monsterinsights_sitenote_note":"","_monsterinsights_sitenote_category":0},"categories":[30260,7,30259,12],"tags":[24557,32323,37311,24923,2349,5507,339],"aioseo_notices":[],"_links":{"self":[{"href":"https:\/\/mspontocom.com.br\/site\/wp-json\/wp\/v2\/posts\/200728"}],"collection":[{"href":"https:\/\/mspontocom.com.br\/site\/wp-json\/wp\/v2\/posts"}],"about":[{"href":"https:\/\/mspontocom.com.br\/site\/wp-json\/wp\/v2\/types\/post"}],"author":[{"embeddable":true,"href":"https:\/\/mspontocom.com.br\/site\/wp-json\/wp\/v2\/users\/2"}],"replies":[{"embeddable":true,"href":"https:\/\/mspontocom.com.br\/site\/wp-json\/wp\/v2\/comments?post=200728"}],"version-history":[{"count":2,"href":"https:\/\/mspontocom.com.br\/site\/wp-json\/wp\/v2\/posts\/200728\/revisions"}],"predecessor-version":[{"id":200734,"href":"https:\/\/mspontocom.com.br\/site\/wp-json\/wp\/v2\/posts\/200728\/revisions\/200734"}],"wp:featuredmedia":[{"embeddable":true,"href":"https:\/\/mspontocom.com.br\/site\/wp-json\/wp\/v2\/media\/200733"}],"wp:attachment":[{"href":"https:\/\/mspontocom.com.br\/site\/wp-json\/wp\/v2\/media?parent=200728"}],"wp:term":[{"taxonomy":"category","embeddable":true,"href":"https:\/\/mspontocom.com.br\/site\/wp-json\/wp\/v2\/categories?post=200728"},{"taxonomy":"post_tag","embeddable":true,"href":"https:\/\/mspontocom.com.br\/site\/wp-json\/wp\/v2\/tags?post=200728"}],"curies":[{"name":"wp","href":"https:\/\/api.w.org\/{rel}","templated":true}]}}