{"id":200742,"date":"2025-06-24T04:47:34","date_gmt":"2025-06-24T08:47:34","guid":{"rendered":"https:\/\/mspontocom.com.br\/site\/?p=200742"},"modified":"2025-06-24T08:01:16","modified_gmt":"2025-06-24T12:01:16","slug":"fiems-discute-com-poder-publico-e-iniciativa-privada-aumento-de-vagas-nas-creches-de-campo-grande","status":"publish","type":"post","link":"https:\/\/mspontocom.com.br\/site\/fiems-discute-com-poder-publico-e-iniciativa-privada-aumento-de-vagas-nas-creches-de-campo-grande\/","title":{"rendered":"Fiems discute com poder p\u00fablico e iniciativa privada aumento de vagas nas creches de Campo Grande"},"content":{"rendered":"<p class=\"m_-3762855630889857102MsoNoSpacing\" style=\"text-align: justify;\"><img loading=\"lazy\" class=\"alignnone size-full wp-image-200752\" src=\"http:\/\/mspontocom.com.br\/site\/wp-content\/uploads\/2025\/06\/site-fiems-discute-com-poder-publico-e-iniciativa-privada-aumento-de-vagas-nas-creches-de-campo-grande-reuniao-creches-1.jpg\" alt=\"\" width=\"1920\" height=\"1280\" srcset=\"https:\/\/mspontocom.com.br\/site\/wp-content\/uploads\/2025\/06\/site-fiems-discute-com-poder-publico-e-iniciativa-privada-aumento-de-vagas-nas-creches-de-campo-grande-reuniao-creches-1.jpg 1920w, https:\/\/mspontocom.com.br\/site\/wp-content\/uploads\/2025\/06\/site-fiems-discute-com-poder-publico-e-iniciativa-privada-aumento-de-vagas-nas-creches-de-campo-grande-reuniao-creches-1-260x173.jpg 260w, https:\/\/mspontocom.com.br\/site\/wp-content\/uploads\/2025\/06\/site-fiems-discute-com-poder-publico-e-iniciativa-privada-aumento-de-vagas-nas-creches-de-campo-grande-reuniao-creches-1-1024x683.jpg 1024w, https:\/\/mspontocom.com.br\/site\/wp-content\/uploads\/2025\/06\/site-fiems-discute-com-poder-publico-e-iniciativa-privada-aumento-de-vagas-nas-creches-de-campo-grande-reuniao-creches-1-768x512.jpg 768w, https:\/\/mspontocom.com.br\/site\/wp-content\/uploads\/2025\/06\/site-fiems-discute-com-poder-publico-e-iniciativa-privada-aumento-de-vagas-nas-creches-de-campo-grande-reuniao-creches-1-1536x1024.jpg 1536w\" sizes=\"(max-width: 1920px) 100vw, 1920px\" \/>O aumento na oferta de vagas nas creches em Campo Grande foi tema de discuss\u00e3o na Casa da Ind\u00fastria nesta segunda-feira (23\/06).<\/p>\n<p class=\"m_-3762855630889857102MsoNoSpacing\" style=\"text-align: justify;\">O presidente da Fiems, S\u00e9rgio Longen, recebeu representantes do poder p\u00fablico nas esferas municipal e estadual, al\u00e9m de empres\u00e1rios locais, para debater alternativas que contem com a participa\u00e7\u00e3o da iniciativa privada.<u><\/u><u><\/u><\/p>\n<p class=\"m_-3762855630889857102MsoNoSpacing\" style=\"text-align: justify;\"><u><\/u>\u00a0<u><\/u><\/p>\n<p class=\"m_-3762855630889857102MsoNoSpacing\" style=\"text-align: justify;\">Entre as solu\u00e7\u00f5es apresentadas, est\u00e1 a cria\u00e7\u00e3o de um modelo de parceria p\u00fablico-privada (PPP) na \u00e1rea educacional que permita expandir o n\u00famero de creches e atender \u00e0s necessidades do segmento industrial e comercial no munic\u00edpio.<\/p>\n<p class=\"m_-3762855630889857102MsoNoSpacing\" style=\"text-align: justify;\">O l\u00edder empresarial se mostrou um entusiasta da proposta.<u><\/u><u><\/u><\/p>\n<p class=\"m_-3762855630889857102MsoNoSpacing\" style=\"text-align: justify;\"><u><\/u>\u00a0<u><\/u><\/p>\n<blockquote>\n<p class=\"m_-3762855630889857102MsoNoSpacing\" style=\"text-align: justify;\"><em>&#8220;Precisamos discutir um novo modelo. As PPPs s\u00e3o um modelo moderno, adotado no mundo inteiro, e n\u00f3s precisamos trazer a Campo Grande. Nessa dire\u00e7\u00e3o, n\u00f3s, da ind\u00fastria, entendemos que precisamos avan\u00e7ar para atender as nossas necessidades. O setor industrial \u00e9 o que mais cresce no Estado e tem colocado muito fortemente essa demanda&#8221;, disse Longen.<\/em><u><\/u><u><\/u><\/p>\n<\/blockquote>\n<p class=\"m_-3762855630889857102MsoNoSpacing\" style=\"text-align: justify;\"><u><\/u>\u00a0<u><\/u><\/p>\n<p class=\"m_-3762855630889857102MsoNoSpacing\" style=\"text-align: justify;\">A eventual cria\u00e7\u00e3o de uma parceria p\u00fablico-privada na \u00e1rea educacional requer atualiza\u00e7\u00f5es na legisla\u00e7\u00e3o.<\/p>\n<p class=\"m_-3762855630889857102MsoNoSpacing\" style=\"text-align: justify;\">O presidente da C\u00e2mara Municipal de Campo Grande, vereador Papy, destacou que iniciativas para reduzir o d\u00e9ficit de vagas da educa\u00e7\u00e3o infantil na capital s\u00e3o louv\u00e1veis e apoiou a iniciativa.<u><\/u><u><\/u><\/p>\n<p class=\"m_-3762855630889857102MsoNoSpacing\" style=\"text-align: justify;\"><u><\/u>\u00a0<u><\/u><\/p>\n<p class=\"m_-3762855630889857102MsoNoSpacing\" style=\"text-align: justify;\">O secret\u00e1rio de Estado de Educa\u00e7\u00e3o, H\u00e9lio Daher, refor\u00e7ou que o governo do Estado j\u00e1 vem contribuindo com os munic\u00edpios para ampliar a oferta de vagas na educa\u00e7\u00e3o infantil. Ele elogiou a iniciativa da Fiems em participar da constru\u00e7\u00e3o de solu\u00e7\u00f5es na \u00e1rea educacional.<u><\/u><u><\/u><\/p>\n<p class=\"m_-3762855630889857102MsoNoSpacing\" style=\"text-align: justify;\"><u><\/u>\u00a0<u><\/u><\/p>\n<blockquote>\n<p class=\"m_-3762855630889857102MsoNoSpacing\" style=\"text-align: justify;\"><em>&#8220;A iniciativa da Fiems planeja como, atrav\u00e9s da parceria p\u00fablico-privada, a gente pode minimizar esse problema e fazer com que Campo Grande continue a crescer. A parceria entre v\u00e1rios atores com certeza vai dar como resultado o melhor atendimento \u00e0 popula\u00e7\u00e3o de Campo Grande&#8221;, afirmou o secret\u00e1rio.<u><\/u><u><\/u><\/em><\/p>\n<p class=\"m_-3762855630889857102MsoNoSpacing\" style=\"text-align: justify;\"><em><u><\/u>\u00a0<\/em><u><\/u><\/p>\n<\/blockquote>\n<p align=\"justify\"><span style=\"font-family: Times New Roman, serif;\"><span style=\"font-size: medium;\"><span style=\"color: #ed4c05;\"><i><b>Continue em nossa companhia . Veja mais not\u00edcias em<\/b><\/i><\/span><b>:<\/b> <span style=\"color: #0000ff;\"><u><a href=\"http:\/\/www.mspontocom.com.br\/\">www.mspontocom.com.br<\/a><\/u><\/span><\/span><\/span><\/p>\n<p align=\"justify\"><span style=\"font-family: Times New Roman, serif;\"><span style=\"font-size: medium;\">Instagram e X:\u00a0 @mspontocom<\/span><\/span><\/p>\n","protected":false},"excerpt":{"rendered":"<p>O aumento na oferta de vagas nas creches em Campo Grande foi tema de discuss\u00e3o na Casa da Ind\u00fastria nesta segunda-feira (23\/06). O presidente da Fiems, S\u00e9rgio Longen, recebeu representantes do poder p\u00fablico nas esferas municipal e estadual, al\u00e9m de empres\u00e1rios locais, para debater alternativas que contem com a participa\u00e7\u00e3o da iniciativa privada. \u00a0 Entre [&hellip;]<\/p>\n","protected":false},"author":2,"featured_media":200752,"comment_status":"open","ping_status":"open","sticky":false,"template":"","format":"standard","meta":{"_monsterinsights_skip_tracking":false,"_monsterinsights_sitenote_active":false,"_monsterinsights_sitenote_note":"","_monsterinsights_sitenote_category":0},"categories":[4328],"tags":[123,4751,2887],"aioseo_notices":[],"_links":{"self":[{"href":"https:\/\/mspontocom.com.br\/site\/wp-json\/wp\/v2\/posts\/200742"}],"collection":[{"href":"https:\/\/mspontocom.com.br\/site\/wp-json\/wp\/v2\/posts"}],"about":[{"href":"https:\/\/mspontocom.com.br\/site\/wp-json\/wp\/v2\/types\/post"}],"author":[{"embeddable":true,"href":"https:\/\/mspontocom.com.br\/site\/wp-json\/wp\/v2\/users\/2"}],"replies":[{"embeddable":true,"href":"https:\/\/mspontocom.com.br\/site\/wp-json\/wp\/v2\/comments?post=200742"}],"version-history":[{"count":2,"href":"https:\/\/mspontocom.com.br\/site\/wp-json\/wp\/v2\/posts\/200742\/revisions"}],"predecessor-version":[{"id":200753,"href":"https:\/\/mspontocom.com.br\/site\/wp-json\/wp\/v2\/posts\/200742\/revisions\/200753"}],"wp:featuredmedia":[{"embeddable":true,"href":"https:\/\/mspontocom.com.br\/site\/wp-json\/wp\/v2\/media\/200752"}],"wp:attachment":[{"href":"https:\/\/mspontocom.com.br\/site\/wp-json\/wp\/v2\/media?parent=200742"}],"wp:term":[{"taxonomy":"category","embeddable":true,"href":"https:\/\/mspontocom.com.br\/site\/wp-json\/wp\/v2\/categories?post=200742"},{"taxonomy":"post_tag","embeddable":true,"href":"https:\/\/mspontocom.com.br\/site\/wp-json\/wp\/v2\/tags?post=200742"}],"curies":[{"name":"wp","href":"https:\/\/api.w.org\/{rel}","templated":true}]}}