{"id":200763,"date":"2025-06-25T06:57:43","date_gmt":"2025-06-25T10:57:43","guid":{"rendered":"https:\/\/mspontocom.com.br\/site\/?p=200763"},"modified":"2025-06-25T06:57:43","modified_gmt":"2025-06-25T10:57:43","slug":"paulo-figueiredo-pede-que-eua-apliquem-sancoes-a-moraes-em-30-dias","status":"publish","type":"post","link":"https:\/\/mspontocom.com.br\/site\/paulo-figueiredo-pede-que-eua-apliquem-sancoes-a-moraes-em-30-dias\/","title":{"rendered":"Paulo Figueiredo pede que EUA apliquem san\u00e7\u00f5es a Moraes em 30 dias"},"content":{"rendered":"<p style=\"text-align: justify;\"><img loading=\"lazy\" class=\"alignnone size-full wp-image-200774\" src=\"http:\/\/mspontocom.com.br\/site\/wp-content\/uploads\/2025\/06\/site-paulo-figueiredo-pede-que-eua-apliquem-sancoes-a-moraes-em-30-dias-paulo.webp\" alt=\"\" width=\"985\" height=\"568\" srcset=\"https:\/\/mspontocom.com.br\/site\/wp-content\/uploads\/2025\/06\/site-paulo-figueiredo-pede-que-eua-apliquem-sancoes-a-moraes-em-30-dias-paulo.webp 985w, https:\/\/mspontocom.com.br\/site\/wp-content\/uploads\/2025\/06\/site-paulo-figueiredo-pede-que-eua-apliquem-sancoes-a-moraes-em-30-dias-paulo-260x150.webp 260w, https:\/\/mspontocom.com.br\/site\/wp-content\/uploads\/2025\/06\/site-paulo-figueiredo-pede-que-eua-apliquem-sancoes-a-moraes-em-30-dias-paulo-768x443.webp 768w\" sizes=\"(max-width: 985px) 100vw, 985px\" \/>O empres\u00e1rio e jornalista Paulo Figueiredo, um dos 34 denunciados pela PGR\u00a0 por <strong>suposta<\/strong> tentativa de golpe de Estado em 2022, pediu que o governo do presidente dos Estados Unidos,<strong> Donald Trump<\/strong> aplique san\u00e7\u00f5es ao ministro do STF\u00a0 <strong>Alexandre de Moraes<\/strong> em 30 dias.<\/p>\n<p style=\"text-align: justify;\">Em audi\u00eancia na Comiss\u00e3o de Direitos Humanos Tom Lantos, do Congresso norte-americano nesta 3\u00aa feira (24.jun.2025),\u00a0Figueiredo afirmou que Moraes \u00e9 um <strong>\u201cditador disfar\u00e7ado de juiz\u201d<\/strong> e voltou a dizer que \u00e9 perseguido pelo ministro desde 2019.<\/p>\n<blockquote><p><em>&#8220;Em 2022, o Alexandre de Moraes, ministro do STF, ditador do Brasil disfar\u00e7ado de juiz, voltou a me perseguir por relatar verdades inc\u00f4modas. Ele congelou todos os meus bens no Brasil, bloqueou minhas redes sociais, cancelou meu passaporte e me condenou ao ex\u00edlio\u201d, disse. <\/em><\/p><\/blockquote>\n<p style=\"text-align: justify;\">Figueiredo declarou que o seu caso \u201cn\u00e3o \u00e9 isolado, mas parte de uma campanha sistem\u00e1tica\u201d e citou os deputados licenciados, Eduardo Bolsonaro (PL-SP) (que mora nos Estados Unidos) e Carla Zambelli (PL-SP) (que est\u00e1 na It\u00e1lia) \u2013alvos de inqu\u00e9ritos no STF. \u201cHoje, Moraes me insulta me chamando de fugitivo.<\/p>\n<p style=\"text-align: justify;\"><span style=\"font-size: 18pt;\"><strong>MORAES X GOVERNO TRUMP <\/strong><\/span><\/p>\n<p style=\"text-align: justify;\">Em 28 de maio deste ano, o governo Trump anunciou que vai restringir os vistos de autoridades que \u201ccensuram\u201d os norte-americanos e empresas de tecnologia.<\/p>\n<p style=\"text-align: justify;\" align=\"justify\"><span style=\"font-family: Times New Roman, serif;\"><span style=\"font-size: medium;\"><span style=\"color: #ed4c05;\"><i><b>Continue em nossa companhia . Veja mais not\u00edcias em<\/b><\/i><\/span><b>:<\/b> <span style=\"color: #0000ff;\"><u><a href=\"http:\/\/www.mspontocom.com.br\/\">www.mspontocom.com.br<\/a><\/u><\/span><\/span><\/span><\/p>\n<p style=\"text-align: justify;\" align=\"justify\"><span style=\"font-family: Times New Roman, serif;\"><span style=\"font-size: medium;\">Instagram e X:\u00a0 @mspontocom<\/span><\/span><\/p>\n<p style=\"text-align: justify;\">fonte: Poder 360<\/p>\n","protected":false},"excerpt":{"rendered":"<p>O empres\u00e1rio e jornalista Paulo Figueiredo, um dos 34 denunciados pela PGR\u00a0 por suposta tentativa de golpe de Estado em 2022, pediu que o governo do presidente dos Estados Unidos, Donald Trump aplique san\u00e7\u00f5es ao ministro do STF\u00a0 Alexandre de Moraes em 30 dias. Em audi\u00eancia na Comiss\u00e3o de Direitos Humanos Tom Lantos, do Congresso [&hellip;]<\/p>\n","protected":false},"author":2,"featured_media":200774,"comment_status":"open","ping_status":"open","sticky":false,"template":"","format":"standard","meta":{"_monsterinsights_skip_tracking":false,"_monsterinsights_sitenote_active":false,"_monsterinsights_sitenote_note":"","_monsterinsights_sitenote_category":0},"categories":[30260,7,30259,12],"tags":[25268,1539,35247,43159,4409],"aioseo_notices":[],"_links":{"self":[{"href":"https:\/\/mspontocom.com.br\/site\/wp-json\/wp\/v2\/posts\/200763"}],"collection":[{"href":"https:\/\/mspontocom.com.br\/site\/wp-json\/wp\/v2\/posts"}],"about":[{"href":"https:\/\/mspontocom.com.br\/site\/wp-json\/wp\/v2\/types\/post"}],"author":[{"embeddable":true,"href":"https:\/\/mspontocom.com.br\/site\/wp-json\/wp\/v2\/users\/2"}],"replies":[{"embeddable":true,"href":"https:\/\/mspontocom.com.br\/site\/wp-json\/wp\/v2\/comments?post=200763"}],"version-history":[{"count":2,"href":"https:\/\/mspontocom.com.br\/site\/wp-json\/wp\/v2\/posts\/200763\/revisions"}],"predecessor-version":[{"id":200775,"href":"https:\/\/mspontocom.com.br\/site\/wp-json\/wp\/v2\/posts\/200763\/revisions\/200775"}],"wp:featuredmedia":[{"embeddable":true,"href":"https:\/\/mspontocom.com.br\/site\/wp-json\/wp\/v2\/media\/200774"}],"wp:attachment":[{"href":"https:\/\/mspontocom.com.br\/site\/wp-json\/wp\/v2\/media?parent=200763"}],"wp:term":[{"taxonomy":"category","embeddable":true,"href":"https:\/\/mspontocom.com.br\/site\/wp-json\/wp\/v2\/categories?post=200763"},{"taxonomy":"post_tag","embeddable":true,"href":"https:\/\/mspontocom.com.br\/site\/wp-json\/wp\/v2\/tags?post=200763"}],"curies":[{"name":"wp","href":"https:\/\/api.w.org\/{rel}","templated":true}]}}