{"id":200780,"date":"2025-06-25T05:06:47","date_gmt":"2025-06-25T09:06:47","guid":{"rendered":"https:\/\/mspontocom.com.br\/site\/?p=200780"},"modified":"2025-06-25T08:32:40","modified_gmt":"2025-06-25T12:32:40","slug":"campo-grande-e-finalista-em-cidades-digitais-e-inteligentes","status":"publish","type":"post","link":"https:\/\/mspontocom.com.br\/site\/campo-grande-e-finalista-em-cidades-digitais-e-inteligentes\/","title":{"rendered":"Campo Grande \u00e9 finalista em Cidades Digitais e Inteligentes"},"content":{"rendered":"<p style=\"text-align: justify;\"><img loading=\"lazy\" class=\"alignnone size-full wp-image-200790\" src=\"http:\/\/mspontocom.com.br\/site\/wp-content\/uploads\/2025\/06\/site-campo-grande-e-finalista-de-cidades-digitais-e-inteligentes-congresso-1.jpg\" alt=\"\" width=\"800\" height=\"450\" srcset=\"https:\/\/mspontocom.com.br\/site\/wp-content\/uploads\/2025\/06\/site-campo-grande-e-finalista-de-cidades-digitais-e-inteligentes-congresso-1.jpg 800w, https:\/\/mspontocom.com.br\/site\/wp-content\/uploads\/2025\/06\/site-campo-grande-e-finalista-de-cidades-digitais-e-inteligentes-congresso-1-260x146.jpg 260w, https:\/\/mspontocom.com.br\/site\/wp-content\/uploads\/2025\/06\/site-campo-grande-e-finalista-de-cidades-digitais-e-inteligentes-congresso-1-768x432.jpg 768w\" sizes=\"(max-width: 800px) 100vw, 800px\" \/>Campo Grande \u00e9 finalista no 3\u00ba Congresso Sul-mato-grossense de Cidades Digitais e Inteligentes, que acontece nesta quinta e sexta-feira, 26 e 27 de junho, no Bioparque Pantanal.<\/p>\n<p style=\"text-align: justify;\">Junto a outros 10 projetos inovadores, a capital foi reconhecida com a iniciativa \u201cDigitaliza\u00e7\u00e3o da Avalia\u00e7\u00e3o de Risco de Queda de \u00c1rvores\u201d, desenvolvido pela Secretaria Municipal de Meio Ambiente, Desenvolvimento Urbano e Sustent\u00e1vel (Semades).<\/p>\n<p style=\"text-align: justify;\">A auditora fiscal de Meio Ambiente da Semades, Silvia Pereira Rahe, explica que at\u00e9 2023 o sistema utilizado atendia apenas parte das demandas da Ger\u00eancia de Arboriza\u00e7\u00e3o.<\/p>\n<blockquote><p><em>\u201cCom o trabalho conjunto entre a ger\u00eancia e a Ag\u00eancia Municipal de Tecnologia da Informa\u00e7\u00e3o e Inova\u00e7\u00e3o, foi implementado o sistema ARBOLINK, que possibilita a gest\u00e3o completa da arboriza\u00e7\u00e3o, desde a solicita\u00e7\u00e3o at\u00e9 o manejo, com foco na avalia\u00e7\u00e3o de risco das \u00e1rvores\u201d,<\/em> disse.<\/p><\/blockquote>\n<p style=\"text-align: justify;\">A prefeita Adriane Lopes, que ir\u00e1 palestrar no evento, ressaltou a import\u00e2ncia de Campo Grande ser reconhecida com projetos que utilizam a tecnologia de forma estrat\u00e9gica na gest\u00e3o p\u00fablica, promovendo melhorias nos servi\u00e7os oferecidos \u00e0 popula\u00e7\u00e3o e impactando positivamente o desenvolvimento urbano.<\/p>\n<blockquote><p><em>\u201cCampo Grande \u00e9 refer\u00eancia quando se fala em moderniza\u00e7\u00e3o e investimentos em tecnologia. A cidade \u00e9 pioneira na cria\u00e7\u00e3o do primeiro Parque Tecnol\u00f3gico do Estado, que integra o setor privado, universidades e o poder p\u00fablico por meio de solu\u00e7\u00f5es inovadoras, promovendo tamb\u00e9m a acelera\u00e7\u00e3o de processos digitais\u201d,<\/em> complementou.<\/p><\/blockquote>\n<p style=\"text-align: justify;\" align=\"justify\"><span style=\"font-family: Times New Roman, serif;\"><span style=\"font-size: medium;\"><span style=\"color: #ed4c05;\"><i><b>Continue em nossa companhia . Veja mais not\u00edcias em<\/b><\/i><\/span><b>:<\/b> <span style=\"color: #0000ff;\"><u><a href=\"http:\/\/www.mspontocom.com.br\/\">www.mspontocom.com.br<\/a><\/u><\/span><\/span><\/span><\/p>\n<p style=\"text-align: justify;\" align=\"justify\"><span style=\"font-family: Times New Roman, serif;\"><span style=\"font-size: medium;\">Instagram e X:\u00a0 @mspontocom<\/span><\/span><\/p>\n","protected":false},"excerpt":{"rendered":"<p>Campo Grande \u00e9 finalista no 3\u00ba Congresso Sul-mato-grossense de Cidades Digitais e Inteligentes, que acontece nesta quinta e sexta-feira, 26 e 27 de junho, no Bioparque Pantanal. Junto a outros 10 projetos inovadores, a capital foi reconhecida com a iniciativa \u201cDigitaliza\u00e7\u00e3o da Avalia\u00e7\u00e3o de Risco de Queda de \u00c1rvores\u201d, desenvolvido pela Secretaria Municipal de Meio [&hellip;]<\/p>\n","protected":false},"author":2,"featured_media":200790,"comment_status":"open","ping_status":"open","sticky":false,"template":"","format":"standard","meta":{"_monsterinsights_skip_tracking":false,"_monsterinsights_sitenote_active":false,"_monsterinsights_sitenote_note":"","_monsterinsights_sitenote_category":0},"categories":[4328],"tags":[123,43161,33777],"aioseo_notices":[],"_links":{"self":[{"href":"https:\/\/mspontocom.com.br\/site\/wp-json\/wp\/v2\/posts\/200780"}],"collection":[{"href":"https:\/\/mspontocom.com.br\/site\/wp-json\/wp\/v2\/posts"}],"about":[{"href":"https:\/\/mspontocom.com.br\/site\/wp-json\/wp\/v2\/types\/post"}],"author":[{"embeddable":true,"href":"https:\/\/mspontocom.com.br\/site\/wp-json\/wp\/v2\/users\/2"}],"replies":[{"embeddable":true,"href":"https:\/\/mspontocom.com.br\/site\/wp-json\/wp\/v2\/comments?post=200780"}],"version-history":[{"count":2,"href":"https:\/\/mspontocom.com.br\/site\/wp-json\/wp\/v2\/posts\/200780\/revisions"}],"predecessor-version":[{"id":200791,"href":"https:\/\/mspontocom.com.br\/site\/wp-json\/wp\/v2\/posts\/200780\/revisions\/200791"}],"wp:featuredmedia":[{"embeddable":true,"href":"https:\/\/mspontocom.com.br\/site\/wp-json\/wp\/v2\/media\/200790"}],"wp:attachment":[{"href":"https:\/\/mspontocom.com.br\/site\/wp-json\/wp\/v2\/media?parent=200780"}],"wp:term":[{"taxonomy":"category","embeddable":true,"href":"https:\/\/mspontocom.com.br\/site\/wp-json\/wp\/v2\/categories?post=200780"},{"taxonomy":"post_tag","embeddable":true,"href":"https:\/\/mspontocom.com.br\/site\/wp-json\/wp\/v2\/tags?post=200780"}],"curies":[{"name":"wp","href":"https:\/\/api.w.org\/{rel}","templated":true}]}}