{"id":200979,"date":"2025-07-02T05:02:40","date_gmt":"2025-07-02T09:02:40","guid":{"rendered":"https:\/\/mspontocom.com.br\/site\/?p=200979"},"modified":"2025-07-02T07:25:18","modified_gmt":"2025-07-02T11:25:18","slug":"prefeitura-e-uems-ampliam-parceria-para-levar-cursos-e-servicos-gratuitos-a-populacao","status":"publish","type":"post","link":"https:\/\/mspontocom.com.br\/site\/prefeitura-e-uems-ampliam-parceria-para-levar-cursos-e-servicos-gratuitos-a-populacao\/","title":{"rendered":"Prefeitura e UEMS ampliam parceria para levar cursos e servi\u00e7os gratuitos \u00e0 popula\u00e7\u00e3o"},"content":{"rendered":"<p style=\"text-align: justify;\"><img loading=\"lazy\" class=\"alignnone size-full wp-image-200985\" src=\"http:\/\/mspontocom.com.br\/site\/wp-content\/uploads\/2025\/07\/site-prefeitura-e-uems-ampliam-parceria-para-levar-cursos-e-servicos-gratuitos-a-populacao-uems.jpeg\" alt=\"\" width=\"1536\" height=\"1025\" srcset=\"https:\/\/mspontocom.com.br\/site\/wp-content\/uploads\/2025\/07\/site-prefeitura-e-uems-ampliam-parceria-para-levar-cursos-e-servicos-gratuitos-a-populacao-uems.jpeg 1536w, https:\/\/mspontocom.com.br\/site\/wp-content\/uploads\/2025\/07\/site-prefeitura-e-uems-ampliam-parceria-para-levar-cursos-e-servicos-gratuitos-a-populacao-uems-260x174.jpeg 260w, https:\/\/mspontocom.com.br\/site\/wp-content\/uploads\/2025\/07\/site-prefeitura-e-uems-ampliam-parceria-para-levar-cursos-e-servicos-gratuitos-a-populacao-uems-1024x683.jpeg 1024w, https:\/\/mspontocom.com.br\/site\/wp-content\/uploads\/2025\/07\/site-prefeitura-e-uems-ampliam-parceria-para-levar-cursos-e-servicos-gratuitos-a-populacao-uems-768x513.jpeg 768w\" sizes=\"(max-width: 1536px) 100vw, 1536px\" \/>Com foco no desenvolvimento social, educacional e econ\u00f4mico de Campo Grande, a <strong>Prefeitura<\/strong> e a Universidade Estadual de Mato Grosso do Sul<strong> (UEMS)<\/strong> alinharam uma nova parceria estrat\u00e9gica que vai garantir a amplia\u00e7\u00e3o de cursos de capacita\u00e7\u00e3o, servi\u00e7os gratuitos e a\u00e7\u00f5es integradas em diversas regi\u00f5es da Capital, com aten\u00e7\u00e3o especial \u00e0 juventude.<\/p>\n<p style=\"text-align: justify;\">A iniciativa vai fortalecer a atua\u00e7\u00e3o conjunta entre a administra\u00e7\u00e3o municipal e a institui\u00e7\u00e3o de ensino superior, permitindo que mais pessoas tenham acesso \u00e0 forma\u00e7\u00e3o profissional, informa\u00e7\u00e3o de qualidade e oportunidades que contribuam para melhorar a qualidade de vida da popula\u00e7\u00e3o.<\/p>\n<p style=\"text-align: justify;\">A proposta envolve diversas secretarias, entre elas Sa\u00fade, Educa\u00e7\u00e3o e Juventude, al\u00e9m do Parktec CG, para atender diferentes demandas da cidade.<\/p>\n<p style=\"text-align: justify;\">Durante reuni\u00e3o realizada nesta ter\u00e7a-feira (1\u00ba) no Pa\u00e7o Municipal, a prefeita <strong>Adriane Lopes<\/strong> destacou o papel da UEMS como parceira essencial em a\u00e7\u00f5es j\u00e1 reconhecidas, como o Mutir\u00e3o \u201cTodos em A\u00e7\u00e3o\u201d, e anunciou a amplia\u00e7\u00e3o dessa coopera\u00e7\u00e3o com foco no futuro da cidade.<\/p>\n<blockquote><p><em>\u201cJ\u00e1 estamos desenvolvendo o projeto de internacionaliza\u00e7\u00e3o de Campo Grande e, nesse cen\u00e1rio, o dom\u00ednio do espanhol \u00e9 fundamental para facilitar neg\u00f3cios e conex\u00f5es com outros pa\u00edses. Vamos investir em projetos de capacita\u00e7\u00e3o com esse foco, preparando nossos jovens para os desafios da Rota Bioce\u00e2nica\u201d, afirmou.<\/em><\/p><\/blockquote>\n<p style=\"text-align: justify;\">Segundo a pr\u00f3-reitora de Extens\u00e3o, Cultura e Assuntos Comunit\u00e1rios da UEMS, Erika Kaneta Ferri, a amplia\u00e7\u00e3o dessa colabora\u00e7\u00e3o institucional representa um passo significativo rumo \u00e0 transforma\u00e7\u00e3o social por meio da educa\u00e7\u00e3o.<\/p>\n<blockquote><p><em>\u201cTemos diversos projetos voltados \u00e0 inclus\u00e3o social e um compromisso permanente com as comunidades. A atual gest\u00e3o municipal foi um divisor de \u00e1guas nesse processo. A abertura ao di\u00e1logo e a disposi\u00e7\u00e3o para parcerias que encontramos na Prefeitura s\u00e3o exatamente o que sempre buscamos. Esse avan\u00e7o \u00e9 fundamental para o desenvolvimento n\u00e3o apenas de Campo Grande, mas de todo o nosso Estado\u201d, avaliou.<\/em><\/p><\/blockquote>\n<p style=\"text-align: justify;\">A expectativa \u00e9 que as a\u00e7\u00f5es, que ser\u00e3o divulgadas em breve, integrem servi\u00e7os, forma\u00e7\u00e3o e inova\u00e7\u00e3o em diferentes \u00e1reas, beneficiando diretamente a popula\u00e7\u00e3o em seus territ\u00f3rios.<\/p>\n","protected":false},"excerpt":{"rendered":"<p>Com foco no desenvolvimento social, educacional e econ\u00f4mico de Campo Grande, a Prefeitura e a Universidade Estadual de Mato Grosso do Sul (UEMS) alinharam uma nova parceria estrat\u00e9gica que vai garantir a amplia\u00e7\u00e3o de cursos de capacita\u00e7\u00e3o, servi\u00e7os gratuitos e a\u00e7\u00f5es integradas em diversas regi\u00f5es da Capital, com aten\u00e7\u00e3o especial \u00e0 juventude. A iniciativa vai [&hellip;]<\/p>\n","protected":false},"author":2,"featured_media":200985,"comment_status":"open","ping_status":"open","sticky":false,"template":"","format":"standard","meta":{"_monsterinsights_skip_tracking":false,"_monsterinsights_sitenote_active":false,"_monsterinsights_sitenote_note":"","_monsterinsights_sitenote_category":0},"categories":[4328],"tags":[],"aioseo_notices":[],"_links":{"self":[{"href":"https:\/\/mspontocom.com.br\/site\/wp-json\/wp\/v2\/posts\/200979"}],"collection":[{"href":"https:\/\/mspontocom.com.br\/site\/wp-json\/wp\/v2\/posts"}],"about":[{"href":"https:\/\/mspontocom.com.br\/site\/wp-json\/wp\/v2\/types\/post"}],"author":[{"embeddable":true,"href":"https:\/\/mspontocom.com.br\/site\/wp-json\/wp\/v2\/users\/2"}],"replies":[{"embeddable":true,"href":"https:\/\/mspontocom.com.br\/site\/wp-json\/wp\/v2\/comments?post=200979"}],"version-history":[{"count":2,"href":"https:\/\/mspontocom.com.br\/site\/wp-json\/wp\/v2\/posts\/200979\/revisions"}],"predecessor-version":[{"id":200986,"href":"https:\/\/mspontocom.com.br\/site\/wp-json\/wp\/v2\/posts\/200979\/revisions\/200986"}],"wp:featuredmedia":[{"embeddable":true,"href":"https:\/\/mspontocom.com.br\/site\/wp-json\/wp\/v2\/media\/200985"}],"wp:attachment":[{"href":"https:\/\/mspontocom.com.br\/site\/wp-json\/wp\/v2\/media?parent=200979"}],"wp:term":[{"taxonomy":"category","embeddable":true,"href":"https:\/\/mspontocom.com.br\/site\/wp-json\/wp\/v2\/categories?post=200979"},{"taxonomy":"post_tag","embeddable":true,"href":"https:\/\/mspontocom.com.br\/site\/wp-json\/wp\/v2\/tags?post=200979"}],"curies":[{"name":"wp","href":"https:\/\/api.w.org\/{rel}","templated":true}]}}