{"id":201187,"date":"2025-07-09T05:57:05","date_gmt":"2025-07-09T09:57:05","guid":{"rendered":"https:\/\/mspontocom.com.br\/site\/?p=201187"},"modified":"2025-07-09T05:57:05","modified_gmt":"2025-07-09T09:57:05","slug":"medidas-contra-moraes-podem-ser-anunciadas-em-semanas-diz-ex-casa-branca","status":"publish","type":"post","link":"https:\/\/mspontocom.com.br\/site\/medidas-contra-moraes-podem-ser-anunciadas-em-semanas-diz-ex-casa-branca\/","title":{"rendered":"Medidas contra Moraes podem ser anunciadas em semanas, diz ex-Casa Branca"},"content":{"rendered":"<p style=\"text-align: justify;\"><img loading=\"lazy\" class=\"alignnone size-full wp-image-201193\" src=\"http:\/\/mspontocom.com.br\/site\/wp-content\/uploads\/2025\/07\/site-medidas-contra-moraes-podem-ser-anunciadas-em-semanas-diz-ex-casa-branca-donald-trump-alexandre-de-moraes-jair-bolsonaro.webp\" alt=\"\" width=\"1212\" height=\"909\" srcset=\"https:\/\/mspontocom.com.br\/site\/wp-content\/uploads\/2025\/07\/site-medidas-contra-moraes-podem-ser-anunciadas-em-semanas-diz-ex-casa-branca-donald-trump-alexandre-de-moraes-jair-bolsonaro.webp 1212w, https:\/\/mspontocom.com.br\/site\/wp-content\/uploads\/2025\/07\/site-medidas-contra-moraes-podem-ser-anunciadas-em-semanas-diz-ex-casa-branca-donald-trump-alexandre-de-moraes-jair-bolsonaro-260x195.webp 260w, https:\/\/mspontocom.com.br\/site\/wp-content\/uploads\/2025\/07\/site-medidas-contra-moraes-podem-ser-anunciadas-em-semanas-diz-ex-casa-branca-donald-trump-alexandre-de-moraes-jair-bolsonaro-1024x768.webp 1024w, https:\/\/mspontocom.com.br\/site\/wp-content\/uploads\/2025\/07\/site-medidas-contra-moraes-podem-ser-anunciadas-em-semanas-diz-ex-casa-branca-donald-trump-alexandre-de-moraes-jair-bolsonaro-768x576.webp 768w\" sizes=\"(max-width: 1212px) 100vw, 1212px\" \/>O ex-assessor da Casa Branca\u00a0<strong>Steve Bannon<\/strong>\u00a0afirmou nesta ter\u00e7a-feira (8), em entrevista ao\u00a0<em>UOL<\/em>, que o presidente dos Estados Unidos,\u00a0<strong>Donald Trump<\/strong>\u00a0est\u00e1\u00a0\u201caborrecido\u201d com os processos enfrentados por<strong> Jair Bolsonaro<\/strong> no Brasil.<\/p>\n<p style=\"text-align: justify;\">Trump estuda impor severas san\u00e7\u00f5es ao ministro <strong>Alexandre de Moraes<\/strong>, STF<\/p>\n<p style=\"text-align: justify;\">Segundo Bannon, Trump considera \u201c<strong>inaceit\u00e1vel<\/strong>\u201d o julgamento do ex-presidente brasileiro, que \u00e9 r\u00e9u em investiga\u00e7\u00f5es sobre tentativa de golpe de Estado, entre outros processos. O ex-assessor declarou:<\/p>\n<blockquote class=\"wp-block-quote is-layout-flow wp-block-quote-is-layout-flow\"><p><em>\u201cAcredito que isso vir\u00e1 em semanas.\u201d<\/em><\/p><\/blockquote>\n<h2 id=\"h-sancoes-seriam-motivadas-por-supostas-violacoes-de-direitos\" class=\"wp-block-heading\" style=\"text-align: justify;\">San\u00e7\u00f5es seriam motivadas por supostas viola\u00e7\u00f5es de direitos<\/h2>\n<p style=\"text-align: justify;\">Bannon indicou que\u00a0Trump est\u00e1 ciente da situa\u00e7\u00e3o\u00a0e que h\u00e1\u00a0<strong>\u201cdezenas de pessoas\u201d trabalhando<\/strong>\u00a0para elaborar poss\u00edveis san\u00e7\u00f5es, tanto no\u00a0Executivo americano\u00a0quanto no\u00a0Congresso.<\/p>\n<p style=\"text-align: justify;\">A poss\u00edvel base legal para as san\u00e7\u00f5es seria a\u00a0<strong>Lei Magnitsky<\/strong>, legisla\u00e7\u00e3o dos EUA que permite punir estrangeiros envolvidos em\u00a0viola\u00e7\u00f5es de direitos humanos.<\/p>\n","protected":false},"excerpt":{"rendered":"<p>O ex-assessor da Casa Branca\u00a0Steve Bannon\u00a0afirmou nesta ter\u00e7a-feira (8), em entrevista ao\u00a0UOL, que o presidente dos Estados Unidos,\u00a0Donald Trump\u00a0est\u00e1\u00a0\u201caborrecido\u201d com os processos enfrentados por Jair Bolsonaro no Brasil. Trump estuda impor severas san\u00e7\u00f5es ao ministro Alexandre de Moraes, STF Segundo Bannon, Trump considera \u201cinaceit\u00e1vel\u201d o julgamento do ex-presidente brasileiro, que \u00e9 r\u00e9u em investiga\u00e7\u00f5es sobre [&hellip;]<\/p>\n","protected":false},"author":2,"featured_media":201193,"comment_status":"open","ping_status":"open","sticky":false,"template":"","format":"standard","meta":{"_monsterinsights_skip_tracking":false,"_monsterinsights_sitenote_active":false,"_monsterinsights_sitenote_note":"","_monsterinsights_sitenote_category":0},"categories":[30260,2528,7,30259,12],"tags":[43232,23707,35247,43231,42473],"aioseo_notices":[],"_links":{"self":[{"href":"https:\/\/mspontocom.com.br\/site\/wp-json\/wp\/v2\/posts\/201187"}],"collection":[{"href":"https:\/\/mspontocom.com.br\/site\/wp-json\/wp\/v2\/posts"}],"about":[{"href":"https:\/\/mspontocom.com.br\/site\/wp-json\/wp\/v2\/types\/post"}],"author":[{"embeddable":true,"href":"https:\/\/mspontocom.com.br\/site\/wp-json\/wp\/v2\/users\/2"}],"replies":[{"embeddable":true,"href":"https:\/\/mspontocom.com.br\/site\/wp-json\/wp\/v2\/comments?post=201187"}],"version-history":[{"count":2,"href":"https:\/\/mspontocom.com.br\/site\/wp-json\/wp\/v2\/posts\/201187\/revisions"}],"predecessor-version":[{"id":201194,"href":"https:\/\/mspontocom.com.br\/site\/wp-json\/wp\/v2\/posts\/201187\/revisions\/201194"}],"wp:featuredmedia":[{"embeddable":true,"href":"https:\/\/mspontocom.com.br\/site\/wp-json\/wp\/v2\/media\/201193"}],"wp:attachment":[{"href":"https:\/\/mspontocom.com.br\/site\/wp-json\/wp\/v2\/media?parent=201187"}],"wp:term":[{"taxonomy":"category","embeddable":true,"href":"https:\/\/mspontocom.com.br\/site\/wp-json\/wp\/v2\/categories?post=201187"},{"taxonomy":"post_tag","embeddable":true,"href":"https:\/\/mspontocom.com.br\/site\/wp-json\/wp\/v2\/tags?post=201187"}],"curies":[{"name":"wp","href":"https:\/\/api.w.org\/{rel}","templated":true}]}}