{"id":201189,"date":"2025-07-09T05:45:57","date_gmt":"2025-07-09T09:45:57","guid":{"rendered":"https:\/\/mspontocom.com.br\/site\/?p=201189"},"modified":"2025-07-09T05:45:57","modified_gmt":"2025-07-09T09:45:57","slug":"rejeicao-a-bolsonaro-e-acolhida-a-lula-foi-erro-colossal-da-europa-diz-jornal-alemao","status":"publish","type":"post","link":"https:\/\/mspontocom.com.br\/site\/rejeicao-a-bolsonaro-e-acolhida-a-lula-foi-erro-colossal-da-europa-diz-jornal-alemao\/","title":{"rendered":"Rejei\u00e7\u00e3o a Bolsonaro e acolhida a Lula foi &#8216;erro colossal&#8217; da Europa, diz jornal alem\u00e3o"},"content":{"rendered":"<p style=\"text-align: justify;\"><img loading=\"lazy\" class=\"alignnone size-full wp-image-201191\" src=\"http:\/\/mspontocom.com.br\/site\/wp-content\/uploads\/2025\/07\/site-rejeicao-a-bolsonaro-e-acolhida-a-lula-foi-erro-colossal-da-europa-diz-jornal-alemao-die-welt.webp\" alt=\"\" width=\"800\" height=\"600\" srcset=\"https:\/\/mspontocom.com.br\/site\/wp-content\/uploads\/2025\/07\/site-rejeicao-a-bolsonaro-e-acolhida-a-lula-foi-erro-colossal-da-europa-diz-jornal-alemao-die-welt.webp 800w, https:\/\/mspontocom.com.br\/site\/wp-content\/uploads\/2025\/07\/site-rejeicao-a-bolsonaro-e-acolhida-a-lula-foi-erro-colossal-da-europa-diz-jornal-alemao-die-welt-260x195.webp 260w, https:\/\/mspontocom.com.br\/site\/wp-content\/uploads\/2025\/07\/site-rejeicao-a-bolsonaro-e-acolhida-a-lula-foi-erro-colossal-da-europa-diz-jornal-alemao-die-welt-768x576.webp 768w\" sizes=\"(max-width: 800px) 100vw, 800px\" \/>De acordo com um artigo publicado pelo jornal alem\u00e3o\u00a0<strong><em>Die Welt<\/em>,<\/strong> nesta ter\u00e7a-feira, 8, a <strong>Uni\u00e3o Europeia<\/strong> (UE) cometeu um <strong>\u201cerro precipitado e colossal\u201d<\/strong> ao rejeitar acordos com o Brasil durante o governo Bolsonaro por quest\u00f5es ideol\u00f3gicas e, em seguida, acolher o seu sucessor, o presidente Lula.<\/p>\n<p style=\"text-align: justify;\">Para o jornal, apesar de a Europa considerar o ex-presidente Jair Bolsonaro como um \u201cpopulista de direita\u201d, a sua pol\u00edtica externa estava mais alinhada com os intereresses ocidentais.<\/p>\n<blockquote><p><em>\u201cNingu\u00e9m admitir\u00e1 isso abertamente, mas, de uma perspectiva puramente de pol\u00edtica externa, at\u00e9 mesmo partes do Partido Verde em Berlim e Bruxelas provavelmente prefeririam ver Bolsonaro no comando do Brasil hoje\u201d, diz um trecho do artigo assinado pelo colunista Tobias K\u00e4ufer.<\/em><\/p><\/blockquote>\n<p style=\"text-align: justify;\">O texto destaca que a postura de Bolsonaro em rela\u00e7\u00e3o \u00e0 China, R\u00fassia e Israel \u201cest\u00e1 significativamente mais pr\u00f3xima dos europeus do que Lula, que corteja Moscou, Pequim e Teer\u00e3\u201d.<\/p>\n<h2 id=\"h-ue-paga-o-preco-da-arrogancia\" class=\"wp-block-heading\" style=\"text-align: justify;\">UE paga o pre\u00e7o da \u201carrog\u00e2ncia\u201d<\/h2>\n<p style=\"text-align: justify;\">Segundo o artigo, o cen\u00e1rio atual se deve, em grande parte, ao fato de que \u201ca Europa nunca apreciou verdadeiramente a relev\u00e2ncia internacional do Brasil\u201d.<\/p>\n<blockquote><p><em>\u201cQuando uma janela de oportunidade finalmente se abriu para a Uni\u00e3o Europeia, em 2019, finalizar o acordo de livre com\u00e9rcio UE-Mercosul, Bruxelas perdeu a oportunidade hist\u00f3rica\u201d, diz o texto. \u201cA elite pol\u00edtica europeia era orgulhosa demais para posar para uma foto com o presidente\u00a0 de direita Jair Bolsonaro.\u201d<\/em><\/p><\/blockquote>\n<p style=\"text-align: justify;\">Para o\u00a0<em>Die Welt<\/em>, a Uni\u00e3o Europeia est\u00e1 <strong>\u201cpagando caro\u201d por ser \u201carrogante\u201d<\/strong> com o Brasil durante o governo Bolsonaro.<\/p>\n<p style=\"text-align: justify;\">\n","protected":false},"excerpt":{"rendered":"<p>De acordo com um artigo publicado pelo jornal alem\u00e3o\u00a0Die Welt, nesta ter\u00e7a-feira, 8, a Uni\u00e3o Europeia (UE) cometeu um \u201cerro precipitado e colossal\u201d ao rejeitar acordos com o Brasil durante o governo Bolsonaro por quest\u00f5es ideol\u00f3gicas e, em seguida, acolher o seu sucessor, o presidente Lula. Para o jornal, apesar de a Europa considerar o [&hellip;]<\/p>\n","protected":false},"author":2,"featured_media":201191,"comment_status":"open","ping_status":"open","sticky":false,"template":"","format":"standard","meta":{"_monsterinsights_skip_tracking":false,"_monsterinsights_sitenote_active":false,"_monsterinsights_sitenote_note":"","_monsterinsights_sitenote_category":0},"categories":[30260,15,7,30259,12],"tags":[43227,21017,43230,43228,43229,480,3722,4408,777],"aioseo_notices":[],"_links":{"self":[{"href":"https:\/\/mspontocom.com.br\/site\/wp-json\/wp\/v2\/posts\/201189"}],"collection":[{"href":"https:\/\/mspontocom.com.br\/site\/wp-json\/wp\/v2\/posts"}],"about":[{"href":"https:\/\/mspontocom.com.br\/site\/wp-json\/wp\/v2\/types\/post"}],"author":[{"embeddable":true,"href":"https:\/\/mspontocom.com.br\/site\/wp-json\/wp\/v2\/users\/2"}],"replies":[{"embeddable":true,"href":"https:\/\/mspontocom.com.br\/site\/wp-json\/wp\/v2\/comments?post=201189"}],"version-history":[{"count":2,"href":"https:\/\/mspontocom.com.br\/site\/wp-json\/wp\/v2\/posts\/201189\/revisions"}],"predecessor-version":[{"id":201192,"href":"https:\/\/mspontocom.com.br\/site\/wp-json\/wp\/v2\/posts\/201189\/revisions\/201192"}],"wp:featuredmedia":[{"embeddable":true,"href":"https:\/\/mspontocom.com.br\/site\/wp-json\/wp\/v2\/media\/201191"}],"wp:attachment":[{"href":"https:\/\/mspontocom.com.br\/site\/wp-json\/wp\/v2\/media?parent=201189"}],"wp:term":[{"taxonomy":"category","embeddable":true,"href":"https:\/\/mspontocom.com.br\/site\/wp-json\/wp\/v2\/categories?post=201189"},{"taxonomy":"post_tag","embeddable":true,"href":"https:\/\/mspontocom.com.br\/site\/wp-json\/wp\/v2\/tags?post=201189"}],"curies":[{"name":"wp","href":"https:\/\/api.w.org\/{rel}","templated":true}]}}