{"id":201249,"date":"2025-07-10T04:56:28","date_gmt":"2025-07-10T08:56:28","guid":{"rendered":"https:\/\/mspontocom.com.br\/site\/?p=201249"},"modified":"2025-07-10T07:03:00","modified_gmt":"2025-07-10T11:03:00","slug":"campo-grande-abre-nova-fase-de-gestao-voltada-a-investimentos","status":"publish","type":"post","link":"https:\/\/mspontocom.com.br\/site\/campo-grande-abre-nova-fase-de-gestao-voltada-a-investimentos\/","title":{"rendered":"Campo Grande abre nova fase de gest\u00e3o voltada a investimentos"},"content":{"rendered":"<p style=\"text-align: justify;\"><img loading=\"lazy\" class=\"alignnone size-full wp-image-201254\" src=\"http:\/\/mspontocom.com.br\/site\/wp-content\/uploads\/2025\/07\/site-campo-grande-abre-nova-fase-de-gestao-voltada-a-investimentos-adriane.jpeg\" alt=\"\" width=\"1024\" height=\"683\" srcset=\"https:\/\/mspontocom.com.br\/site\/wp-content\/uploads\/2025\/07\/site-campo-grande-abre-nova-fase-de-gestao-voltada-a-investimentos-adriane.jpeg 1024w, https:\/\/mspontocom.com.br\/site\/wp-content\/uploads\/2025\/07\/site-campo-grande-abre-nova-fase-de-gestao-voltada-a-investimentos-adriane-260x173.jpeg 260w, https:\/\/mspontocom.com.br\/site\/wp-content\/uploads\/2025\/07\/site-campo-grande-abre-nova-fase-de-gestao-voltada-a-investimentos-adriane-768x512.jpeg 768w\" sizes=\"(max-width: 1024px) 100vw, 1024px\" \/>Um dia ap\u00f3s a aprova\u00e7\u00e3o do novo Plano de Equil\u00edbrio Fiscal (PEF) pela C\u00e2mara Municipal, a prefeita <strong>Adriane Lopes<\/strong> se reuniu, na tarde desta quarta-feira (9), com o secretariado municipal para alinhar metas e estrat\u00e9gias da nova fase da gest\u00e3o.<\/p>\n<p style=\"text-align: justify;\">O encontro marca o in\u00edcio de um ciclo de fortalecimento administrativo, com foco em efici\u00eancia, responsabilidade fiscal e amplia\u00e7\u00e3o dos investimentos por toda a cidade.<\/p>\n<p style=\"text-align: justify;\">A medida faz parte da nova etapa da <strong>reforma administrativa<\/strong> proposta pela gest\u00e3o municipal, aprovada pelos vereadores.<\/p>\n<blockquote><p><em>\u201cEssa \u00e9 uma gest\u00e3o comprometida em fazer o certo, fazer o que precisa ser feito. Aprovamos as mudan\u00e7as com responsabilidade e agora vamos avan\u00e7ar ainda mais. A cidade tem pressa, e o nosso trabalho continua firme para entregar resultados em todas as regi\u00f5es\u201d, destacou Adriane Lopes.<\/em><\/p><\/blockquote>\n<p style=\"text-align: justify;\">Durante a reuni\u00e3o, foram discutidos os pr\u00f3ximos passos do plano de a\u00e7\u00e3o integrado entre as pastas, com aten\u00e7\u00e3o especial \u00e0 prioriza\u00e7\u00e3o de investimentos em infraestrutura, sa\u00fade, educa\u00e7\u00e3o, mobilidade urbana e atendimento social.<\/p>\n<p style=\"text-align: justify;\">A prefeita tamb\u00e9m refor\u00e7ou que o plano de<strong> conten\u00e7\u00e3o de gastos<\/strong>, iniciado no in\u00edcio de sua gest\u00e3o, contribuiu significativamente para o equil\u00edbrio das contas p\u00fablicas.<\/p>\n<p style=\"text-align: justify;\">No entanto, destacou a necessidade de novas a\u00e7\u00f5es por parte das secretarias para reduzir ainda mais os custos e ampliar a capacidade de investimento do munic\u00edpio em projetos estruturantes.<\/p>\n<p style=\"text-align: justify;\">Entre as prioridades estabelecidas para essa nova fase da gest\u00e3o, est\u00e3o os investimentos em infraestrutura urbana, com foco na pavimenta\u00e7\u00e3o e no recapeamento de vias, al\u00e9m da continuidade de obras em andamento e o in\u00edcio de novos projetos.<\/p>\n<p style=\"text-align: justify;\">O Plano de Equil\u00edbrio Fiscal \u00e9 considerado um divisor de \u00e1guas na atual gest\u00e3o.<\/p>\n<p style=\"text-align: justify;\">\n","protected":false},"excerpt":{"rendered":"<p>Um dia ap\u00f3s a aprova\u00e7\u00e3o do novo Plano de Equil\u00edbrio Fiscal (PEF) pela C\u00e2mara Municipal, a prefeita Adriane Lopes se reuniu, na tarde desta quarta-feira (9), com o secretariado municipal para alinhar metas e estrat\u00e9gias da nova fase da gest\u00e3o. O encontro marca o in\u00edcio de um ciclo de fortalecimento administrativo, com foco em efici\u00eancia, [&hellip;]<\/p>\n","protected":false},"author":2,"featured_media":201254,"comment_status":"open","ping_status":"open","sticky":false,"template":"","format":"standard","meta":{"_monsterinsights_skip_tracking":false,"_monsterinsights_sitenote_active":false,"_monsterinsights_sitenote_note":"","_monsterinsights_sitenote_category":0},"categories":[4328,15],"tags":[123,25070,931,43241],"aioseo_notices":[],"_links":{"self":[{"href":"https:\/\/mspontocom.com.br\/site\/wp-json\/wp\/v2\/posts\/201249"}],"collection":[{"href":"https:\/\/mspontocom.com.br\/site\/wp-json\/wp\/v2\/posts"}],"about":[{"href":"https:\/\/mspontocom.com.br\/site\/wp-json\/wp\/v2\/types\/post"}],"author":[{"embeddable":true,"href":"https:\/\/mspontocom.com.br\/site\/wp-json\/wp\/v2\/users\/2"}],"replies":[{"embeddable":true,"href":"https:\/\/mspontocom.com.br\/site\/wp-json\/wp\/v2\/comments?post=201249"}],"version-history":[{"count":2,"href":"https:\/\/mspontocom.com.br\/site\/wp-json\/wp\/v2\/posts\/201249\/revisions"}],"predecessor-version":[{"id":201255,"href":"https:\/\/mspontocom.com.br\/site\/wp-json\/wp\/v2\/posts\/201249\/revisions\/201255"}],"wp:featuredmedia":[{"embeddable":true,"href":"https:\/\/mspontocom.com.br\/site\/wp-json\/wp\/v2\/media\/201254"}],"wp:attachment":[{"href":"https:\/\/mspontocom.com.br\/site\/wp-json\/wp\/v2\/media?parent=201249"}],"wp:term":[{"taxonomy":"category","embeddable":true,"href":"https:\/\/mspontocom.com.br\/site\/wp-json\/wp\/v2\/categories?post=201249"},{"taxonomy":"post_tag","embeddable":true,"href":"https:\/\/mspontocom.com.br\/site\/wp-json\/wp\/v2\/tags?post=201249"}],"curies":[{"name":"wp","href":"https:\/\/api.w.org\/{rel}","templated":true}]}}