{"id":201282,"date":"2025-07-11T05:54:12","date_gmt":"2025-07-11T09:54:12","guid":{"rendered":"https:\/\/mspontocom.com.br\/site\/?p=201282"},"modified":"2025-07-11T08:07:46","modified_gmt":"2025-07-11T12:07:46","slug":"prefeitura-de-campo-grande-promove-semana-da-tecnologia-da-juventude-inscricoes-abertas","status":"publish","type":"post","link":"https:\/\/mspontocom.com.br\/site\/prefeitura-de-campo-grande-promove-semana-da-tecnologia-da-juventude-inscricoes-abertas\/","title":{"rendered":"Prefeitura de Campo Grande promove Semana da Tecnologia da Juventude. Inscri\u00e7\u00f5es abertas"},"content":{"rendered":"<p style=\"text-align: justify;\"><img loading=\"lazy\" class=\"alignnone size-full wp-image-201284\" src=\"http:\/\/mspontocom.com.br\/site\/wp-content\/uploads\/2025\/07\/site-prefeitura-promove-semana-da-tecnologia-da-juventude-inscricoes-abertas-tecnologia-prefcg-arte1-1536x1174-1.jpeg\" alt=\"\" width=\"1536\" height=\"1174\" srcset=\"https:\/\/mspontocom.com.br\/site\/wp-content\/uploads\/2025\/07\/site-prefeitura-promove-semana-da-tecnologia-da-juventude-inscricoes-abertas-tecnologia-prefcg-arte1-1536x1174-1.jpeg 1536w, https:\/\/mspontocom.com.br\/site\/wp-content\/uploads\/2025\/07\/site-prefeitura-promove-semana-da-tecnologia-da-juventude-inscricoes-abertas-tecnologia-prefcg-arte1-1536x1174-1-260x199.jpeg 260w, https:\/\/mspontocom.com.br\/site\/wp-content\/uploads\/2025\/07\/site-prefeitura-promove-semana-da-tecnologia-da-juventude-inscricoes-abertas-tecnologia-prefcg-arte1-1536x1174-1-1024x783.jpeg 1024w, https:\/\/mspontocom.com.br\/site\/wp-content\/uploads\/2025\/07\/site-prefeitura-promove-semana-da-tecnologia-da-juventude-inscricoes-abertas-tecnologia-prefcg-arte1-1536x1174-1-768x587.jpeg 768w\" sizes=\"(max-width: 1536px) 100vw, 1536px\" \/>A Prefeitura de Campo Grande em parceria com a Faculdade de Computa\u00e7\u00e3o da UFMS\u00a0 e a empresa Digix,\u00a0 realiza, entre os dias <strong>15 e 18 de julho<\/strong>, a primeira edi\u00e7\u00e3o da Semana da Tecnologia e Inova\u00e7\u00e3o da Juventude.<\/p>\n<p style=\"text-align: justify;\"><strong>O evento ser\u00e1 realizado das 13h30 \u00e0s 17h, na sede da SEJUV, localizada no 3\u00ba andar do Shopping Marrakech.<\/strong><\/p>\n<p style=\"text-align: justify;\">Durante os tr\u00eas primeiros dias, os participantes poder\u00e3o participar de um curso de inform\u00e1tica b\u00e1sica, com foco em inclus\u00e3o digital.<\/p>\n<p style=\"text-align: justify;\">Al\u00e9m disso, a programa\u00e7\u00e3o conta com minicursos, workshops e exposi\u00e7\u00f5es tecnol\u00f3gicas, todos desenvolvidos em parceria com estudantes e professores da UFMS, bem como colaboradores da ag\u00eancia de tecnologia e desenvolvedores da Digix.<\/p>\n<p style=\"text-align: justify;\">Entre os temas abordados est\u00e3o: intelig\u00eancia artificial, realidade virtual aumentada, drones, desenvolvimento de jogos e aplicativos, produ\u00e7\u00e3o musical com tecnologia, rob\u00f3tica e as chamadas \u201ccarreiras do futuro\u201d.<\/p>\n<p style=\"text-align: justify;\">O objetivo da iniciativa \u00e9 despertar o interesse da juventude pelas \u00e1reas de tecnologia e inova\u00e7\u00e3o, proporcionando um ambiente de aprendizado, troca de experi\u00eancias e est\u00edmulo \u00e0 criatividade.<\/p>\n<p style=\"text-align: justify;\"><strong>As inscri\u00e7\u00f5es s\u00e3o gratuitas e devem ser feitas pelo<\/strong> site<a href=\"https:\/\/sejuvcg.campogrande.ms.gov.br\/home\">:https:\/\/sejuvcg.campogrande.ms.gov.br\/home<\/a><\/p>\n<p style=\"text-align: justify;\"><strong>Para mais informa\u00e7\u00f5es, entre em contato com a SEJUV pelo WhatsApp: (67) 99972-3716.<\/strong><\/p>\n","protected":false},"excerpt":{"rendered":"<p>A Prefeitura de Campo Grande em parceria com a Faculdade de Computa\u00e7\u00e3o da UFMS\u00a0 e a empresa Digix,\u00a0 realiza, entre os dias 15 e 18 de julho, a primeira edi\u00e7\u00e3o da Semana da Tecnologia e Inova\u00e7\u00e3o da Juventude. O evento ser\u00e1 realizado das 13h30 \u00e0s 17h, na sede da SEJUV, localizada no 3\u00ba andar do [&hellip;]<\/p>\n","protected":false},"author":2,"featured_media":201284,"comment_status":"open","ping_status":"open","sticky":false,"template":"","format":"standard","meta":{"_monsterinsights_skip_tracking":false,"_monsterinsights_sitenote_active":false,"_monsterinsights_sitenote_note":"","_monsterinsights_sitenote_category":0},"categories":[4328,70],"tags":[123,455,15054,165,21985,362],"aioseo_notices":[],"_links":{"self":[{"href":"https:\/\/mspontocom.com.br\/site\/wp-json\/wp\/v2\/posts\/201282"}],"collection":[{"href":"https:\/\/mspontocom.com.br\/site\/wp-json\/wp\/v2\/posts"}],"about":[{"href":"https:\/\/mspontocom.com.br\/site\/wp-json\/wp\/v2\/types\/post"}],"author":[{"embeddable":true,"href":"https:\/\/mspontocom.com.br\/site\/wp-json\/wp\/v2\/users\/2"}],"replies":[{"embeddable":true,"href":"https:\/\/mspontocom.com.br\/site\/wp-json\/wp\/v2\/comments?post=201282"}],"version-history":[{"count":2,"href":"https:\/\/mspontocom.com.br\/site\/wp-json\/wp\/v2\/posts\/201282\/revisions"}],"predecessor-version":[{"id":201285,"href":"https:\/\/mspontocom.com.br\/site\/wp-json\/wp\/v2\/posts\/201282\/revisions\/201285"}],"wp:featuredmedia":[{"embeddable":true,"href":"https:\/\/mspontocom.com.br\/site\/wp-json\/wp\/v2\/media\/201284"}],"wp:attachment":[{"href":"https:\/\/mspontocom.com.br\/site\/wp-json\/wp\/v2\/media?parent=201282"}],"wp:term":[{"taxonomy":"category","embeddable":true,"href":"https:\/\/mspontocom.com.br\/site\/wp-json\/wp\/v2\/categories?post=201282"},{"taxonomy":"post_tag","embeddable":true,"href":"https:\/\/mspontocom.com.br\/site\/wp-json\/wp\/v2\/tags?post=201282"}],"curies":[{"name":"wp","href":"https:\/\/api.w.org\/{rel}","templated":true}]}}