{"id":201343,"date":"2025-07-14T04:03:25","date_gmt":"2025-07-14T08:03:25","guid":{"rendered":"https:\/\/mspontocom.com.br\/site\/?p=201343"},"modified":"2025-07-14T07:27:09","modified_gmt":"2025-07-14T11:27:09","slug":"prefeita-visita-cmo-e-destaca-parceria-com-o-exercito-em-acoes-culturais-e-sociais","status":"publish","type":"post","link":"https:\/\/mspontocom.com.br\/site\/prefeita-visita-cmo-e-destaca-parceria-com-o-exercito-em-acoes-culturais-e-sociais\/","title":{"rendered":"Prefeita visita CMO e destaca parceria com o Ex\u00e9rcito em a\u00e7\u00f5es culturais e sociais"},"content":{"rendered":"<p style=\"text-align: justify;\"><img loading=\"lazy\" class=\"alignnone size-full wp-image-201344\" src=\"http:\/\/mspontocom.com.br\/site\/wp-content\/uploads\/2025\/07\/site-prefeita-visita-cmo-e-destaca-parceria-com-o-exercito-em-acoes-culturais-e-sociais-cmo-e1752492378597.jpeg\" alt=\"\" width=\"1240\" height=\"802\" srcset=\"https:\/\/mspontocom.com.br\/site\/wp-content\/uploads\/2025\/07\/site-prefeita-visita-cmo-e-destaca-parceria-com-o-exercito-em-acoes-culturais-e-sociais-cmo-e1752492378597.jpeg 1240w, https:\/\/mspontocom.com.br\/site\/wp-content\/uploads\/2025\/07\/site-prefeita-visita-cmo-e-destaca-parceria-com-o-exercito-em-acoes-culturais-e-sociais-cmo-e1752492378597-260x168.jpeg 260w, https:\/\/mspontocom.com.br\/site\/wp-content\/uploads\/2025\/07\/site-prefeita-visita-cmo-e-destaca-parceria-com-o-exercito-em-acoes-culturais-e-sociais-cmo-e1752492378597-1024x662.jpeg 1024w, https:\/\/mspontocom.com.br\/site\/wp-content\/uploads\/2025\/07\/site-prefeita-visita-cmo-e-destaca-parceria-com-o-exercito-em-acoes-culturais-e-sociais-cmo-e1752492378597-768x497.jpeg 768w\" sizes=\"(max-width: 1240px) 100vw, 1240px\" \/>A prefeita de Campo Grande, Adriane Lopes, esteve\u00a0 no Comando Militar do Oeste (CMO) para uma visita institucional marcada pelo clima de despedida do general de Ex\u00e9rcito Baganha, que deixa o comando da unidade para assumir nova fun\u00e7\u00e3o em Bras\u00edlia, a partir de agosto.<\/p>\n<p style=\"text-align: justify;\">Durante o encontro, a prefeita destacou o papel estrat\u00e9gico do Ex\u00e9rcito nas parcerias com o munic\u00edpio em \u00e1reas como cultura, assist\u00eancia social, sa\u00fade e resposta a emerg\u00eancias.<\/p>\n<blockquote><p><em>\u201cO Comando Militar do Oeste sempre foi um grande parceiro da nossa Capital. Viemos agradecer ao general Baganha pela dedica\u00e7\u00e3o e pelo apoio \u00e0 cidade, desejando sucesso nessa nova etapa de sua trajet\u00f3ria\u201d, afirmou Adriane.<\/em><\/p><\/blockquote>\n<p style=\"text-align: justify;\">Entre os marcos da coopera\u00e7\u00e3o est\u00e1 a cess\u00e3o de uso do pr\u00e9dio hist\u00f3rico Mello e C\u00e1ceres, propriedade do Ex\u00e9rcito Brasileiro que abriga a Casa da Cultura. O espa\u00e7o se tornou refer\u00eancia em manifesta\u00e7\u00f5es art\u00edsticas e inclus\u00e3o social na cidade.<\/p>\n<p style=\"text-align: justify;\">Desde a reinaugura\u00e7\u00e3o, a Casa da Cultura j\u00e1 ofereceu mais de 30 cursos e oficinas gratuitas nas \u00e1reas de m\u00fasica, dan\u00e7a e artes visuais, al\u00e9m de sediar exposi\u00e7\u00f5es, lan\u00e7amentos de livros, rodas de conversa e apresenta\u00e7\u00f5es culturais.<\/p>\n<p style=\"text-align: justify;\">A programa\u00e7\u00e3o tem valorizado a produ\u00e7\u00e3o local com iniciativas como aulas de dan\u00e7a flamenca, dan\u00e7a indiana, pintura com artistas regionais e cursos de instrumentos musicais como viol\u00e3o, saxofone e acordeon.<\/p>\n<p style=\"text-align: justify;\">Outro exemplo da atua\u00e7\u00e3o conjunta foi registrado ap\u00f3s o inc\u00eandio que atingiu a Comunidade Mandela, em novembro de 2023.<\/p>\n<p style=\"text-align: justify;\">Na ocasi\u00e3o, o Ex\u00e9rcito prestou apoio direto \u00e0s fam\u00edlias desabrigadas com o fornecimento de lonas para estruturas emergenciais, kits de alimenta\u00e7\u00e3o, \u00e1gua pot\u00e1vel e suporte \u00e0s a\u00e7\u00f5es municipais de sa\u00fade e assist\u00eancia social.<\/p>\n","protected":false},"excerpt":{"rendered":"<p>A prefeita de Campo Grande, Adriane Lopes, esteve\u00a0 no Comando Militar do Oeste (CMO) para uma visita institucional marcada pelo clima de despedida do general de Ex\u00e9rcito Baganha, que deixa o comando da unidade para assumir nova fun\u00e7\u00e3o em Bras\u00edlia, a partir de agosto. Durante o encontro, a prefeita destacou o papel estrat\u00e9gico do Ex\u00e9rcito [&hellip;]<\/p>\n","protected":false},"author":2,"featured_media":201344,"comment_status":"open","ping_status":"open","sticky":false,"template":"","format":"standard","meta":{"_monsterinsights_skip_tracking":false,"_monsterinsights_sitenote_active":false,"_monsterinsights_sitenote_note":"","_monsterinsights_sitenote_category":0},"categories":[4328],"tags":[],"aioseo_notices":[],"_links":{"self":[{"href":"https:\/\/mspontocom.com.br\/site\/wp-json\/wp\/v2\/posts\/201343"}],"collection":[{"href":"https:\/\/mspontocom.com.br\/site\/wp-json\/wp\/v2\/posts"}],"about":[{"href":"https:\/\/mspontocom.com.br\/site\/wp-json\/wp\/v2\/types\/post"}],"author":[{"embeddable":true,"href":"https:\/\/mspontocom.com.br\/site\/wp-json\/wp\/v2\/users\/2"}],"replies":[{"embeddable":true,"href":"https:\/\/mspontocom.com.br\/site\/wp-json\/wp\/v2\/comments?post=201343"}],"version-history":[{"count":1,"href":"https:\/\/mspontocom.com.br\/site\/wp-json\/wp\/v2\/posts\/201343\/revisions"}],"predecessor-version":[{"id":201345,"href":"https:\/\/mspontocom.com.br\/site\/wp-json\/wp\/v2\/posts\/201343\/revisions\/201345"}],"wp:featuredmedia":[{"embeddable":true,"href":"https:\/\/mspontocom.com.br\/site\/wp-json\/wp\/v2\/media\/201344"}],"wp:attachment":[{"href":"https:\/\/mspontocom.com.br\/site\/wp-json\/wp\/v2\/media?parent=201343"}],"wp:term":[{"taxonomy":"category","embeddable":true,"href":"https:\/\/mspontocom.com.br\/site\/wp-json\/wp\/v2\/categories?post=201343"},{"taxonomy":"post_tag","embeddable":true,"href":"https:\/\/mspontocom.com.br\/site\/wp-json\/wp\/v2\/tags?post=201343"}],"curies":[{"name":"wp","href":"https:\/\/api.w.org\/{rel}","templated":true}]}}