{"id":201374,"date":"2025-07-15T05:07:35","date_gmt":"2025-07-15T09:07:35","guid":{"rendered":"https:\/\/mspontocom.com.br\/site\/?p=201374"},"modified":"2025-07-15T07:22:48","modified_gmt":"2025-07-15T11:22:48","slug":"fiems-promove-acao-cidadania-todosporelas-pelo-fim-do-feminicidio-no-sabado","status":"publish","type":"post","link":"https:\/\/mspontocom.com.br\/site\/fiems-promove-acao-cidadania-todosporelas-pelo-fim-do-feminicidio-no-sabado\/","title":{"rendered":"Fiems promove A\u00e7\u00e3o Cidadania #TodosPorElas &#8211; pelo Fim do Feminic\u00eddio no s\u00e1bado"},"content":{"rendered":"<p class=\"m_6886064452371081756MsoNoSpacing\" style=\"text-align: justify;\"><img loading=\"lazy\" class=\"alignnone size-full wp-image-201379\" src=\"http:\/\/mspontocom.com.br\/site\/wp-content\/uploads\/2025\/07\/site-fiems-promove-acao-cidadania-todosporelas-pelo-fim-do-feminicidio-no-sabado-acao-cidadania-3.jpg\" alt=\"\" width=\"1920\" height=\"1080\" srcset=\"https:\/\/mspontocom.com.br\/site\/wp-content\/uploads\/2025\/07\/site-fiems-promove-acao-cidadania-todosporelas-pelo-fim-do-feminicidio-no-sabado-acao-cidadania-3.jpg 1920w, https:\/\/mspontocom.com.br\/site\/wp-content\/uploads\/2025\/07\/site-fiems-promove-acao-cidadania-todosporelas-pelo-fim-do-feminicidio-no-sabado-acao-cidadania-3-260x146.jpg 260w, https:\/\/mspontocom.com.br\/site\/wp-content\/uploads\/2025\/07\/site-fiems-promove-acao-cidadania-todosporelas-pelo-fim-do-feminicidio-no-sabado-acao-cidadania-3-1024x576.jpg 1024w, https:\/\/mspontocom.com.br\/site\/wp-content\/uploads\/2025\/07\/site-fiems-promove-acao-cidadania-todosporelas-pelo-fim-do-feminicidio-no-sabado-acao-cidadania-3-768x432.jpg 768w, https:\/\/mspontocom.com.br\/site\/wp-content\/uploads\/2025\/07\/site-fiems-promove-acao-cidadania-todosporelas-pelo-fim-do-feminicidio-no-sabado-acao-cidadania-3-1536x864.jpg 1536w\" sizes=\"(max-width: 1920px) 100vw, 1920px\" \/>Em uma iniciativa in\u00e9dita, o <strong>Sistema Fiems<\/strong> e parceiros promovem o <strong>A\u00e7\u00e3o Cidadania #TodosPorElas pelo Fim do Feminic\u00eddio.<\/strong><\/p>\n<p class=\"m_6886064452371081756MsoNoSpacing\" style=\"text-align: justify;\">O maior evento de cidadania de Mato Grosso do Sul ir\u00e1 levar conscientiza\u00e7\u00e3o sobre a seguran\u00e7a das mulheres e o combate \u00e0 viol\u00eancia de g\u00eanero.<u><\/u><u><\/u><u><\/u>\u00a0<u><\/u><\/p>\n<p class=\"m_6886064452371081756MsoNoSpacing\" style=\"text-align: justify;\">O A\u00e7\u00e3o Cidadania #TodosPorElas pelo Fim do Feminic\u00eddio acontece no<strong> pr\u00f3ximo s\u00e1bado (19\/07), das 8 \u00e0s 17 horas no Parque Jacques da Luz, no bairro Moreninhas (Rua Barreiras, s\/n).<\/strong><u><\/u><u><\/u><u><\/u>\u00a0<u><\/u><\/p>\n<p class=\"m_6886064452371081756MsoNoSpacing\" style=\"text-align: justify;\">O evento ir\u00e1 reunir mais de 90 institui\u00e7\u00f5es p\u00fablicas e privadas, lideran\u00e7as comunit\u00e1rias e sociedade civil, com o prop\u00f3sito de ampliar o acesso a direitos e servi\u00e7os essenciais \u00e0 popula\u00e7\u00e3o sul-mato-grossense, <strong>especialmente \u00e0s mulheres<\/strong>, promovendo dignidade, inclus\u00e3o e cidadania.<u><\/u><u><\/u><u><\/u>\u00a0<u><\/u><\/p>\n<p class=\"m_6886064452371081756MsoNoSpacing\" style=\"text-align: justify;\">Durante o evento, ser\u00e3o oferecidos atendimentos nas \u00e1reas de sa\u00fade, assist\u00eancia jur\u00eddica e social, emiss\u00e3o de documentos e rodas de conversa, al\u00e9m de atividades culturais e educativas voltadas para todas as idades.<u><\/u><u><\/u><u><\/u>\u00a0<u><\/u><\/p>\n<p class=\"m_6886064452371081756MsoNoSpacing\" style=\"text-align: justify;\">Entre os servi\u00e7os oferecidos pelos parceiros, est\u00e3o:<\/p>\n<p class=\"m_6886064452371081756MsoNoSpacing\" style=\"text-align: justify;\">Busca e emiss\u00e3o de 2\u00aa via de certid\u00f5es de nascimento, \u00f3bito e casamento; servi\u00e7os jur\u00eddicos familiares, tais como div\u00f3rcio, guarda, reconhecimento de paternidade e uni\u00e3o est\u00e1vel, cobran\u00e7a e exonera\u00e7\u00e3o de alimentos; oferta de vagas de emprego; imuniza\u00e7\u00e3o contra influenza a partir dos 6 meses; treinamento em primeiros socorros, preven\u00e7\u00e3o e promo\u00e7\u00e3o da sa\u00fade mental de m\u00e3es; bioimped\u00e2ncia, autocuidado e massagem, aferi\u00e7\u00e3o de press\u00e3o, cursos de capacita\u00e7\u00e3o profissional, cortes de cabelo e oferta de alimenta\u00e7\u00e3o no local.<u><\/u><u><\/u><u><\/u>\u00a0<u><\/u><\/p>\n<p class=\"m_6886064452371081756MsoNoSpacing\" style=\"text-align: justify;\">A realiza\u00e7\u00e3o \u00e9 do Sistema Fiems, com parceria da TV Morena, Assembleia Legislativa, Poder Judici\u00e1rio &#8211; Tribunal de Justi\u00e7a e Governo do Estado de Mato Grosso do Sul.<\/p>\n","protected":false},"excerpt":{"rendered":"<p>Em uma iniciativa in\u00e9dita, o Sistema Fiems e parceiros promovem o A\u00e7\u00e3o Cidadania #TodosPorElas pelo Fim do Feminic\u00eddio. O maior evento de cidadania de Mato Grosso do Sul ir\u00e1 levar conscientiza\u00e7\u00e3o sobre a seguran\u00e7a das mulheres e o combate \u00e0 viol\u00eancia de g\u00eanero.\u00a0 O A\u00e7\u00e3o Cidadania #TodosPorElas pelo Fim do Feminic\u00eddio acontece no pr\u00f3ximo s\u00e1bado [&hellip;]<\/p>\n","protected":false},"author":2,"featured_media":201379,"comment_status":"open","ping_status":"open","sticky":false,"template":"","format":"standard","meta":{"_monsterinsights_skip_tracking":false,"_monsterinsights_sitenote_active":false,"_monsterinsights_sitenote_note":"","_monsterinsights_sitenote_category":0},"categories":[4328],"tags":[41682,14833,31799,2887,24196],"aioseo_notices":[],"_links":{"self":[{"href":"https:\/\/mspontocom.com.br\/site\/wp-json\/wp\/v2\/posts\/201374"}],"collection":[{"href":"https:\/\/mspontocom.com.br\/site\/wp-json\/wp\/v2\/posts"}],"about":[{"href":"https:\/\/mspontocom.com.br\/site\/wp-json\/wp\/v2\/types\/post"}],"author":[{"embeddable":true,"href":"https:\/\/mspontocom.com.br\/site\/wp-json\/wp\/v2\/users\/2"}],"replies":[{"embeddable":true,"href":"https:\/\/mspontocom.com.br\/site\/wp-json\/wp\/v2\/comments?post=201374"}],"version-history":[{"count":2,"href":"https:\/\/mspontocom.com.br\/site\/wp-json\/wp\/v2\/posts\/201374\/revisions"}],"predecessor-version":[{"id":201380,"href":"https:\/\/mspontocom.com.br\/site\/wp-json\/wp\/v2\/posts\/201374\/revisions\/201380"}],"wp:featuredmedia":[{"embeddable":true,"href":"https:\/\/mspontocom.com.br\/site\/wp-json\/wp\/v2\/media\/201379"}],"wp:attachment":[{"href":"https:\/\/mspontocom.com.br\/site\/wp-json\/wp\/v2\/media?parent=201374"}],"wp:term":[{"taxonomy":"category","embeddable":true,"href":"https:\/\/mspontocom.com.br\/site\/wp-json\/wp\/v2\/categories?post=201374"},{"taxonomy":"post_tag","embeddable":true,"href":"https:\/\/mspontocom.com.br\/site\/wp-json\/wp\/v2\/tags?post=201374"}],"curies":[{"name":"wp","href":"https:\/\/api.w.org\/{rel}","templated":true}]}}